{"id":330462,"date":"2025-08-09T11:50:15","date_gmt":"2025-08-09T11:50:15","guid":{"rendered":"https:\/\/www.europesays.com\/uk\/330462\/"},"modified":"2025-08-09T11:50:15","modified_gmt":"2025-08-09T11:50:15","slug":"france-is-testing-the-rafale-f4-3","status":"publish","type":"post","link":"https:\/\/www.europesays.com\/uk\/330462\/","title":{"rendered":"France is Testing the Rafale F4.3"},"content":{"rendered":"<p>Preparing for the future of the Rafale, France conducted a test campaign to assess the current state of the F4.3 standard ahead of its final definition.<\/p>\n<p>The French Directorate General of Armaments (DGA) announced that the new <a href=\"https:\/\/theaviationist.com\/2025\/06\/26\/french-mirage-rafales-stratospheric-balloons\/\" target=\"_blank\" rel=\"noopener\">Rafale<\/a> F4.3 standard has been assessed during a short test campaign to evaluate the current state of its development. As part of the campaign, the aircraft were flown in operationally relevant scenarios, with a particular focus on connectivity and weapons.<\/p>\n<p>F4.3 testing<\/p>\n<p>Multiple agencies cooperated for the tests, including the DGA, the French Air and Space Force with its Military Air Expertise Center (CEAM), and the French Navy with its Naval Aeronautics Practical Experimentation and Reception Center (CEPA). Additionally, Dassault, Thales and MBDA also participated.<\/p>\n<p>In total, seven missions were flown during the <a href=\"https:\/\/www.defense.gouv.fr\/dga\/actualites\/envol-nouveau-standard-f43-du-rafale\" target=\"_blank\" rel=\"noopener\">campaign<\/a>, including scenarios in the air-to-air, air-to-ground and air-to-sea domains. Multiple assets were involved in the large-scale evaluation, including:<\/p>\n<ul>\n<li>Four Rafales in the role of \u201cblue air\u201d conducting the test mission;<\/li>\n<li>Up to four aircraft in \u201cred air\u201d role;<\/li>\n<li>The Horizon-class air defense frigate Chevalier Paul;<\/li>\n<li>An E-2C Hawkeye;<\/li>\n<li>A SAMP-T Mamba air defense system;<\/li>\n<li>An E-3F AWACS and an A330 MRTT Ph\u00e9nix tanker.<\/li>\n<\/ul>\n<p>These missions allowed to collect data for a performance assessment of the Rafale F4.3 standard, which will be used to inform the continuation of the development.\u00a0 Among the capabilities of the new F4.3 standard will be the new <a href=\"https:\/\/theaviationist.com\/2025\/06\/21\/first-mica-ng-test-fire\/\" target=\"_blank\" rel=\"noopener\">MICA NG<\/a> air-to-air missiles, an upgraded SPECTRA Electronic Warfare suite, the communication system CONTACT and the TALIOS targeting pod upgraded with AI algorithms.<\/p>\n<p>The evolution of the Rafale as part of the F4 variant includes three subvariants, with the F4.3 being the last before the announced F5. Here is an overview of the F4\u2019s subvariants.<\/p>\n<p><a href=\"https:\/\/theaviationist.com\/wp-content\/uploads\/2025\/03\/Image-1-Rafale-before-a-test-launch-scaled.jpg\" target=\"_blank\" rel=\"noopener\"><img loading=\"lazy\" decoding=\"async\" class=\"size-large wp-image-95836\" src=\"data:image\/svg+xml,%3Csvg%20xmlns=\" http:=\"\" alt=\"Luxeuil Nuclear Rafale F5\" width=\"706\" height=\"397\" data-lazy-src=\"https:\/\/www.europesays.com\/uk\/wp-content\/uploads\/2025\/08\/Image-1-Rafale-before-a-test-launch-706x397.jpg\"\/><\/a>Rafale B from Escadron de Chasse 2\/4 \u2018La Fayette\u2019 carrying an inert ASMP-A missile in 2019. (Image credit: Arm\u00e9e de l\u2019Air et de l\u2019Espace\/Laure-Anne Maucorps)<br \/>\nRafale F4.1<\/p>\n<p>The <a href=\"https:\/\/theaviationist.com\/2023\/04\/02\/rafale-f4-1-standard-qualified-for-fielding\/\" target=\"_blank\" rel=\"noopener\">F4.1 standard<\/a> marks the first major step in the Rafale\u2019s F4 upgrade roadmap, officially qualified by the French Direction G\u00e9n\u00e9rale de l\u2019Armement (DGA) in March 2023. This standard is focused on enhancing connectivity, sensor fusion, and operational capabilities, particularly in contested and network-centric environments.<\/p>\n<p>The Rafale F4.1 introduces significant software and hardware enhancements, aimed at improving the aircraft\u2019s multi-role versatility and survivability against modern threats. A key component is the integration of the <a href=\"https:\/\/theaviationist.com\/2024\/12\/01\/thales-talios-targeting-pod-ai-upgrade\/\" target=\"_blank\" rel=\"noopener\">TALIOS<\/a> (TArgeting Long-range Identification Optronic System) targeting pod, replacing the older Damocles.<\/p>\n<p>New capabilities were also introduced for the RBE2 AESA radar and the SPECTRA electronic warfare suite. The Helmet-Mounted Display was a long-waited capability for the Rafale, which was finally introduced on the F4.1 with the Thales Scorpion.<\/p>\n<p>The F4.1 standard is currently being fielded by the French Air and Space Force and Navy, with almost all aircraft now upgraded to this standard.<\/p>\n<p><a href=\"https:\/\/theaviationist.com\/wp-content\/uploads\/2024\/11\/Dassault-Rafale-top.jpg\" target=\"_blank\" rel=\"noopener\"><img loading=\"lazy\" decoding=\"async\" class=\"size-large wp-image-93089\" src=\"data:image\/svg+xml,%3Csvg%20xmlns=\" http:=\"\" alt=\"Dassault Rafale\" width=\"706\" height=\"397\" data-lazy-src=\"https:\/\/www.europesays.com\/uk\/wp-content\/uploads\/2025\/08\/Dassault-Rafale-top-706x397.jpg\"\/><\/a>Patrol flight of 2 Rafales: single-seater in \u201cfull Air-Air\u201d configuration (6 MICA + supersonic drop tank 1250L) and two-seater in mixed configuration (2x SCALP-EG + MICA + drop tanks 2000L). (Image credit: Dassault Rafale\/K. Tokunaga)<br \/>\nRafale F4.2<\/p>\n<p>The F4.2 standard builds upon the capabilities introduced in the F4.1, with a focus on deepening the aircraft\u2019s integration in connected combat systems and improving sensor interoperability, data fusion, and AI-assisted operations. This is considered a crucial step in preparing the Rafale for the highly networked future battlespace and collaborative combat.<\/p>\n<p>Among the new features are satellite communications (SATCOM), the introduction of the <a href=\"https:\/\/theaviationist.com\/2025\/03\/08\/french-navy-tested-link-22-indo-pacific-deployment\/\" target=\"_blank\" rel=\"noopener\">Link 16 Block 2<\/a>, the TRAGEDAC and CAPOEIRA (Connectivit\u00e9 am\u00e9lior\u00e9e pour les \u00e9volutions du Rafale, Enhanced connectivity for the evolution of the Rafale) systems. These systems will allow the Rafale to receive data from other aircraft in flight for passive targeting.<\/p>\n<p>The upgrades allow Rafale to operate more effectively in multi-domain operations, combining air, land, sea, cyber, and space inputs into a single operational picture. Upgrades to the TALIOS targeting pod and the OSF (Optronique secteur frontal\/ frontal sector optronics) will further improve the targeting capabilities.<\/p>\n<p>The F4.2 standard is not yet qualified, although it is expected to happen in the second half of the 2020s, and will be introduced on new-build aircraft as well as retrofitted into existing Rafales. Meanwhile, work is already ongoing on the F4.3 standard.<\/p>\n<p><a href=\"https:\/\/theaviationist.com\/wp-content\/uploads\/2024\/10\/France-Dassault-RafaleF5-UCAV-1.jpg\" target=\"_blank\" rel=\"noopener\"><img loading=\"lazy\" decoding=\"async\" class=\"size-large wp-image-91771\" src=\"data:image\/svg+xml,%3Csvg%20xmlns=\" http:=\"\" alt=\"\" width=\"706\" height=\"397\" data-lazy-src=\"https:\/\/www.europesays.com\/uk\/wp-content\/uploads\/2025\/08\/France-Dassault-RafaleF5-UCAV-1-706x397.jpg\"\/><\/a>A Dassault Rafale and the nEUROn in flight. (Image credit: Dassault Aviation)<br \/>\nRafale F4.3<\/p>\n<p>The F4.3 standard represents the final incremental step in the F4 upgrade cycle and acts as a transitional configuration between F4 and the future F5 standard. The latter should coincide with the introduction of manned-unmanned teaming and next-generation sensors and weapons.<\/p>\n<p>While fewer public details are available <a href=\"https:\/\/theaviationist.com\/2021\/06\/01\/rafale-f4-standard\/\" target=\"_blank\" rel=\"noopener\">compared to F4.1<\/a> and F4.2, F4.3 is expected to mature and refine the combat cloud and collaborative capabilities introduced in earlier phases. Among the few known capabilities of the new F4.3 standard will be the new MICA NG air-to-air missiles, an upgraded SPECTRA Electronic Warfare suite, the communication system CONTACT and the TALIOS targeting pod upgraded with AI algorithms.<\/p>\n<p>With F5 meant to act as a \u201cbridge\u201d towards the introduction of the <a href=\"https:\/\/theaviationist.com\/2025\/07\/13\/dassault-seeks-80percent-fcas-workshare\/\" target=\"_blank\" rel=\"noopener\">FCAS\/SCAF<\/a> next generation aircraft, advanced networking and sensor coordination might be another focus. A date for the introduction in service is not available but, with F5 set to be introduced around 2030, it is reasonable to believe F4.3 will be fielded in the late 2020s.<\/p>\n","protected":false},"excerpt":{"rendered":"Preparing for the future of the Rafale, France conducted a test campaign to assess the current state of&hellip;\n","protected":false},"author":2,"featured_media":330463,"comment_status":"","ping_status":"","sticky":false,"template":"","format":"standard","meta":{"footnotes":""},"categories":[5309],"tags":[17399,2000,299,36,17402,16841],"class_list":{"0":"post-330462","1":"post","2":"type-post","3":"status-publish","4":"format-standard","5":"has-post-thumbnail","7":"category-france","8":"tag-dassault-rafale","9":"tag-eu","10":"tag-europe","11":"tag-france","12":"tag-french-air-and-space-force","13":"tag-french-navy"},"share_on_mastodon":{"url":"https:\/\/pubeurope.com\/@uk\/114998661865084685","error":""},"_links":{"self":[{"href":"https:\/\/www.europesays.com\/uk\/wp-json\/wp\/v2\/posts\/330462","targetHints":{"allow":["GET"]}}],"collection":[{"href":"https:\/\/www.europesays.com\/uk\/wp-json\/wp\/v2\/posts"}],"about":[{"href":"https:\/\/www.europesays.com\/uk\/wp-json\/wp\/v2\/types\/post"}],"author":[{"embeddable":true,"href":"https:\/\/www.europesays.com\/uk\/wp-json\/wp\/v2\/users\/2"}],"replies":[{"embeddable":true,"href":"https:\/\/www.europesays.com\/uk\/wp-json\/wp\/v2\/comments?post=330462"}],"version-history":[{"count":0,"href":"https:\/\/www.europesays.com\/uk\/wp-json\/wp\/v2\/posts\/330462\/revisions"}],"wp:featuredmedia":[{"embeddable":true,"href":"https:\/\/www.europesays.com\/uk\/wp-json\/wp\/v2\/media\/330463"}],"wp:attachment":[{"href":"https:\/\/www.europesays.com\/uk\/wp-json\/wp\/v2\/media?parent=330462"}],"wp:term":[{"taxonomy":"category","embeddable":true,"href":"https:\/\/www.europesays.com\/uk\/wp-json\/wp\/v2\/categories?post=330462"},{"taxonomy":"post_tag","embeddable":true,"href":"https:\/\/www.europesays.com\/uk\/wp-json\/wp\/v2\/tags?post=330462"}],"curies":[{"name":"wp","href":"https:\/\/api.w.org\/{rel}","templated":true}]}}