{"id":344457,"date":"2025-08-14T17:56:16","date_gmt":"2025-08-14T17:56:16","guid":{"rendered":"https:\/\/www.europesays.com\/uk\/344457\/"},"modified":"2025-08-14T17:56:16","modified_gmt":"2025-08-14T17:56:16","slug":"bs-house-marxe-at","status":"publish","type":"post","link":"https:\/\/www.europesays.com\/uk\/344457\/","title":{"rendered":"BS House \/ MARXE a+t"},"content":{"rendered":"<p><a class=\"js-image-size__link \" href=\"https:\/\/www.archdaily.com\/1032918\/bs-house-marxe-a-plus-t\/688b9e174460050001e0d16a-bs-house-marxe-a-plus-t-photo\" rel=\"attachment noopener\" style=\"width: 100%; height: 100%;\" target=\"_blank\"><img decoding=\"async\" alt=\"BS House \/ MARXE a+t - Interior Photography, Wood\" data-nr-picture-id=\"688b9e174460050001e0d16a\" fetchpriority=\"high\" height=\"480\" itemprop=\"image\" loading=\"eager\" longdesc=\"https:\/\/www.archdaily.com\/1032918\/bs-house-marxe-a-plus-t\/688b9e174460050001e0d16a-bs-house-marxe-a-plus-t-photo\" src=\"https:\/\/www.europesays.com\/uk\/wp-content\/uploads\/2025\/08\/CASABS_MARXEat_foto_luis_diaz_diaz_04.jpg\" style=\"min-height: var(--featured-height, auto); aspect-ratio: auto 640 \/ 480\" width=\"640\"\/><\/a>\u00a9 Lu\u00eds D\u00edaz D\u00edaz<\/p>\n<p class=\"thumbs afd-desktop-e clearfix\"><a class=\"thumbs__link\" data-nr-picture-id=\"688b9e164460050001e0d168\" href=\"https:\/\/www.archdaily.com\/1032918\/bs-house-marxe-a-plus-t\/688b9e164460050001e0d168-bs-house-marxe-a-plus-t-photo\" rel=\"attachment noopener\" target=\"_blank\"><img loading=\"lazy\" decoding=\"async\" alt=\"BS House \/ MARXE a+t - Interior Photography, Living Room\" class=\"thumbs__img b-lazy\" data-nr-picture-id=\"688b9e164460050001e0d168\" data-pin-nopin=\"true\" src=\"https:\/\/www.europesays.com\/uk\/wp-content\/uploads\/2025\/08\/CASABS_MARXEat_foto_luis_diaz_diaz_02.jpg\" height=\"125\" longdesc=\"https:\/\/www.archdaily.com\/1032918\/bs-house-marxe-a-plus-t\/688b9e164460050001e0d168-bs-house-marxe-a-plus-t-photo\" title=\"\u00a9 Lu\u00eds D\u00edaz D\u00edaz\" width=\"125\"\/><\/a><a class=\"thumbs__link\" data-nr-picture-id=\"688b9e1b4460050001e0d17a\" href=\"https:\/\/www.archdaily.com\/1032918\/bs-house-marxe-a-plus-t\/688b9e1b4460050001e0d17a-bs-house-marxe-a-plus-t-photo\" rel=\"attachment noopener\" target=\"_blank\"><img loading=\"lazy\" decoding=\"async\" alt=\"BS House \/ MARXE a+t - Exterior Photography, Wood, Door, Concrete\" class=\"thumbs__img b-lazy\" data-nr-picture-id=\"688b9e1b4460050001e0d17a\" data-pin-nopin=\"true\" src=\"https:\/\/www.europesays.com\/uk\/wp-content\/uploads\/2025\/08\/CASABS_MARXEat_foto_luis_diaz_diaz_21.jpg\" height=\"125\" longdesc=\"https:\/\/www.archdaily.com\/1032918\/bs-house-marxe-a-plus-t\/688b9e1b4460050001e0d17a-bs-house-marxe-a-plus-t-photo\" title=\"\u00a9 Lu\u00eds D\u00edaz D\u00edaz\" width=\"125\"\/><\/a><a class=\"thumbs__link\" data-nr-picture-id=\"688b9e1a4460050001e0d173\" href=\"https:\/\/www.archdaily.com\/1032918\/bs-house-marxe-a-plus-t\/688b9e1a4460050001e0d173-bs-house-marxe-a-plus-t-photo\" rel=\"attachment noopener\" target=\"_blank\"><img loading=\"lazy\" decoding=\"async\" alt=\"BS House \/ MARXE a+t - Interior Photography, Kitchen, Wood, Beam\" class=\"thumbs__img b-lazy\" data-nr-picture-id=\"688b9e1a4460050001e0d173\" data-pin-nopin=\"true\" src=\"https:\/\/www.europesays.com\/uk\/wp-content\/uploads\/2025\/08\/CASABS_MARXEat_foto_luis_diaz_diaz_14.jpg\" height=\"125\" longdesc=\"https:\/\/www.archdaily.com\/1032918\/bs-house-marxe-a-plus-t\/688b9e1a4460050001e0d173-bs-house-marxe-a-plus-t-photo\" title=\"\u00a9 Lu\u00eds D\u00edaz D\u00edaz\" width=\"125\"\/><\/a><a class=\"thumbs__link\" data-nr-picture-id=\"688b9e1a4460050001e0d176\" href=\"https:\/\/www.archdaily.com\/1032918\/bs-house-marxe-a-plus-t\/688b9e1a4460050001e0d176-bs-house-marxe-a-plus-t-photo\" rel=\"attachment noopener\" target=\"_blank\"><img loading=\"lazy\" decoding=\"async\" alt=\"BS House \/ MARXE a+t - Image 5 of 24\" class=\"thumbs__img b-lazy\" data-nr-picture-id=\"688b9e1a4460050001e0d176\" data-pin-nopin=\"true\" src=\"https:\/\/www.europesays.com\/uk\/wp-content\/uploads\/2025\/08\/CASABS_MARXEat_foto_luis_diaz_diaz_17.jpg\" height=\"125\" longdesc=\"https:\/\/www.archdaily.com\/1032918\/bs-house-marxe-a-plus-t\/688b9e1a4460050001e0d176-bs-house-marxe-a-plus-t-photo\" title=\"\u00a9 Lu\u00eds D\u00edaz D\u00edaz\" width=\"125\"\/><\/a><a class=\"gallery-link afd-desktop-e\" href=\"https:\/\/www.archdaily.com\/1032918\/bs-house-marxe-a-plus-t\/688b9e174460050001e0d16a-bs-house-marxe-a-plus-t-photo\" target=\"_blank\" rel=\"noopener\"><img decoding=\"async\" alt=\"BS House \/ MARXE a+t - More Images\" class=\"thumbs__img b-lazy\" src=\"https:\/\/www.europesays.com\/uk\/wp-content\/uploads\/2025\/08\/CASABS_MARXEat_foto_luis_diaz_diaz_04.jpg\" itemprop=\"image\" bad-src=\"data:image\/gif;base64,R0lGODlhAQABAIAAAAUEBAAAACwAAAAAAQABAAACAkQBADs=\"\/>+ 19<\/a><\/p>\n<p>    Share<\/p>\n<p>Share<\/p>\n<ul class=\"afd-share__networks clearfix\">\n<li class=\"afd-share__social\"><a aria-label=\"Facebook\" class=\"afd-share__button\" data-insights-category=\"share\" data-insights-label=\"facebook_sharing_options\" data-insights-value=\"1032918\" data-social=\"facebook\" href=\"https:\/\/www.facebook.com\/sharer\/sharer.php?u=https:\/\/www.archdaily.com\/1032918\/bs-house-marxe-a-plus-t\" target=\"_blank\" rel=\"noopener\"><\/a>\n<p>Facebook<\/p>\n<\/li>\n<li class=\"afd-share__social\"><a aria-label=\"Twitter\" class=\"afd-share__button\" data-insights-category=\"share\" data-insights-label=\"twitter_sharing_options\" data-insights-value=\"1032918\" data-social=\"twitter\" href=\"https:\/\/twitter.com\/intent\/tweet?text=BS%20House%20%2F%20MARXE%20a%2Bt&amp;url=https:\/\/www.archdaily.com\/1032918\/bs-house-marxe-a-plus-t&amp;via=archdaily\" target=\"_blank\" rel=\"noopener\"><\/a>\n<p>Twitter<\/p>\n<\/li>\n<li class=\"afd-share__social\"><a class=\"afd-share__button\" data-insights-category=\"share\" data-insights-label=\"email_sharing_options\" data-insights-value=\"1032918\" data-social=\"email\" href=\"mailto:?subject=BS House \/ MARXE a+t&amp;body=https:\/\/www.archdaily.com\/1032918\/bs-house-marxe-a-plus-t\"><\/a>\n<p>Mail<\/p>\n<\/li>\n<li class=\"afd-share__social\"><a aria-label=\"Pinterest\" class=\"afd-share__button\" data-insights-category=\"share\" data-insights-label=\"pinterest_sharing_options\" data-insights-value=\"1032918\" data-social=\"pinterest\" href=\"https:\/\/pinterest.com\/pin\/create\/button\/?url=https%3A%2F%2Fwww.archdaily.com%2F1032918%2Fbs-house-marxe-a-plus-t&amp;media=https%3A%2F%2Fimages.adsttc.com%2Fmedia%2Fimages%2F688b%2F9e17%2F4460%2F0500%2F01e0%2Fd16a%2Flarge_jpg%2FCASABS_MARXEat_foto_luis_diaz_diaz_04.jpg%3F1753980461&amp;description=BS%20House%20%2F%20MARXE%20a%2Bt\" target=\"_blank\" rel=\"noopener\"><\/a>\n<p>Pinterest<\/p>\n<\/li>\n<li class=\"afd-share__social\"><a aria-label=\"Whatsapp\" class=\"afd-share__button\" data-action=\"share\/whatsapp\/share\" data-insights-category=\"share\" data-insights-label=\"whatsapp_sharing_options\" data-insights-value=\"1032918\" data-social=\"whatsapp\" href=\"whatsapp:\/\/send?text=BS+House+%2F+MARXE+a%2Bt+%7C+https%3A%2F%2Fwww.archdaily.com%2F1032918%2Fbs-house-marxe-a-plus-t%3Futm_source%3DWhatsapp%26utm_medium%3DIM%26utm_campaign%3Dshare-button\" rel=\"nofollow\"><\/a>\n<p>Whatsapp<\/p>\n<\/li>\n<\/ul>\n<p>Or<\/p>\n<p>https:\/\/www.archdaily.com\/1032918\/bs-house-marxe-a-plus-t<\/p>\n<ul class=\"afd-char-list afd-specs__item-container js-char-list\" wp_automatic_readability=\"-1.7179487179487\">\n<li class=\"afd-specs__item\">\n<\/li>\n<li class=\"afd-specs__item\">\n  Area<br \/>\n  Area of this architecture project<\/p>\n<p>Area:\u00a0<br \/>\n        <a href=\"https:\/\/www.archdaily.com\/search\/projects\/min_area\/168\/max_area\/252?ad_name=project-specs&amp;ad_medium=single\" target=\"_blank\" rel=\"noopener\">210<\/a> m\u00b2<\/li>\n<li class=\"afd-specs__item\">\n<p>  Year<br \/>\n  Completion year of this architecture project <\/p>\n<p>            Year:\u00a0<\/p>\n<p>                    <a href=\"https:\/\/www.archdaily.com\/search\/projects\/year\/2024?ad_name=project-specs&amp;ad_medium=single\" target=\"_blank\" rel=\"noopener\"><br \/>\n          2024<br \/>\n        <\/a><\/p>\n<\/li>\n<li class=\"afd-specs__item\">\n<p>  Photographs<\/p>\n<\/li>\n<li class=\"afd-specs__item\" wp_automatic_readability=\"-1\">\n<p>                Lead Architects:<\/p>\n<p>                Natalia Alvaredo y Javier Rocamonde<\/p>\n<\/li>\n<\/ul>\n<p><a class=\"js-image-size__link lazy-anchor\" href=\"https:\/\/www.archdaily.com\/1032918\/bs-house-marxe-a-plus-t\/688b9e1b4460050001e0d17a-bs-house-marxe-a-plus-t-photo\" target=\"_blank\" rel=\"noopener\"><img decoding=\"async\" alt=\"BS House \/ MARXE a+t - Exterior Photography, Wood, Door, Concrete\" data-nr-picture-id=\"688b9e1b4460050001e0d17a\" height=\"427\" itemprop=\"image\" loading=\"lazy\" longdesc=\"https:\/\/www.archdaily.com\/1032918\/bs-house-marxe-a-plus-t\/688b9e1b4460050001e0d17a-bs-house-marxe-a-plus-t-photo\" src=\"https:\/\/www.europesays.com\/uk\/wp-content\/uploads\/2025\/08\/1755194174_496_CASABS_MARXEat_foto_luis_diaz_diaz_21.jpg\" width=\"640\"\/>\u00a9 Lu\u00eds D\u00edaz D\u00edaz<\/a><\/p>\n<p>Text description provided by the architects. The house, located in one of the historic districts of <a href=\"https:\/\/www.archdaily.com\/tag\/santiago-de-compostela\" target=\"_blank\" rel=\"noopener\">Santiago de Compostela<\/a>, had suffered a series of renovations in recent decades that significantly diminished its heritage and spatial value. The initial goal of the developer was to enhance the architecture of the house and improve the living conditions and energy efficiency as much as possible, without altering the built volume of the house or increasing its surface area.<\/p>\n<p><img decoding=\"async\" src=\"https:\/\/www.europesays.com\/uk\/wp-content\/uploads\/2025\/06\/loader-blue.gif\" alt=\"Content Loader\" style=\"width: 40px; margin: 24px;\"\/><script async src=\"https:\/\/platform.twitter.com\/widgets.js\" charset=\"utf-8\"><\/script><\/p>\n","protected":false},"excerpt":{"rendered":"\u00a9 Lu\u00eds D\u00edaz D\u00edaz + 19 Share Share Facebook Twitter Mail Pinterest Whatsapp Or https:\/\/www.archdaily.com\/1032918\/bs-house-marxe-a-plus-t Area Area of&hellip;\n","protected":false},"author":2,"featured_media":344458,"comment_status":"","ping_status":"","sticky":false,"template":"","format":"standard","meta":{"footnotes":""},"categories":[3939],"tags":[4023,4021,4020,4022,77,7931,7930,11964,16,15],"class_list":{"0":"post-344457","1":"post","2":"type-post","3":"status-publish","4":"format-standard","5":"has-post-thumbnail","7":"category-arts-and-design","8":"tag-architecture","9":"tag-arts","10":"tag-arts-and-design","11":"tag-design","12":"tag-entertainment","13":"tag-houses","14":"tag-residential-architecture","15":"tag-santiago-de-compostela","16":"tag-uk","17":"tag-united-kingdom"},"share_on_mastodon":{"url":"https:\/\/pubeurope.com\/@uk\/115028412869925159","error":""},"_links":{"self":[{"href":"https:\/\/www.europesays.com\/uk\/wp-json\/wp\/v2\/posts\/344457","targetHints":{"allow":["GET"]}}],"collection":[{"href":"https:\/\/www.europesays.com\/uk\/wp-json\/wp\/v2\/posts"}],"about":[{"href":"https:\/\/www.europesays.com\/uk\/wp-json\/wp\/v2\/types\/post"}],"author":[{"embeddable":true,"href":"https:\/\/www.europesays.com\/uk\/wp-json\/wp\/v2\/users\/2"}],"replies":[{"embeddable":true,"href":"https:\/\/www.europesays.com\/uk\/wp-json\/wp\/v2\/comments?post=344457"}],"version-history":[{"count":0,"href":"https:\/\/www.europesays.com\/uk\/wp-json\/wp\/v2\/posts\/344457\/revisions"}],"wp:featuredmedia":[{"embeddable":true,"href":"https:\/\/www.europesays.com\/uk\/wp-json\/wp\/v2\/media\/344458"}],"wp:attachment":[{"href":"https:\/\/www.europesays.com\/uk\/wp-json\/wp\/v2\/media?parent=344457"}],"wp:term":[{"taxonomy":"category","embeddable":true,"href":"https:\/\/www.europesays.com\/uk\/wp-json\/wp\/v2\/categories?post=344457"},{"taxonomy":"post_tag","embeddable":true,"href":"https:\/\/www.europesays.com\/uk\/wp-json\/wp\/v2\/tags?post=344457"}],"curies":[{"name":"wp","href":"https:\/\/api.w.org\/{rel}","templated":true}]}}