{"id":348722,"date":"2025-08-16T08:46:14","date_gmt":"2025-08-16T08:46:14","guid":{"rendered":"https:\/\/www.europesays.com\/uk\/348722\/"},"modified":"2025-08-16T08:46:14","modified_gmt":"2025-08-16T08:46:14","slug":"unlike-any-other-kind-of-fear-wildfires-leave-their-mark-across-spain-spain","status":"publish","type":"post","link":"https:\/\/www.europesays.com\/uk\/348722\/","title":{"rendered":"\u2018Unlike any other kind of fear\u2019: wildfires leave their mark across Spain | Spain"},"content":{"rendered":"<p class=\"dcr-130mj7b\">On Saturday, the people of Pa\u00fcls will celebrate the feast of their patron saint, Sant Roc, with a mass, followed by a communal meal eaten at stone tables, jota folk dances and a profound and lingering sense of relief.<\/p>\n<p class=\"dcr-130mj7b\">Last month\u2019s wildfire \u2013 which turned the night skies a hellish orange, blackened the surrounding hills and <a href=\"https:\/\/elpais.com\/espana\/catalunya\/2025-07-09\/se-levanta-el-confinamiento-en-todos-los-municipios-menos-pauls-tarragona-por-el-incendio.html\" data-link-name=\"in body link\" target=\"_blank\" rel=\"noopener\">devoured 3,300 hectares<\/a> (8,154 acres) of land \u2013 was a near-disaster that stirred memories of the <a href=\"https:\/\/es.wikipedia.org\/wiki\/Incendio_en_Horta_de_San_Juan_(Tarragona)\" data-link-name=\"in body link\" target=\"_blank\" rel=\"noopener\">2009 blaze<\/a> in nearby Horta de Sant Joan that killed five firefighters.<\/p>\n<p class=\"dcr-130mj7b\">\u201cPeople were afraid that everything would burn and that they\u2019d lose everything,\u201d says Enric Adell, the mayor of the small Catalan mountain town. \u201cThey were scared of getting trapped and not being able to get out of the village.\u201d<\/p>\n<p class=\"dcr-130mj7b\">The fear of a fire like that, he adds, is unlike any other kind of fear.<\/p>\n<p><a data-name=\"placeholder\" href=\"https:\/\/interactive.guim.co.uk\/datawrapper\/embed\/lgvW7\/1\/\" class=\"dcr-1eupayo\" target=\"_blank\" rel=\"noopener\">Chart showing the increase in the land burned by wildfires in Spain<\/a><\/p>\n<p class=\"dcr-130mj7b\">\u201cWe\u2019ve been through a pandemic and a nationwide power cut and torrential rains, but a fire on this scale was something else \u2013 as was the aftermath,\u201d says Adell.<\/p>\n<p class=\"dcr-130mj7b\">In the hills above the village square, the charred trees are a reminder of what could have happened without the bravery of hundreds of firefighters, one of whom, <a href=\"https:\/\/www.elperiodico.com\/es\/sociedad\/20250710\/muere-auxiliar-forestal-trabajaba-extincion-119570717\" data-link-name=\"in body link\" target=\"_blank\" rel=\"noopener\">Antonio Serrano<\/a>, lost his life. Changing winds and sheer luck also played a part.<\/p>\n<p class=\"dcr-130mj7b\">\u201cWhen a fire hits,\u201d says the mayor, \u201cit really leaves its mark.\u201d<\/p>\n<p class=\"dcr-130mj7b\">This <a href=\"https:\/\/www.theguardian.com\/world\/2025\/aug\/13\/spain-wildfires-climate-crisis-heatwave\" data-link-name=\"in body link\" target=\"_blank\" rel=\"noopener\">summer\u2019s fires<\/a> have already left their mark across the length and breadth of Spain, from Galicia and Castilla y Le\u00f3n in the north-west to Catalonia in the north-east, from <a href=\"https:\/\/www.theguardian.com\/world\/2025\/aug\/12\/tres-cantos-wildfire-spain-destruction\" data-link-name=\"in body link\" target=\"_blank\" rel=\"noopener\">the smart suburbs outside Madrid<\/a> to Extremadura in the south-west, and all the way down to the beaches of Tarifa in Andaluc\u00eda.<\/p>\n<p>A man runs away from the flames during a wildfire in the province of Ourense. Photograph: Miguel Riopa\/AFP\/Getty Images<\/p>\n<p class=\"dcr-130mj7b\">As well as panic and the increasingly familiar tang of smoke, this year\u2019s fires have brought with them a sense of deja vu.<\/p>\n<p class=\"dcr-130mj7b\">The hot, deadly summer of 2022 yielded images that laid bare Spain\u2019s huge vulnerability as the effects of the climate emergency became increasingly plain. Footage that <a href=\"https:\/\/www.theguardian.com\/world\/2022\/jul\/19\/spanish-man-treated-for-serious-burns-after-escaping-wildfire\" data-link-name=\"in body link\" target=\"_blank\" rel=\"noopener\">went around the world that July<\/a> showed \u00c1ngel Mart\u00edn, a 53-year-old man from T\u00e1bara in Castilla y Le\u00f3n, using one of his excavators to try to stop the fires in the Sierra de la Culebra reaching the town. In the video, the machine is engulfed by the flames before Mart\u00edn runs out of the inferno, the clothes burning off his frame. Mart\u00edn, <a href=\"https:\/\/www.theguardian.com\/world\/2023\/jul\/11\/everyone-loved-angel-spanish-town-still-grieving-for-hero-who-fought-wildfires\" data-link-name=\"in body link\" target=\"_blank\" rel=\"noopener\">a much-loved figure in T\u00e1bara<\/a>, suffered burns to 80% of his body and died in hospital three months later.<\/p>\n<p class=\"dcr-130mj7b\">Three years on, <a href=\"https:\/\/www.theguardian.com\/world\/spain\" data-link-name=\"in body link\" data-component=\"auto-linked-tag\" target=\"_blank\" rel=\"noopener\">Spain<\/a> is once again on the defensive.<\/p>\n<p class=\"dcr-130mj7b\">\u201cThe fires are one of the parts of the impact of that climate change, which is why we have to do all we can when it comes to prevention,\u201d <a href=\"https:\/\/cadenaser.com\/nacional\/2025\/08\/13\/aagesen-carga-contra-el-negacionismo-climatico-y-apuesta-por-la-profesionalizacion-total-de-los-servicios-de-extincion-del-fuego-cadena-ser\/\" data-link-name=\"in body link\" target=\"_blank\" rel=\"noopener\">the country\u2019s environment minister, Sara Aagesen, told Cadena Ser radio<\/a> this week.<\/p>\n<p class=\"dcr-130mj7b\">\u201cOur country is especially vulnerable to climate change. We have resources now but, given that the scientific evidence and the general expectation point to it having an ever greater impact, we need to work to reinforce and professionalise those resources.\u201d<\/p>\n<p>A resident of Pa\u00fcls found his horse after it ran away, scared by the fire. Photograph: Anadolu\/Getty ImagesOn the climate emergency frontline<\/p>\n<p class=\"dcr-130mj7b\">As politicians engage in blame games, experts warn, once again, that all the <a href=\"https:\/\/elpais.com\/espana\/2025-08-14\/el-pp-acusa-al-gobierno-de-contratar-menos-medios-antiincendios-por-no-tener-presupuestos.html\" data-link-name=\"in body link\" target=\"_blank\" rel=\"noopener\">bickering over the number of water-dumping planes<\/a> misses the point. The current spate of fires, they add, was entirely predictable and underlines the need for a fundamental rethink of land use and management in a continent that is on the frontline of the climate emergency.<\/p>\n<p class=\"dcr-130mj7b\">\u201cThis year\u2019s fires are basically on the same level as those we saw in 2022 and 2023,\u201d says Marc Castellnou, the head of forestry for the Catalan regional fire department and a fire analyst at the University of Lleida.<\/p>\n<p class=\"dcr-130mj7b\">\u201cSince 2017, we\u2019ve seen this change towards more extreme fires \u2026 It\u2019s nothing new \u2013 and it\u2019s happening because climate change is bringing higher temperatures for much longer periods.\u201d<\/p>\n<p class=\"dcr-130mj7b\">The dynamics are not hard to discern. If you have annual heatwaves that arrive one after the other \u2013 and last longer and longer \u2013 in a country where decades of rural depopulation have left huge areas of land untended, overgrown or given over to homogenous cultivation, then you will have massive fires that are getting harder to fight. As one Spanish scientist noted <a href=\"https:\/\/www.eldiario.es\/sociedad\/espana-sucesion-incendios-devastadores-ingredientes-coctel-molotov_1_12528344.html\" data-link-name=\"in body link\" target=\"_blank\" rel=\"noopener\">earlier this week<\/a>: \u201cWe have all the ingredients for the molotov cocktail we\u2019re seeing right now.\u201d<\/p>\n<p>Wildfires are increasingly caused by accidents or negligence and are spreading because of landscape change as well as climate change. Photograph: Miguel Riopa\/AFP\/Getty Images<\/p>\n<p class=\"dcr-130mj7b\">Cristina Montiel, a professor at Madrid\u2019s Complutense University and an expert in forest fires and land use, says that while Spain\u2019s firefighters and other emergency services are doing an \u201cextraordinarily magnificent\u201d job that is keeping far greater disasters at bay, the problem lies with society as a whole.<\/p>\n<p class=\"dcr-130mj7b\">Despite the annual fires and the abundance of evidence, she says, \u201cit turns out that we are not \u2013 and we do not want to be \u2013 aware of the danger in which we\u2019re living\u201d. If we were even a little aware, she adds, \u201cwe would take the measures and decisions to protect ourselves\u201d. Fifty years ago, says Montiel, most forest fires were intentional. But today\u2019s forest fires are increasingly caused by accidents or negligence and are spreading so voraciously because of two factors: landscape change and climate change.<\/p>\n<p class=\"dcr-130mj7b\">It is an explosive combination. This year\u2019s heavy spring rains led to an increase in plant growth that has now been dried out by successive heatwaves, leaving all that combustible vegetation, much of it in neglected areas, ready to serve as fuel for the fires. The situation is further complicated by <a href=\"https:\/\/www.theguardian.com\/environment\/2023\/nov\/02\/flash-droughts-increasing-climate-weather-wildfires\" data-link-name=\"in body link\" target=\"_blank\" rel=\"noopener\">the phenomenon of \u201cflash droughts\u201d<\/a>, which can quickly dry out even well-irrigated agricultural land, and which are likely to become more common as global heating continues.<\/p>\n<p class=\"dcr-130mj7b\">Pa\u00fcls is a case in point. Its population has dwindled over the decades and fewer and fewer people in the area work the land because of the shrinking economic rewards.<\/p>\n<p class=\"dcr-130mj7b\">\u201cIf there were 100 people working the land before, now there are 30,\u201d says Adell. \u201cIf the same policies continue and things remain as hard as they are, then in a few years, there\u2019ll be almost no one.\u201d<\/p>\n<p><a data-ignore=\"global-link-styling\" href=\"#EmailSignup-skip-link-27\" class=\"dcr-jzxpee\">skip past newsletter promotion<\/a><\/p>\n<p class=\"dcr-rsfwa\">Sign up to This is Europe<\/p>\n<p class=\"dcr-1xjndtj\">The most pressing stories and debates for Europeans \u2013 from identity to economics to the environment<\/p>\n<p><strong>Privacy Notice: <\/strong>Newsletters may contain info about charities, online ads, and content funded by outside parties. For more information see our <a data-ignore=\"global-link-styling\" href=\"https:\/\/www.theguardian.com\/help\/privacy-policy\" rel=\"noreferrer noopener\" class=\"dcr-1rjy2q9\" target=\"_blank\">Privacy Policy<\/a>. We use Google reCaptcha to protect our website and the Google <a data-ignore=\"global-link-styling\" href=\"https:\/\/policies.google.com\/privacy\" rel=\"noreferrer noopener\" class=\"dcr-1rjy2q9\" target=\"_blank\">Privacy Policy<\/a> and <a data-ignore=\"global-link-styling\" href=\"https:\/\/policies.google.com\/terms\" rel=\"noreferrer noopener\" class=\"dcr-1rjy2q9\" target=\"_blank\">Terms of Service<\/a> apply.<\/p>\n<p id=\"EmailSignup-skip-link-27\" tabindex=\"0\" aria-label=\"after newsletter promotion\" role=\"note\" class=\"dcr-jzxpee\">after newsletter promotion<\/p>\n<p>A vehicle burned by the Pa\u00fcls fire in Aldover. Photograph: Europa Press News\/Getty Images<\/p>\n<p class=\"dcr-130mj7b\">All those years of abandonment had left ravines, gullies and pine forests overgrown and made them into temperature-activated timebombs. Last month\u2019s fire, says the mayor, was simply uncontrollable: \u201cWe saw that there was no way of stopping it.\u201d<\/p>\n<p class=\"dcr-130mj7b\">If there is much truth in the idea that preparation is all \u2013 and in the old maxim that \u201cfires are put out in winter\u201d \u2013 the challenge now lies in undoing decades of neglect and bad planning that have seen the landscape forgotten and the appearance of housing developments in hazardous places.<\/p>\n<p class=\"dcr-130mj7b\">But Montiel cautions that the much-needed rethink will be neither quick nor easy.<\/p>\n<p class=\"dcr-130mj7b\">\u201cIf things took a turn for the worse 50 years ago, we can now start changing them for the better,\u201d she says. \u201cBut you can\u2019t think that starting to change things now will pay off within two summers because that isn\u2019t true. These things are processes.\u201d<\/p>\n<p>\u2018Fire Flocks\u2019 of sheep and goats<\/p>\n<p class=\"dcr-130mj7b\">There are, however, already some signs that the message is getting through. After the Horta de Sant Joan fire 16 years ago, a group of shepherds approached the Catalan fire department to ask what they could do to prevent more blazes.<\/p>\n<p class=\"dcr-130mj7b\">The result was the <a href=\"https:\/\/www.ramatsdefoc.org\/en\/\" data-link-name=\"in body link\" target=\"_blank\" rel=\"noopener\">Ramats de Foc<\/a> (Fire Flocks) scheme, in which shepherds coordinate with firefighters to graze flocks of sheep and goats in areas with a high density of undergrowth and therefore high risk of fire.<\/p>\n<p>A herd of goats guided by nomadic shepherds graze around urban areas to create natural firebreaks near Santa Susana in Catalonia. Photograph: Albert Gea\/Reuters<\/p>\n<p class=\"dcr-130mj7b\">In areas cleared by the ruminants, firefighters have better access and, as there is less undergrowth, it is also easier to bring fires under control should they break out.<\/p>\n<p class=\"dcr-130mj7b\">\u201cWe don\u2019t need more helicopters or firefighters,\u201d says Marc Arcarons, who coordinates the initiative, which was launched in Girona in 2017 under the aegis of the not-for-profit Pau Costa Foundation. \u201cWe could buy 200 more helicopters and it won\u2019t solve the problem. It\u2019s all about prevention and management.\u201d<\/p>\n<blockquote class=\"dcr-zzndwp\"><p>There\u2019s no point talking about more aeroplanes. By thinking we just need to put them out we\u2019re creating an unsustainable situation<\/p><\/blockquote>\n<p class=\"dcr-130mj7b\">The scheme also helps shepherds increase their existing incomes as those who participate can sell their meat or cheese at a premium as certified Ramats de Foc, so consumers know the produce is contributing to the preservation of the environment and the survival of traditional agriculture.<\/p>\n<p class=\"dcr-130mj7b\">About 120 shepherds have joined the project, which covers about 8,000 hectares (20,000 acres) in Catalonia. Similar schemes are planned or under way in the Canary Islands and Andaluc\u00eda.<\/p>\n<p class=\"dcr-130mj7b\">Arcarons says that depopulation \u2013 and decreasing dependence on woodlands for building material and grazing since the 1960s \u2013 has caused what was once a patchwork of vineyards, olive groves and wheat fields to revert to dense forest.<\/p>\n<p class=\"dcr-130mj7b\">Fast-growing and highly flammable pines dominated, undergrowth flourished and this, combined with climate change and more frequent and longer periods of drought, has led to fires that are extremely difficult to control.<\/p>\n<p class=\"dcr-130mj7b\">\u201cIt\u2019s like a chimney,\u201d says Arcarons. \u201cIf you keep throwing wood on the fire eventually the chimney will catch fire and the house will burn down.\u201d<\/p>\n<p class=\"dcr-130mj7b\">Castellnou agrees that without adapting our landscapes to the realities of climate breakdown, we are sealing our fate.<\/p>\n<p class=\"dcr-130mj7b\">\u201cThere\u2019s no point talking about more aeroplanes,\u201d he says. \u201cIf we limit our capacity for extinguishing fires by thinking we just need enough equipment to put them out then we\u2019re creating an unsustainable, artificial situation for summer after summer of extreme weather.\u201d<\/p>\n","protected":false},"excerpt":{"rendered":"On Saturday, the people of Pa\u00fcls will celebrate the feast of their patron saint, Sant Roc, with a&hellip;\n","protected":false},"author":2,"featured_media":348723,"comment_status":"","ping_status":"","sticky":false,"template":"","format":"standard","meta":{"footnotes":""},"categories":[5],"tags":[12,26],"class_list":{"0":"post-348722","1":"post","2":"type-post","3":"status-publish","4":"format-standard","5":"has-post-thumbnail","7":"category-world","8":"tag-news","9":"tag-world"},"share_on_mastodon":{"url":"https:\/\/pubeurope.com\/@uk\/115037574538296038","error":""},"_links":{"self":[{"href":"https:\/\/www.europesays.com\/uk\/wp-json\/wp\/v2\/posts\/348722","targetHints":{"allow":["GET"]}}],"collection":[{"href":"https:\/\/www.europesays.com\/uk\/wp-json\/wp\/v2\/posts"}],"about":[{"href":"https:\/\/www.europesays.com\/uk\/wp-json\/wp\/v2\/types\/post"}],"author":[{"embeddable":true,"href":"https:\/\/www.europesays.com\/uk\/wp-json\/wp\/v2\/users\/2"}],"replies":[{"embeddable":true,"href":"https:\/\/www.europesays.com\/uk\/wp-json\/wp\/v2\/comments?post=348722"}],"version-history":[{"count":0,"href":"https:\/\/www.europesays.com\/uk\/wp-json\/wp\/v2\/posts\/348722\/revisions"}],"wp:featuredmedia":[{"embeddable":true,"href":"https:\/\/www.europesays.com\/uk\/wp-json\/wp\/v2\/media\/348723"}],"wp:attachment":[{"href":"https:\/\/www.europesays.com\/uk\/wp-json\/wp\/v2\/media?parent=348722"}],"wp:term":[{"taxonomy":"category","embeddable":true,"href":"https:\/\/www.europesays.com\/uk\/wp-json\/wp\/v2\/categories?post=348722"},{"taxonomy":"post_tag","embeddable":true,"href":"https:\/\/www.europesays.com\/uk\/wp-json\/wp\/v2\/tags?post=348722"}],"curies":[{"name":"wp","href":"https:\/\/api.w.org\/{rel}","templated":true}]}}