{"id":350903,"date":"2025-08-17T05:22:13","date_gmt":"2025-08-17T05:22:13","guid":{"rendered":"https:\/\/www.europesays.com\/uk\/350903\/"},"modified":"2025-08-17T05:22:13","modified_gmt":"2025-08-17T05:22:13","slug":"mathis-chambon-selectionne-en-equipe-de-france-u17","status":"publish","type":"post","link":"https:\/\/www.europesays.com\/uk\/350903\/","title":{"rendered":"Mathis Chambon s\u00e9lectionn\u00e9 en \u00e9quipe de France U17"},"content":{"rendered":"<p>Le s\u00e9lectionneur de l\u2019\u00e9quipe de France U17, Jos\u00e9 Alcocer, a convoqu\u00e9 34 joueurs, pour participer \u00e0 un stage de rentr\u00e9e au CNF Clairefontaine du 17 ao\u00fbt 2025 au 21 ao\u00fbt 2025. Le lat\u00e9ral des U19 Nationaux du <a href=\"https:\/\/onefootball.com\/en\/team\/montpellier-260\" target=\"_blank\" rel=\"noopener\">Montpellier<\/a> H\u00e9rault Sport Club, Mathis Chambon, fait partie de cette liste.<\/p>\n<p>Les jeunes fran\u00e7ais rencontrent Le Havre U19 le mercredi 20 ao\u00fbt 2025 et l\u2019\u00e9quipe de France U16 le jeudi 21 ao\u00fbt 2025.<\/p>\n","protected":false},"excerpt":{"rendered":"Le s\u00e9lectionneur de l\u2019\u00e9quipe de France U17, Jos\u00e9 Alcocer, a convoqu\u00e9 34 joueurs, pour participer \u00e0 un stage&hellip;\n","protected":false},"author":2,"featured_media":350904,"comment_status":"","ping_status":"","sticky":false,"template":"","format":"standard","meta":{"footnotes":""},"categories":[5309],"tags":[2000,299,36],"class_list":{"0":"post-350903","1":"post","2":"type-post","3":"status-publish","4":"format-standard","5":"has-post-thumbnail","7":"category-france","8":"tag-eu","9":"tag-europe","10":"tag-france"},"share_on_mastodon":{"url":"https:\/\/pubeurope.com\/@uk\/115042434749576894","error":""},"_links":{"self":[{"href":"https:\/\/www.europesays.com\/uk\/wp-json\/wp\/v2\/posts\/350903","targetHints":{"allow":["GET"]}}],"collection":[{"href":"https:\/\/www.europesays.com\/uk\/wp-json\/wp\/v2\/posts"}],"about":[{"href":"https:\/\/www.europesays.com\/uk\/wp-json\/wp\/v2\/types\/post"}],"author":[{"embeddable":true,"href":"https:\/\/www.europesays.com\/uk\/wp-json\/wp\/v2\/users\/2"}],"replies":[{"embeddable":true,"href":"https:\/\/www.europesays.com\/uk\/wp-json\/wp\/v2\/comments?post=350903"}],"version-history":[{"count":0,"href":"https:\/\/www.europesays.com\/uk\/wp-json\/wp\/v2\/posts\/350903\/revisions"}],"wp:featuredmedia":[{"embeddable":true,"href":"https:\/\/www.europesays.com\/uk\/wp-json\/wp\/v2\/media\/350904"}],"wp:attachment":[{"href":"https:\/\/www.europesays.com\/uk\/wp-json\/wp\/v2\/media?parent=350903"}],"wp:term":[{"taxonomy":"category","embeddable":true,"href":"https:\/\/www.europesays.com\/uk\/wp-json\/wp\/v2\/categories?post=350903"},{"taxonomy":"post_tag","embeddable":true,"href":"https:\/\/www.europesays.com\/uk\/wp-json\/wp\/v2\/tags?post=350903"}],"curies":[{"name":"wp","href":"https:\/\/api.w.org\/{rel}","templated":true}]}}