{"id":358350,"date":"2025-08-20T02:50:09","date_gmt":"2025-08-20T02:50:09","guid":{"rendered":"https:\/\/www.europesays.com\/uk\/358350\/"},"modified":"2025-08-20T02:50:09","modified_gmt":"2025-08-20T02:50:09","slug":"europes-free-speech-problem-the-atlantic","status":"publish","type":"post","link":"https:\/\/www.europesays.com\/uk\/358350\/","title":{"rendered":"Europe\u2019s Free-Speech Problem &#8211; The Atlantic"},"content":{"rendered":"<p class=\"ArticleParagraph_root__4mszW ArticleParagraph_dropcap__uIVzg\" data-flatplan-paragraph=\"true\" data-flatplan-dropcap=\"true\">American officials are waging a multifront attack on Europe\u2019s approach to free speech. This month, a congressional delegation traveled to Dublin, Brussels, and London to <a data-event-element=\"inline link\" href=\"https:\/\/judiciary.house.gov\/media\/press-releases\/foreign-censorship-threat-how-european-unions-digital-services-act-compels\" target=\"_blank\" rel=\"noopener\">probe and decry<\/a> European regulations on digital speech. A State Department human-rights assessment <a data-event-element=\"inline link\" href=\"https:\/\/www.cbsnews.com\/news\/human-rights-reports-2024-el-salvador-u-k-germany\/\" target=\"_blank\" rel=\"noopener\">issued last week<\/a> pointed to objectionable \u201crestrictions on freedom of expression\u201d in France, Germany, and the United Kingdom. All of this follows Vice President J. D. Vance\u2019s speech in February at the Munich Security Conference, where he accused European leaders of retreating from the continent\u2019s \u201cmost fundamental values,\u201d including free expression.<\/p>\n<p class=\"ArticleParagraph_root__4mszW\" data-flatplan-paragraph=\"true\">These assessments might seem untrustworthy, given the flagrant transgressions against free-speech principles from the Trump administration and its allies. But the fact is that European leaders are corroding the right to free expression, and show every sign of sliding further down a slippery slope into illiberalism.<\/p>\n<p class=\"ArticleParagraph_root__4mszW\" data-flatplan-paragraph=\"true\">Europe and the United States have always had different free-speech cultures. In the postwar era, both confronted the question of how tolerant societies should treat intolerant factions. Much of Europe concluded that, although free speech is important, views that <a data-event-element=\"inline link\" href=\"https:\/\/warwick.ac.uk\/fac\/arts\/history\/students\/modules\/hi290\/seminars\/revolution\/lowenstein_militant_democracy_i.pdf\" target=\"_blank\" rel=\"noopener\">threaten democracy itself<\/a> are different and can be criminalized; see laws in <a data-event-element=\"inline link\" href=\"https:\/\/en.wikipedia.org\/wiki\/Bans_on_Nazi_symbols\" target=\"_blank\" rel=\"noopener\">various European states<\/a> against Nazi propaganda. In contrast, the American system protected expression as vile as neo-Nazis marching through a town of Holocaust survivors because, by First Amendment logic, fascist speech poses less of a danger than enabling the state itself to engage in viewpoint discrimination. Despite these differences, both Europe and America mostly expanded speech protections in the 20th century and <a data-event-element=\"inline link\" href=\"https:\/\/www.britannica.com\/topic\/obscenity\/Developments-in-the-20th-century\" target=\"_blank\" rel=\"noopener\">pulled back from censorship<\/a>, <a data-event-element=\"inline link\" href=\"https:\/\/en.wikipedia.org\/wiki\/The_End_of_History_and_the_Last_Man\" target=\"_blank\" rel=\"noopener\">seeming to converge on liberal values<\/a> by the time the Iron Curtain fell and the internet spread.<\/p>\n<p class=\"ArticleParagraph_root__4mszW\" data-flatplan-paragraph=\"true\">Now Europe and the United States are diverging. Never mind enduring disagreements about how to treat Nazis and other would-be totalitarians. Europe today, in both its individual countries and its shared continental governance, is criminalizing more and more speech that doesn\u2019t come close to American thresholds for incitement or harassment.<\/p>\n<p id=\"injected-recirculation-link-0\" class=\"ArticleRelatedContentLink_root__VYc9V\" data-view-action=\"view link - injected link - item 1\" data-event-element=\"injected link\" data-event-position=\"1\"><a href=\"https:\/\/www.theatlantic.com\/ideas\/archive\/2024\/01\/hopkins-germany-freedom-speech\/676926\/\" target=\"_blank\" rel=\"noopener\">James Kirchick: What happens where free speech is unprotected<\/a><\/p>\n<p class=\"ArticleParagraph_root__4mszW\" data-flatplan-paragraph=\"true\">The shift has been gradual, emerging in landmark cases at the European Court of Human Rights, as well as in legislation at the national level. But the new reality is stark. Last year, Amnesty International (hardly a Trump-administration ally) <a data-event-element=\"inline link\" href=\"https:\/\/www.amnesty.org\/en\/latest\/news\/2024\/07\/europe-sweeping-pattern-of-systematic-attacks-and-restrictions-undermine-peaceful-protest\/\" target=\"_blank\" rel=\"noopener\">published a report<\/a> about what the organization\u2019s secretary-general, Agn\u00e8s Callamard, called a \u201cEurope-wide onslaught against the right to protest\u201d; the report documented examples of restrictive laws, use of excessive police force, and arbitrary arrest. It\u2019s not just protests. European judges have signed off on the criminalization of the kinds of hate speech that, while easy to revile, pose nothing like Hitlerite peril. When a middle-aged mother lashes out at asylum seekers in a social-media post (later deleted), or a pro-Palestinian marcher chants a slogan that some but not all see as genocidal, or a flyer calls gays \u201cdeviants,\u201d a tolerant society can exercise forbearance and respond with counterspeech. European states are often deploying handcuffs instead. And European leaders are pushing to expand the speech that can get a person thrown in prison.<\/p>\n<p class=\"ArticleParagraph_root__4mszW\" data-flatplan-paragraph=\"true\">Unfortunately, the Trump administration is so hypocritical on free expression, so unpopular in Europe, and so undiplomatic that it and its supporters are poorly positioned to persuade Europeans to reverse course. But at a time when freedom of expression is <a data-event-element=\"inline link\" href=\"https:\/\/www.globalexpressionreport.org\/\" target=\"_blank\" rel=\"noopener\">under attack across the globe<\/a>, fighting for the expressive rights of Europeans is still worthwhile.<\/p>\n<p class=\"ArticleParagraph_root__4mszW ArticleParagraph_dropcap__uIVzg\" data-flatplan-paragraph=\"true\" data-flatplan-dropcap=\"true\">The American system, of course, isn\u2019t absolutist about freedom of expression or permissive of all hate speech. Speech can be punished if it is a \u201ctrue threat\u201d that intentionally or recklessly makes its target fear violence, or if it constitutes harassment, libel, or incitement. But the U.S. has a very clear, very high threshold for incitement: Per the 1969 Supreme Court case Brandenburg v. Ohio, the speech must be directed toward \u201cproducing imminent lawless action\u201d and \u201clikely to incite or produce such action.\u201d<\/p>\n<p class=\"ArticleParagraph_root__4mszW\" data-flatplan-paragraph=\"true\">In Europe, the picture is more complicated. The member states of the Council of Europe all have their own laws and are bound by the 1953 European Convention on Human Rights, which states that \u201ceveryone has the right to freedom of expression,\u201d including freedom \u201cto receive and impart information and ideas without interference.\u201d But the same treaty notes that member states can restrict that right to advance national security, territorial integrity, or public safety; to prevent disorder or crime; to protect health or morals; and more.<\/p>\n<p class=\"ArticleParagraph_root__4mszW\" data-flatplan-paragraph=\"true\">Since shortly after its inception in 1959, the European Court of Human Rights, also known as the Strasbourg Court, has heard cases of alleged violations of the 1953 convention. The court\u2019s strongest precedent affirming liberal free-speech values was articulated in a 1976 case called Handyside v. United Kingdom. In it, the court actually ruled in favor of the British government\u2019s censorship of a book, for schoolchildren, whose content was deemed obscene. Yet its judgment stated that, in general, freedom of expression is \u201capplicable not only to \u2018information\u2019 or \u2018ideas\u2019 that are favourably\u201d or indifferently received, \u201cbut also to those that offend, shock or disturb the State or any sector of the population.\u201d That ethos would be a powerful bulwark for expressive rights, if enforced. Yet in a series of rulings that began in the aughts, the court betrayed that ethos until it was all but abandoned.<\/p>\n<p class=\"ArticleParagraph_root__4mszW\" data-flatplan-paragraph=\"true\">One influential case, in 2009, concerned Daniel F\u00e9ret, a Belgian politician who founded a far-right political party. He published <a data-event-element=\"inline link\" href=\"https:\/\/futurefreespeech.org\/feret-v-belgium\/#:~:text=The%20Chairman%20of%20Belgium&#039;s%20National,no%20violation%20of%20Article%2010.\" target=\"_blank\" rel=\"noopener\">campaign leaflets<\/a> that included statements such as \u201cstop the Islamization of Belgium\u201d and \u201csave our people from the risk posed by Islam, the conqueror.\u201d A Belgian court convicted F\u00e9ret of inciting discrimination, hatred, or violence, and punished him with a suspended prison sentence, 250 hours of community service, and 10 years of ineligibility for office. His punishment \u201chad the legitimate aims of preventing disorder,\u201d the court ruled, stating that \u201cincitation to hatred\u201d need not involve calls \u201cfor specific acts of violence.\u201d Rather, \u201cinsults, ridicule or defamation aimed at specific population groups or incitation to discrimination, as in this case, sufficed.\u201d Punishing insults that could lead to discrimination is a much lower standard than punishing calls for imminent violence that are also likely to lead to it.<\/p>\n<p class=\"ArticleParagraph_root__4mszW\" data-flatplan-paragraph=\"true\">In a 2012 case, Vejdeland and Others v. Sweden, four Swedes challenged their conviction for distributing to high schoolers leaflets that called homosexuality a \u201cdeviant sexual proclivity\u201d and argued that promiscuous gays were responsible for spreading HIV. The court ruled that discrimination based on sexual orientation is as serious as racial discrimination, and that although the four Swedes might have been trying to initiate debate on \u201ca question of public interest,\u201d they had a duty to avoid \u201cas far as possible\u201d statements that are \u201cunwarrantably offensive,\u201d such as disparaging homosexuals as a group. How far such a duty to avoid offense might extend was unclear. In 2015, the court <a data-event-element=\"inline link\" href=\"https:\/\/hudoc.echr.coe.int\/eng#%7B%22itemid%22:%5B%22001-160358%22%5D%7D\" target=\"_blank\" rel=\"noopener\">concluded<\/a> that European states could be justified in punishing speech that is contrary to the \u201cunderlying values\u201d or \u201cspirit\u201d of the European Convention on Human Rights, \u201cnamely justice and peace,\u201d but didn\u2019t clearly define those values or set forth a test for what violates them.<\/p>\n<p class=\"ArticleParagraph_root__4mszW\" data-flatplan-paragraph=\"true\">With online speech offering national authorities more occasions to launch prosecutions, the court set another speech-chilling precedent in 2015: An online news portal in Estonia could be punished for failing to remove hateful comments posted beneath a news article that itself was unobjectionable, <a data-event-element=\"inline link\" href=\"https:\/\/globalfreedomofexpression.columbia.edu\/cases\/delfi-as-v-estonia\/\" target=\"_blank\" rel=\"noopener\">the court found<\/a>. In a similar case, in 2023, the court ruled against a far-right politician from France, Julien Sanchez, who had been punished for failing to delete hateful comments left beneath a Facebook post he wrote, even though he apparently hadn\u2019t seen the comments. That ruling included the sweeping statement that because \u201ctolerance and respect for the equal dignity of all\u201d are foundational in a pluralistic democracy, \u201cit may be considered necessary in certain democratic societies to penalise or even prevent all forms of expression that propagate, encourage, promote or justify hatred based on intolerance.\u201d Not only must wrongthink be banned, the court suggested; justifying the wrongthink of others, or failing to adequately monitor and censor it, can be penalized, too.<\/p>\n<p class=\"ArticleParagraph_root__4mszW\" data-flatplan-paragraph=\"true\">All of those precedents come from the judicial body charged with protecting free-speech rights. <a data-event-element=\"inline link\" href=\"https:\/\/reason.com\/people\/natalie-alkiviadou\/\" target=\"_blank\" rel=\"noopener\">Natalie Alkiviadou<\/a>, the author of <a data-event-element=\"inline link\" href=\"https:\/\/bookshop.org\/p\/books\/hate-speech-and-the-european-court-of-human-rights-natalie-alkiviadou\/22281331?ean=9781032909240&amp;next=t&amp;affiliate=12476\" target=\"_blank\" rel=\"noopener\">Hate Speech and the European Court of Human Rights<\/a>, <a data-event-element=\"inline link\" href=\"https:\/\/reason.com\/volokh\/2025\/07\/15\/hate-speech-and-the-european-court-of-human-rights-hate-speech-its-effects-and-the-question-of-regulation\/\" target=\"_blank\" rel=\"noopener\">observed recently<\/a> that although the court has long invoked the necessity of protecting democracy in restricting speech, its reasoning \u201chas drifted far from those original aims.\u201d Now that the court has justified criminalizing so many other forms of speech, no European citizen can trust that the court retains its bygone commitment to protecting ideas that \u201coffend, shock or disturb the State or any sector of the population.\u201d<\/p>\n<p class=\"ArticleParagraph_root__4mszW ArticleParagraph_dropcap__uIVzg\" data-flatplan-paragraph=\"true\" data-flatplan-dropcap=\"true\">By repeatedly prioritizing other goods above expressive rights, the European court helped create the conditions for the free-speech crackdowns now seen in numerous countries.<\/p>\n<p class=\"ArticleParagraph_root__4mszW\" data-flatplan-paragraph=\"true\">Germany has a unique history that informs its speech restrictions, which are motivated in part by a desire to prevent anything like the Holocaust from happening again. But Iris Hefets, an Israeli-born activist, believed that she was trying to stop a human-rights atrocity when she was <a data-event-element=\"inline link\" href=\"https:\/\/www.aljazeera.com\/news\/2024\/4\/1\/we-jews-are-just-arrested-palestinians-are-beaten-german-protesters\" target=\"_blank\" rel=\"noopener\">arrested<\/a> at a protest in Berlin for holding a sign that said As a Jew and Israeli, stop the genocide in Gaza. Although she was not criminally charged in that incident, she has been arrested on two other occasions for nonviolent pro-Palestinian protests. A German court <a data-event-element=\"inline link\" href=\"https:\/\/www.theguardian.com\/world\/article\/2024\/aug\/06\/german-court-due-to-rule-on-from-the-river-to-the-sea-case-in-test-of-free-speech\" target=\"_blank\" rel=\"noopener\">convicted<\/a> another activist for leading a \u201cFrom the river to the sea, Palestine will be free\u201d chant in Berlin. Jacob Mchangama, an academic who researches freedom of expression in Europe, reported earlier this year that German police investigations of online speech \u201chappen to literally thousands of people,\u201d including <a data-event-element=\"inline link\" href=\"https:\/\/www.augsburg.tv\/mediathek\/video\/urteil-im-fall-pimmelgate-sued-geldstrafe-fuer-augsburger-klimaaktivist\/\" target=\"_blank\" rel=\"noopener\">climate activists<\/a>, <a data-event-element=\"inline link\" href=\"https:\/\/www.berlin.de\/polizei\/polizeimeldungen\/2024\/pressemitteilung.1427272.php\" target=\"_blank\" rel=\"noopener\">pro-Palestinian activists<\/a>, and <a data-event-element=\"inline link\" href=\"https:\/\/www.nytimes.com\/2022\/09\/23\/technology\/germany-internet-speech-arrest.html\" target=\"_blank\" rel=\"noopener\">ordinary people<\/a>. \u201cEven posting a book cover on X that features a barely visible swastika on a facemask\u2014intended to draw sarcastic parallels between COVID policies and Nazi-era policies\u2014can lead to a <a data-event-element=\"inline link\" href=\"https:\/\/www.tagesspiegel.de\/berlin\/hakenkreuz-auf-maske-montiert-berliner-kammergericht-spricht-us-autor-cj-hopkins-wegen-volksverhetzung-schuldig-12461681.html\" target=\"_blank\" rel=\"noopener\">criminal conviction<\/a> for displaying prohibited symbols,\u201d he wrote.<\/p>\n<p id=\"injected-recirculation-link-1\" class=\"ArticleRelatedContentLink_root__VYc9V\" data-view-action=\"view link - injected link - item 2\" data-event-element=\"injected link\" data-event-position=\"2\"><a href=\"https:\/\/www.theatlantic.com\/ideas\/archive\/2018\/10\/europe-rules-against-free-speech\/574369\/\" target=\"_blank\" rel=\"noopener\">Simon Cottee: A flawed European ruling on free speech<\/a><\/p>\n<p class=\"ArticleParagraph_root__4mszW\" data-flatplan-paragraph=\"true\">Denmark has <a data-event-element=\"inline link\" href=\"https:\/\/www.loc.gov\/item\/global-legal-monitor\/2023-12-14\/denmark-parliament-approves-government-amendment-of-penal-code-criminalizing-inappropriate-treatment-of-holy-texts\/\" target=\"_blank\" rel=\"noopener\">criminalized<\/a> the inappropriate treatment of holy texts. In Switzerland, a man was fined and <a data-event-element=\"inline link\" href=\"https:\/\/www.swissinfo.ch\/eng\/identities\/swiss-court-upholds-conviction-of-far-right-essayist-for-homophobic-remarks\/75981926\" target=\"_blank\" rel=\"noopener\">sent to prison<\/a> for 40 days, a sentence upheld last year on appeal, for calling a journalist a \u201cfat activist lesbian\u201d and saying that queer means \u201cdegenerate.\u201d After police in Austria <a data-event-element=\"inline link\" href=\"https:\/\/www.supporthafez.com\/open-letter\/\" target=\"_blank\" rel=\"noopener\">raided the home of a Muslim academic at gunpoint<\/a>, a regional court cited his work on Islamophobia as justification. A court sentenced <a data-event-element=\"inline link\" href=\"https:\/\/www.yahoo.com\/news\/czech-teacher-receives-suspended-sentence-143039862.html\" target=\"_blank\" rel=\"noopener\">a Czech teacher<\/a> to a prison term (which was suspended), probation, and the loss of her ability to teach for three years for telling her class that Russia\u2019s invasion of Ukraine was justified.<\/p>\n<p class=\"ArticleParagraph_root__4mszW\" data-flatplan-paragraph=\"true\">In Britain, Lucy Connolly, a middle-aged British mother, is serving a 31-month prison sentence for \u201cdistributing material with the intention of stirring up racial hatred.\u201d After hearing inaccurate rumors that an asylum seeker had committed a crime, she <a data-event-element=\"inline link\" href=\"https:\/\/www.judiciary.uk\/wp-content\/uploads\/2024\/10\/Connollysentence.pdf\" target=\"_blank\" rel=\"noopener\">posted on social media<\/a> the vile message, \u201cMass deportation now, set fire to all the fucking hotels full of the bastards for all I care, while you\u2019re at it take the treacherous government and politicians with them.\u201d She soon deleted the message. The length of Connolly\u2019s sentence has sparked widespread backlash in the country; critics point to criminals who have received lesser punishments for perpetrating actual violence. Just this month, in London, NPR <a data-event-element=\"inline link\" href=\"https:\/\/www.npr.org\/2025\/08\/11\/nx-s1-5498378\/uk-police-say-more-than-500-people-arrested-in-pro-palestinian-events-over-weekend\" target=\"_blank\" rel=\"noopener\">reported<\/a>, 532 people were arrested when supporters of a pro-Palestinian group recently banned as a terrorist organization gathered to protest.<\/p>\n<p class=\"ArticleParagraph_root__4mszW\" data-flatplan-paragraph=\"true\">As important are Britons who have broken no laws but have been harassed by police. In 2023, for example, Julian Foulkes, a retired police officer, implied that a pro-Palestinian social-media post was anti-Semitic, writing that the person who posted it was \u201cone step away from storming Heathrow looking for Jewish arrivals.\u201d The police, who perhaps misunderstood the post, handcuffed him and seized his electronic devices. Later, they \u201capologised to Mr Foulkes, removed a caution from his record and would hold a review,\u201d the BBC <a data-event-element=\"inline link\" href=\"https:\/\/www.bbc.com\/news\/articles\/c0j718we6njo\" target=\"_blank\" rel=\"noopener\">reported<\/a>. When citizens know that speech cops might show up at their door with handcuffs for an unremarkable post, even speech that censorious laws permit gets chilled.<\/p>\n<p class=\"ArticleParagraph_root__4mszW\" data-flatplan-paragraph=\"true\">European leaders are <a data-event-element=\"inline link\" href=\"https:\/\/www.europarl.europa.eu\/RegData\/etudes\/BRIE\/2024\/762389\/EPRS_BRI(2024)762389_EN.pdf\" target=\"_blank\" rel=\"noopener\">pushing<\/a> for even more sweeping restrictions. In part, they seek to expand the categories of persons that, according to the Council of Europe, are protected from incitement to hatred or discrimination to include gender, disability, sexual orientation, language, and age, in addition to already protected categories (race, color, religion, and descent or national or ethnic origin). Many are pushing to expand what counts as hate speech, too. In a 2022 strategy paper on how to better combat hate speech, the Council of Europe defined it as \u201call types of expression that incite, promote, spread or justify violence, hatred or discrimination against a person or group of persons\u201d\u2013\u2013note that justifying hatred is a lower standard than advocating it. The European Commission has been pushing a proposal to require that all European Union states make hate speech a crime. And in 2024, the European Parliament urged the European Commission to adopt an open-ended approach to the sorts of discrimination that are banned, rather than a closed list, so that authorities \u201ccan adapt to changing social dynamics.\u201d<\/p>\n<p class=\"ArticleParagraph_root__4mszW ArticleParagraph_dropcap__uIVzg\" data-flatplan-paragraph=\"true\" data-flatplan-dropcap=\"true\">Criminalizing more and more expansive conceptions of hate speech and applying them to more and more classes of Europeans doesn\u2019t just infringe on individual rights. It risks a number of social ills, including beyond Europe.<\/p>\n<p class=\"ArticleParagraph_root__4mszW\" data-flatplan-paragraph=\"true\">Eugene Volokh, a First Amendment scholar at Stanford\u2019s Hoover Institution, <a data-event-element=\"inline link\" href=\"https:\/\/reason.com\/volokh\/2023\/11\/13\/censorship-envy-2\/\" target=\"_blank\" rel=\"noopener\">has argued<\/a> that humans tend to have \u201ccensorship envy\u201d: Once my neighbor gets to ban speech that offends him, I feel entitled to ban speech that I revile. This begets efforts to criminalize more speech over time, and can radicalize those who feel they must stand by as others censor. Former ACLU President Nadine Strossen <a data-event-element=\"inline link\" href=\"https:\/\/digitalcommons.nyls.edu\/cgi\/viewcontent.cgi?article=2388&amp;context=fac_articles_chapters&amp;utm_source=chatgpt.com\" target=\"_blank\" rel=\"noopener\">has pointed out<\/a> that when censorship succeeds in causing hateful people to express their ideas in private but never in public, others lose \u201cthe opportunity to dissuade them and to monitor their conduct.\u201d And Greg Lukianoff, the head of the Foundation for Individual Rights and Expression, has argued that censorship is ineffective. \u201cSince the widespread passage of hate speech codes in Europe, religious and ethnic intolerance there has gone up,\u201d he <a data-event-element=\"inline link\" href=\"https:\/\/www.thefire.org\/news\/blogs\/eternally-radical-idea\/hate-speech-laws-backfire-part-3-answers-bad-arguments-against\" target=\"_blank\" rel=\"noopener\">wrote in 2021<\/a>.<\/p>\n<p class=\"ArticleParagraph_root__4mszW\" data-flatplan-paragraph=\"true\">Europeans might retort that the American system, too, has failed to stop threats to freedom of expression. The Trump administration has sued news outlets, used anti-discrimination law to crack down on student protesters, and more, in some instances targeting European citizens. After R\u00fcmeysa \u00d6zt\u00fcrk, a Turkish national studying at Tufts University, wrote an op-ed in the student newspaper that criticized campus administrators for their response to the war in Gaza, the administration suspended her visa and put her in immigration detention.<\/p>\n<p id=\"injected-recirculation-link-2\" class=\"ArticleRelatedContentLink_root__VYc9V\" data-view-action=\"view link - injected link - item 3\" data-event-element=\"injected link\" data-event-position=\"3\"><a href=\"https:\/\/www.theatlantic.com\/newsletters\/archive\/2025\/02\/trump-musk-press-freedom\/681777\/\" target=\"_blank\" rel=\"noopener\">David A. Graham: The free-speech phonies<\/a><\/p>\n<p class=\"ArticleParagraph_root__4mszW\" data-flatplan-paragraph=\"true\">But a First Amendment lawsuit helped free \u00d6zt\u00fcrk. And First Amendment protections constrain Donald Trump from detaining American citizens in the same fashion, while some citizens of Europe find themselves jailed in their own countries for political speech. Under the approach that many European leaders favor, Trump could indict half of Bluesky. And if internet companies all begin censoring speech globally by suppressing everything that could conceivably be illegal in Europe, Americans, including Trump critics, will be stifled.<\/p>\n<p class=\"ArticleParagraph_root__4mszW\" data-flatplan-paragraph=\"true\">For many with liberal values, or who are averse to criminalizing viewpoints, the kinds of prohibitions that the United States puts on speech go far enough\u2014and Europe\u2019s promiscuous prohibitions go too far. Should the right gain more power on the continent (as it has done in Hungary, with dire consequences for free speech), more centrist European leaders could soon realize the risks of the infrastructure they are building to surveil and punish hate speech. Any authoritarian could exploit that infrastructure to disastrous effects. Already, European leaders do more illiberal chilling of speech than Trump, who is doing enough of it himself to prevent America from leading by example.<\/p>\n","protected":false},"excerpt":{"rendered":"American officials are waging a multifront attack on Europe\u2019s approach to free speech. This month, a congressional delegation&hellip;\n","protected":false},"author":2,"featured_media":358351,"comment_status":"","ping_status":"","sticky":false,"template":"","format":"standard","meta":{"footnotes":""},"categories":[5174],"tags":[2000,299,5187],"class_list":{"0":"post-358350","1":"post","2":"type-post","3":"status-publish","4":"format-standard","5":"has-post-thumbnail","7":"category-eu","8":"tag-eu","9":"tag-europe","10":"tag-european"},"share_on_mastodon":{"url":"https:\/\/pubeurope.com\/@uk\/115058823862844361","error":""},"_links":{"self":[{"href":"https:\/\/www.europesays.com\/uk\/wp-json\/wp\/v2\/posts\/358350","targetHints":{"allow":["GET"]}}],"collection":[{"href":"https:\/\/www.europesays.com\/uk\/wp-json\/wp\/v2\/posts"}],"about":[{"href":"https:\/\/www.europesays.com\/uk\/wp-json\/wp\/v2\/types\/post"}],"author":[{"embeddable":true,"href":"https:\/\/www.europesays.com\/uk\/wp-json\/wp\/v2\/users\/2"}],"replies":[{"embeddable":true,"href":"https:\/\/www.europesays.com\/uk\/wp-json\/wp\/v2\/comments?post=358350"}],"version-history":[{"count":0,"href":"https:\/\/www.europesays.com\/uk\/wp-json\/wp\/v2\/posts\/358350\/revisions"}],"wp:featuredmedia":[{"embeddable":true,"href":"https:\/\/www.europesays.com\/uk\/wp-json\/wp\/v2\/media\/358351"}],"wp:attachment":[{"href":"https:\/\/www.europesays.com\/uk\/wp-json\/wp\/v2\/media?parent=358350"}],"wp:term":[{"taxonomy":"category","embeddable":true,"href":"https:\/\/www.europesays.com\/uk\/wp-json\/wp\/v2\/categories?post=358350"},{"taxonomy":"post_tag","embeddable":true,"href":"https:\/\/www.europesays.com\/uk\/wp-json\/wp\/v2\/tags?post=358350"}],"curies":[{"name":"wp","href":"https:\/\/api.w.org\/{rel}","templated":true}]}}