{"id":361181,"date":"2025-08-21T04:34:38","date_gmt":"2025-08-21T04:34:38","guid":{"rendered":"https:\/\/www.europesays.com\/uk\/361181\/"},"modified":"2025-08-21T04:34:38","modified_gmt":"2025-08-21T04:34:38","slug":"kneecaps-mo-chara-in-court-man-arrested-over-support-for-palestine-action-after-rappers-terror-case-heard-in-london","status":"publish","type":"post","link":"https:\/\/www.europesays.com\/uk\/361181\/","title":{"rendered":"Kneecap&#8217;s Mo Chara in court: Man arrested over support for\u00a0Palestine Action after\u00a0rapper\u2019s terror case heard in London"},"content":{"rendered":"<p class=\"beltel-ebe0ecc6_root beltel-ebe0ecc6_paragraph beltel-300db776_none beltel-91174671_primary beltel-1d70522a_marginbottom5 beltel-1d70522a_margintop0 beltel-b48c4984_inherit\" style=\"color:var(--color-primary-80)\">The man was detained by police outside the court building at around 1pm because of a placard he was holding following the hearing.<\/p>\n<p class=\"beltel-ebe0ecc6_root beltel-ebe0ecc6_paragraph beltel-300db776_none beltel-91174671_primary beltel-1d70522a_marginbottom5 beltel-1d70522a_margintop0 beltel-b48c4984_inherit\" style=\"color:var(--color-primary-80)\">A Met Police spokesperson said: \u201cA man remains in police custody after being arrested on suspicion of supporting a proscribed terrorist group, Palestine Action, in Marylebone Road, NW1 this morning.\u201d<\/p>\n<p class=\"beltel-ebe0ecc6_root beltel-ebe0ecc6_paragraph beltel-300db776_none beltel-91174671_primary beltel-1d70522a_marginbottom5 beltel-1d70522a_margintop0 beltel-b48c4984_inherit\" style=\"color:var(--color-primary-80)\">It comes as the Kneecap rapper faces a month-long wait to find out whether his terrorism charge will be thrown out.<\/p>\n<p class=\"beltel-ebe0ecc6_root beltel-ebe0ecc6_paragraph beltel-300db776_none beltel-91174671_primary beltel-1d70522a_marginbottom5 beltel-1d70522a_margintop0 beltel-b48c4984_inherit\" style=\"color:var(--color-primary-80)\">O hAnnaidh, who performs under the stage name Mo Chara, was once again greeted by hundreds of fans as he arrived at Westminster Magistrates\u2019 Court on Wednesday for a three-hour hearing.<\/p>\n<p>  Kneecap\u2019s Mo Chara\u2019s terror charge case judgement delayed over technical legal argument  <\/p>\n<p><a href=\"https:\/\/podcasts.apple.com\/gb\/podcast\/beltel\/id1620386537\" target=\"_blank\" rel=\"noopener\"><img decoding=\"async\" alt=\"Listen on Apple Podcasts\" src=\"https:\/\/www.belfasttelegraph.co.uk\/editorial\/web\/podcasts\/listenonapple.svg\" style=\"width:40%\"\/> <\/a> <a href=\"https:\/\/open.spotify.com\/show\/0APbk8WmDsaEocbdaqrOzf\" target=\"_blank\" rel=\"noopener\"> <img decoding=\"async\" alt=\"Listen on Spotify\" src=\"https:\/\/www.europesays.com\/uk\/wp-content\/uploads\/2025\/04\/spotify330x80.png\" style=\"width:40%\"\/> <\/a><\/p>\n<p class=\"beltel-ebe0ecc6_root beltel-ebe0ecc6_paragraph beltel-300db776_none beltel-91174671_primary beltel-1d70522a_marginbottom5 beltel-1d70522a_margintop0 beltel-b48c4984_inherit\" style=\"color:var(--color-primary-80)\">Prosecutors allege the 27-year-old, who followed some of the proceedings through an Irish interpreter, displayed a flag in support of proscribed terror organisation Hezbollah at a gig at the O2 Forum in Kentish Town, north London, in November last year.<\/p>\n<p class=\"beltel-ebe0ecc6_root beltel-ebe0ecc6_paragraph beltel-300db776_none beltel-91174671_primary beltel-1d70522a_marginbottom5 beltel-1d70522a_margintop0 beltel-b48c4984_inherit\" style=\"color:var(--color-primary-80)\">During Wednesday\u2019s hearing, his defence team argued the case should be thrown out, citing a technical error in the way the charge against him was brought.<\/p>\n<p><img decoding=\"async\" alt=\"Rapper Liam \u00d3g \u00d3 hAnnaidh (Mo Chara) of Kneecap arrives at Westminster Magistrates Court (Wiktor Szymanowicz\/Future Publishing via Getty Images)\" src=\"https:\/\/www.europesays.com\/uk\/wp-content\/uploads\/2025\/08\/f82a825a-713f-48ef-9eac-a37c4c22230f.jpg\" loading=\"lazy\" width=\"100%\" data-testid=\"article-image\"  \/><\/p>\n<p class=\"beltel-ebe0ecc6_root beltel-ebe0ecc6_caption1 beltel-300db776_none beltel-91174671_secondary beltel-66f0fec7_regular beltel-1d70522a_marginbottom0 beltel-1d70522a_marginleft0 beltel-1d70522a_marginright0 beltel-1d70522a_margintop3 beltel-b48c4984_left\" style=\"color:var(--color-grey-60)\">Rapper Liam \u00d3g \u00d3 hAnnaidh (Mo Chara) of Kneecap arrives at Westminster Magistrates Court (Wiktor Szymanowicz\/Future Publishing via Getty Images)<\/p>\n<p class=\"beltel-ebe0ecc6_root beltel-ebe0ecc6_paragraph beltel-300db776_none beltel-91174671_primary beltel-1d70522a_marginbottom5 beltel-1d70522a_margintop0 beltel-b48c4984_inherit\" style=\"color:var(--color-primary-80)\">Brenda Campbell KC told the court the Attorney General had not given permission for the case to be brought against the defendant when police informed him he was to face a terror charge on May 21.<\/p>\n<p class=\"beltel-ebe0ecc6_root beltel-ebe0ecc6_paragraph beltel-300db776_none beltel-91174671_primary beltel-1d70522a_marginbottom5 beltel-1d70522a_margintop0 beltel-b48c4984_inherit\" style=\"color:var(--color-primary-80)\">She said consent was given the following day, but that meant the charge falls outside of the six-month time frame in which criminal charges against a defendant can be brought.<\/p>\n<p class=\"beltel-ebe0ecc6_root beltel-ebe0ecc6_paragraph beltel-300db776_none beltel-91174671_primary beltel-1d70522a_marginbottom5 beltel-1d70522a_margintop0 beltel-b48c4984_inherit\" style=\"color:var(--color-primary-80)\">Prosecutor Michael Bisgrove said permission was not required until the defendant\u2019s first court appearance and that permission did not need to be sought in order to bring a criminal charge.<\/p>\n<p class=\"beltel-ebe0ecc6_root beltel-ebe0ecc6_paragraph beltel-300db776_none beltel-91174671_primary beltel-1d70522a_marginbottom5 beltel-1d70522a_margintop0 beltel-b48c4984_inherit\" style=\"color:var(--color-primary-80)\">Chief Magistrate Paul Goldspring adjourned the case until September 26, when he will rule on whether he has the jurisdiction to try the case.<\/p>\n<p class=\"beltel-ebe0ecc6_root beltel-ebe0ecc6_paragraph beltel-300db776_none beltel-91174671_primary beltel-1d70522a_marginbottom5 beltel-1d70522a_margintop0 beltel-b48c4984_inherit\" style=\"color:var(--color-primary-80)\">Hundreds of Kneecap supporters waving flags and holding banners greeted O hAnnaidh as he arrived at court alongside fellow bandmates Naoise O Caireallain and JJ O Dochartaigh.<\/p>\n<p><img decoding=\"async\" alt=\"Supporters of Kneecap's Liam Og O hAnnaidh outside Westminster Magistrates' Court. Photo: Ben Whitley\/PA Wire\" src=\"https:\/\/www.europesays.com\/uk\/wp-content\/uploads\/2025\/08\/COURTS Kn (45).jpg\" loading=\"lazy\" width=\"100%\" data-testid=\"article-image\"  \/><\/p>\n<p class=\"beltel-ebe0ecc6_root beltel-ebe0ecc6_caption1 beltel-300db776_none beltel-91174671_secondary beltel-66f0fec7_regular beltel-1d70522a_marginbottom0 beltel-1d70522a_marginleft0 beltel-1d70522a_marginright0 beltel-1d70522a_margintop3 beltel-b48c4984_left\" style=\"color:var(--color-grey-60)\">Supporters of Kneecap&#8217;s Liam Og O hAnnaidh outside Westminster Magistrates&#8217; Court. Photo: Ben Whitley\/PA Wire<\/p>\n<p class=\"beltel-ebe0ecc6_root beltel-ebe0ecc6_paragraph beltel-300db776_none beltel-91174671_primary beltel-1d70522a_marginbottom5 beltel-1d70522a_margintop0 beltel-b48c4984_inherit\" style=\"color:var(--color-primary-80)\">Demonstrations in support of the rapper were organised outside the court building in London, as well as in Dublin.<\/p>\n<p class=\"beltel-ebe0ecc6_root beltel-ebe0ecc6_paragraph beltel-300db776_none beltel-91174671_primary beltel-1d70522a_marginbottom5 beltel-1d70522a_margintop0 beltel-b48c4984_inherit\" style=\"color:var(--color-primary-80)\">The Metropolitan Police imposed conditions limiting where the demonstration outside the court could take place, saying they were needed to \u201cprevent serious disruption\u201d.<\/p>\n<p class=\"beltel-ebe0ecc6_root beltel-ebe0ecc6_paragraph beltel-300db776_none beltel-91174671_primary beltel-1d70522a_marginbottom5 beltel-1d70522a_margintop0 beltel-b48c4984_inherit\" style=\"color:var(--color-primary-80)\">A man was detained by police outside the court building because of a placard he was holding following the hearing.<\/p>\n<p class=\"beltel-ebe0ecc6_root beltel-ebe0ecc6_paragraph beltel-300db776_none beltel-91174671_primary beltel-1d70522a_marginbottom5 beltel-1d70522a_margintop0 beltel-b48c4984_inherit\" style=\"color:var(--color-primary-80)\">The Met said the suspect remains in custody on suspicion of supporting proscribed terrorist group Palestine Action.<\/p>\n<p class=\"beltel-ebe0ecc6_root beltel-ebe0ecc6_paragraph beltel-300db776_none beltel-91174671_primary beltel-1d70522a_marginbottom5 beltel-1d70522a_margintop0 beltel-b48c4984_inherit\" style=\"color:var(--color-primary-80)\">Surrounded by officers, he told reporters his hand-made sign made no reference to any proscribed organisations.<\/p>\n<p class=\"beltel-ebe0ecc6_root beltel-ebe0ecc6_paragraph beltel-300db776_none beltel-91174671_primary beltel-1d70522a_marginbottom5 beltel-1d70522a_margintop0 beltel-b48c4984_inherit\" style=\"color:var(--color-primary-80)\">O hAnnaidh was swamped by photographers as he arrived, with security officers taking more than a minute to usher him into the court building.<\/p>\n<p><img decoding=\"async\" alt=\"Kneecap's Liam Og O hAnnaidh, speaks to supporters as he leaves Westminster Magistrates' Court. Photo: Lucy North\/PA Wire\" src=\"https:\/\/www.europesays.com\/uk\/wp-content\/uploads\/2025\/08\/1b37da90-a0f0-46c3-8e06-2d2e68165cba.jpg\" loading=\"eager\" width=\"100%\" data-testid=\"article-image\"  \/><\/p>\n<p class=\"beltel-ebe0ecc6_root beltel-ebe0ecc6_caption1 beltel-300db776_none beltel-91174671_secondary beltel-66f0fec7_regular beltel-1d70522a_marginbottom0 beltel-1d70522a_marginleft0 beltel-1d70522a_marginright0 beltel-1d70522a_margintop3 beltel-b48c4984_left\" style=\"color:var(--color-grey-60)\">Kneecap&#8217;s Liam Og O hAnnaidh, speaks to supporters as he leaves Westminster Magistrates&#8217; Court. Photo: Lucy North\/PA Wire<\/p>\n<p class=\"beltel-ebe0ecc6_root beltel-ebe0ecc6_caption1 beltel-300db776_none beltel-91174671_secondary beltel-66f0fec7_regular beltel-1d70522a_marginbottom0 beltel-1d70522a_marginleft0 beltel-1d70522a_marginright0 beltel-1d70522a_margintop3 beltel-b48c4984_left\" style=\"color:var(--color-grey-60)\">Watch: Crowds outside Westminster court as Liam \u00d3g \u00d3 hAnnaidh arrives<\/p>\n<p class=\"beltel-ebe0ecc6_root beltel-ebe0ecc6_paragraph beltel-300db776_none beltel-91174671_primary beltel-1d70522a_marginbottom5 beltel-1d70522a_margintop0 beltel-b48c4984_inherit\" style=\"color:var(--color-primary-80)\">Supporters greeted the Kneecap rapper with cheers as he made his way from a silver people carrier to the building.<\/p>\n<p class=\"beltel-ebe0ecc6_root beltel-ebe0ecc6_paragraph beltel-300db776_none beltel-91174671_primary beltel-1d70522a_marginbottom5 beltel-1d70522a_margintop0 beltel-b48c4984_inherit\" style=\"color:var(--color-primary-80)\">Following the hearing, O\u2019hAnnaidh told supporters the case was a \u201cdistraction from the real story\u201d and urged everyone to \u201ccontinue to speak about Palestine\u201d, adding: \u201cFree Palestine.\u201d<\/p>\n<p class=\"beltel-ebe0ecc6_root beltel-ebe0ecc6_paragraph beltel-300db776_none beltel-91174671_primary beltel-1d70522a_marginbottom5 beltel-1d70522a_margintop0 beltel-b48c4984_inherit\" style=\"color:var(--color-primary-80)\">Fans held signs which read \u201cFree Mo Chara\u201d while others waved Palestine and Irish flags before the rapper\u2019s arrival at court.<\/p>\n<p class=\"beltel-ebe0ecc6_root beltel-ebe0ecc6_paragraph beltel-300db776_none beltel-91174671_primary beltel-1d70522a_marginbottom5 beltel-1d70522a_margintop0 beltel-b48c4984_inherit\" style=\"color:var(--color-primary-80)\">Chants of \u201cFree, free, Mo Chara\u201d could also be heard over a megaphone, which was repeated by the crowd.<\/p>\n<p class=\"beltel-ebe0ecc6_root beltel-ebe0ecc6_paragraph beltel-300db776_none beltel-91174671_primary beltel-1d70522a_marginbottom5 beltel-1d70522a_margintop0 beltel-b48c4984_inherit\" style=\"color:var(--color-primary-80)\">Mr O Caireallain and Mr O Dochartaigh sat at the back of the courtroom with three others as O hAnnaidh confirmed his name, date of birth and address to the court at the start of the hearing.<\/p>\n<p class=\"beltel-ebe0ecc6_root beltel-ebe0ecc6_paragraph beltel-300db776_none beltel-91174671_primary beltel-1d70522a_marginbottom5 beltel-1d70522a_margintop0 beltel-b48c4984_inherit\" style=\"color:var(--color-primary-80)\">In response to the Met imposing conditions on the protest, Kneecap described the move as a \u201ccalculated political decision\u201d that was \u201cdesigned to try and portray support for Kneecap as somehow troublesome\u201d.<\/p>\n<p class=\"beltel-ebe0ecc6_root beltel-ebe0ecc6_paragraph beltel-300db776_none beltel-91174671_primary beltel-1d70522a_marginbottom5 beltel-1d70522a_margintop0 beltel-b48c4984_inherit\" style=\"color:var(--color-primary-80)\">The court previously heard the 27-year-old defendant is \u201cwell within his rights\u201d to voice his opinions on the Israel-Palestine conflict, but the alleged incident at the O2 Forum was a \u201cwholly different thing\u201d.<\/p>\n<p class=\"beltel-ebe0ecc6_root beltel-ebe0ecc6_paragraph beltel-300db776_none beltel-91174671_primary beltel-1d70522a_marginbottom5 beltel-1d70522a_margintop0 beltel-b48c4984_inherit\" style=\"color:var(--color-primary-80)\">O hAnnaidh, of Belfast, is yet to enter a plea to the charge and is on unconditional bail.<\/p>\n<p class=\"beltel-ebe0ecc6_root beltel-ebe0ecc6_paragraph beltel-300db776_none beltel-91174671_primary beltel-1d70522a_marginbottom5 beltel-1d70522a_margintop0 beltel-b48c4984_inherit\" style=\"color:var(--color-primary-80)\">Here\u2019s how the hearing played out on our live blog:<\/p>\n<p>Key updates<\/p>\n<p>Niamh Campbell breaks down Mo Chara\u2019s legal argument over &#8216;blunder&#8217;<\/p>\n<p>Mo Chara arrives at court<\/p>\n<p>Sinn Fein MP among protesters outside court<\/p>\n<p>Colour from today&#8217;s hearing<\/p>\n<p>Some police officers said the only other case they had worked on that attracted a similar level of attention was Tommy Robinson\u2019s trial.<\/p>\n<p><strong>Met Police confirm arrest of man over support for Palestine Action outside court<\/strong><\/p>\n<p>A man was detained by police outside the court building because of a placard he was holding following the hearing.<br \/>The Met said the suspect remains in custody on suspicion of supporting proscribed terrorist group Palestine Action.<br \/>Surrounded by officers, he told reporters his hand-made sign made no reference to any proscribed organisations.<br \/>In a statement a Met Police spokesperson said: \u201cA man remains in police custody after being arrested on suspicion of supporting a proscribed terrorist group, Palestine Action, in Marylebone Road, NW1 this morning.\u201d<\/p>\n<p>Hundreds attend solidarity gig in Dublin for Kneecap rapper\u00a0<\/p>\n<p>&#8216;Free Mo Chara&#8217;: Sinn Fein MP addressing Kneecap supporters outside court\u00a0<br \/>John Finucane said &#8220;we will be here next month&#8221; as he addressed &#8220;inspiring&#8221; activists outside Westminster Magistrates&#8217; Court.\u00a0<br \/>The North Belfast representative told protesters they were &#8220;inspiring&#8221; as he joined them in &#8220;solidarity&#8221; with Liam O hAnnaidh.\u00a0<br \/>The 27-year-old defendant, who is accused of supporting a proscribed terror group, was released on unconditional bail before the case resumes on September 26.<br \/>&#8220;The British establishment will not silence the Irish people,&#8221; Mr Finucane posted on X alongside a Palestine flag.<\/p>\n<p>\u00a0 \u00a0<\/p>\n<p>&#8216;Free Palestine and Tiocfaidh \u00e1r l\u00e1&#8217;: Liam \u00d3g \u00d3 hAnnaidh thanks supporters outside court<\/p>\n<p>The Kneecap rapper addressed activists after he was released on unconditional bail following a second appearance at Westminster Magistrates&#8217; Court on Wednesday.\u00a0<\/p>\n<p>Loud cheers as Liam \u00d3g \u00d3 hAnnaidh leaves court<\/p>\n<p>The 27-year-old defendant, who is accused of supporting a proscribed terror group, was cheered as he left Westminster Magistrates&#8217; Court. The rapper was released on unconditional bail after the judgment was reserved in the case. Activists waved Palestine flags and Irish tricolours as he made his way out of the courthouse.\u00a0<\/p>\n<p>Judgment reserved after several hours of legal argument over technical &#8216;blunder&#8217;\u00a0<br \/>The judge says he is \u201cconscious and anxious\u201d that a \u201cspeedy resolution\u201d will be wanted, and not just for defendant<\/p>\n<p>\u201cI will reserve my judgment for a couple of weeks,\u201d he said.\u00a0<\/p>\n<p>The next hearing is to be held on Friday, September 26 at 10am.\u00a0<\/p>\n<p>Irish interpreters appointed to court as Kneecap member faces terror charge\u00a0<\/p>\n<p>Liam O hAnnaidh requested an Irish language interpreter for today&#8217;s proceedings at his first appearance back in June. \u00a0<br \/>It was among the first issues to be dealt with this morning.<br \/>The defendant was allowed to exit the dock to sit beside his interpreter (a blonde-haired woman) in the courtroom.\u00a0<br \/>The interpreter has been formally permitted by the judge.\u00a0<\/p>\n<p>Niamh Campbell breaks down Mo Chara\u2019s legal argument over &#8216;blunder&#8217;<br \/>Barrister Brenda Campbell KC says that \u201cin context of the Terrorism Act\u2026 proceedings were instituted when the written charge and requisition was issued\u201d.<\/p>\n<p>This means the criminal case officially began (was \u201cinstituted\u201d) at the moment the written charge and court summons (called a \u201crequisition\u201d) was issued.<\/p>\n<p>So under the Terrorism Act, the case isn\u2019t considered to have started when the police first arrested or questioned someone; it starts legally when the formal paperwork (the written charge and requisition to attend court) is issued.<\/p>\n<p>The law gives prosecutors six months from the date of the alleged offence (or sometimes from when it came to light) to start proceedings.<\/p>\n<p>O hAnnaidh\u2019s lawyers are arguing that the first notice on May 21 didn\u2019t count, because the Attorney General hadn\u2019t yet given the required permission for the prosecution.\u00a0<\/p>\n<p>If that\u2019s true, then the case only really \u201cstarted\u201d on May 22 \u2014 which they say was one day too late, outside the six-month time limit.<\/p>\n<p>The Crown Prosecution Service disagrees, saying either the Attorney General\u2019s consent wasn\u2019t legally required, so May 21 counts, or that even if it was, the re-issued charge on May 22 is still valid.<\/p>\n<p>So the whole dispute boils down to: Did the prosecution start in time, or was it a day too late and therefore invalid?<\/p>\n<p>Prosecutors oppose defence application to have case thrown out over &#8216;technical blunder&#8217;. \u00a0<\/p>\n<p>Liam O hAnnaidh&#8217;s lawyers launched an application for the charge to be dismissed because of the way it was first brought.<br \/>They argue the consent of the Attorney General a day after the Kneecap member was charged with supporting a proscribed terror group which was outside the six month deadline. \u00a0<br \/>Brenda Campbell KC leads the defence.\u00a0<br \/>She says the Crown Prosecution Service \u201cnow seeks to rely on a written \u2018charge\u2019 issued by the Metropolitan Police on the previous day, May 21 (2025).\u00a0<br \/>Court documents show that the Metropolitan Police issued a \u201cnotice of criminal charge\u201d to O hAnnaidh on May 21, accusing him of supporting a banned terrorist group in November 2024.\u00a0<br \/>The notice ordered him to appear in court at 10am on June 18.<br \/>The following evening, however, a CPS terrorism prosecutor informed O hAnnaidh\u2019s solicitor by email that the charge was being reissued. A new notice, dated May 22, was attached.<br \/>But Michael Bisgrove, for the CPS, opposes the application.\u00a0<br \/>\u201cThe Attorney General consent is not required until a court appearance at which the defendant engages with a charge\u201d, he said\u00a0<\/p>\n<p>Official Attorney General consent to terror charge came too late, defence claims<br \/>\u00a0Liam O hAnnaidh&#8217;s legal team has told Westminster Magistrates&#8217; Court that Attorney General Richard Hermer did not officially grant approval when police charged the 27-year-old with a terrorism-related offence on May 21.\u00a0<\/p>\n<p>They said consent was given the following day and are arguing that this was too late as it falls outside a six-month deadline.\u00a0\u00a0<\/p>\n<p>However, the Crown Prosecution Service is contesting that the Attorney General\u2019s approval is not necessary in order to initiate such a charge.<\/p>\n<p>Terror charge &#8216;outside time limit&#8217;, Kneecap member&#8217;s defence team tells court\u00a0<\/p>\n<p>Liam \u00d3 hAnnaidh&#8217;s legal team are arguing that the charge of supporting a proscribed terror group was brought too late and should be thrown out.\u00a0<br \/>The defendant was charged on May 22 this year \u2013 a day after the six-month limit for such charges.<\/p>\n<p>Prosecutors claim the charge was brought on May 21, exactly within the time limit.\u00a0<br \/>Judge Paul Goldspring is expected to issue a ruling later today.<\/p>\n<p>Lots of signage outside Westminster Magistrates&#8217; Court\u00a0<\/p>\n<p>Hundreds of supporters greeted Kneecap rapper Liam \u00d3g \u00d3 hAnnaidh with loud cheers as he exited a silver people-carrier and made his way inside the courthouse this morning.\u00a0<br \/>Fans held placards reading \u201cFree Mo Chara\u201d while others waved Palestine and Irish flags.<br \/>Chants of \u201cfree, free, Mo Chara\u201d echoed out of a megaphone which was repeated by the crowd. \u00a0<br \/>The court previously heard the 27-year-old defendant is \u201cwell within his rights\u201d to voice his opinions on the Israel-Palestine conflict.\u00a0<br \/>But prosecutors said the alleged display of a Hezbollah flag at the O2 Forum in Kentish Town, north London, last November was a \u201cwholly different thing\u201d.<br \/>O hAnnaidh is yet to enter a plea to the charge of supporting a proscribed terror organisation.<br \/>Our reporter Niamh Campbell is in London for today&#8217;s proceedings.<\/p>\n<p>Kneecap shares image of road signs outside Westminster Magistrates&#8217; Court\u00a0<br \/>The band shared an image of road signs which read &#8220;ethnic cleansing in Palestine&#8221; shortly before they arrived at the courthouse.\u00a0<br \/>The social media post applauds activists.\u00a0<br \/>It comes after the rappers urged protesters to comply with the law.\u00a0<strong>Gerry Carroll addresses crowds outside court<\/strong><\/p>\n<p>MLA Gerry Carroll addresses the crowds outside the courthouse, condemning &#8220;racist protests&#8221; in Northern Ireland and criticising the police for going after Kneecap and pro-Palestine groups instead of &#8220;racist bigots&#8221;.<\/p>\n<p><strong>Liam \u00d3g \u00d3 hAnnaidh receives another rockstar welcome at court<\/strong>Following similar scenes at his previous court appearance in June,\u00a0 Liam \u00d3g \u00d3 hAnnaidh arrived at court this morning and was once again supported by fellow bandmates Naoise O Caireallain and JJ O Dochartaigh.<\/p>\n<p>The Met Police imposed restrictions on protesters to avoid chaos outside the court. Kneecap described the strict conditions on protesters as a \u201ccalculated political decision\u201d that was \u201cdesigned to try and portray support for Kneecap as somehow troublesome\u201d.\u00a0<\/p>\n<p>However the band had appealed to supporters &#8220;to go out of your way to be compliant with all instructions issued, irrespective of how pitiful\u201d.<\/p>\n<p>Liam Og O hAnnaidh swamped by photographers as he arrives at court alongside fellow band member<\/p>\n<p>It took the 27-year-old more than a minute to enter Westminster Magistrates&#8217; Court as security officers attempted to usher him through the front entrance.<\/p>\n<p>Hundreds of supporters greeted the Kneecap rapper with cheers as he made his way from a silver people-carrier to the building, alongside fellow band member Naoise \u00d3 Caireallain (M\u00f3gla\u00ed Bap).<br \/>The third member of the Kneecap trio, J.J. \u00d3 Dochartaigh (DJ Pr\u00f3va\u00ed) has also arrived at the courthouse.\u00a0<strong>Mo Chara arrives at court<\/strong><\/p>\n<p>This was the scene as Mo Chara arrived at Westminster Magistrates Court shortly after 9.30am. The crowd chanted &#8216;Free Mo Chara&#8217;, matching signs which were held aloft alongside Irish and Palestinian flags.<\/p>\n<p>Sinn Fein MP among protesters outside courtJohn Finucane is addressing activists ahead of Kneecap member Liam \u00d3g \u00d3 hAnnaidh&#8217;s court appearance. The North Belfast representative has joined pro-Palestine campaigners outside the courthouse.\u00a0<\/p>\n<p>&#8220;We will be here tomorrow, we will be here next week, we will be here next month,&#8221; he said. &#8220;We will be here as long as is necessary, with one clear voice and one clear message, free Palestine, free Mo Chara, tiochfaidh ar l\u00e1&#8221;<\/p>\n","protected":false},"excerpt":{"rendered":"The man was detained by police outside the court building at around 1pm because of a placard he&hellip;\n","protected":false},"author":2,"featured_media":361182,"comment_status":"","ping_status":"","sticky":false,"template":"","format":"standard","meta":{"footnotes":""},"categories":[7757],"tags":[2378,748,393,4884,28538,257,5825,16,15,6110],"class_list":{"0":"post-361181","1":"post","2":"type-post","3":"status-publish","4":"format-standard","5":"has-post-thumbnail","7":"category-london","8":"tag-belfast","9":"tag-britain","10":"tag-england","11":"tag-great-britain","12":"tag-kneecap","13":"tag-london","14":"tag-niamh-campbell","15":"tag-uk","16":"tag-united-kingdom","17":"tag-west-belfast-news"},"share_on_mastodon":{"url":"https:\/\/pubeurope.com\/@uk\/115064895878307232","error":""},"_links":{"self":[{"href":"https:\/\/www.europesays.com\/uk\/wp-json\/wp\/v2\/posts\/361181","targetHints":{"allow":["GET"]}}],"collection":[{"href":"https:\/\/www.europesays.com\/uk\/wp-json\/wp\/v2\/posts"}],"about":[{"href":"https:\/\/www.europesays.com\/uk\/wp-json\/wp\/v2\/types\/post"}],"author":[{"embeddable":true,"href":"https:\/\/www.europesays.com\/uk\/wp-json\/wp\/v2\/users\/2"}],"replies":[{"embeddable":true,"href":"https:\/\/www.europesays.com\/uk\/wp-json\/wp\/v2\/comments?post=361181"}],"version-history":[{"count":0,"href":"https:\/\/www.europesays.com\/uk\/wp-json\/wp\/v2\/posts\/361181\/revisions"}],"wp:featuredmedia":[{"embeddable":true,"href":"https:\/\/www.europesays.com\/uk\/wp-json\/wp\/v2\/media\/361182"}],"wp:attachment":[{"href":"https:\/\/www.europesays.com\/uk\/wp-json\/wp\/v2\/media?parent=361181"}],"wp:term":[{"taxonomy":"category","embeddable":true,"href":"https:\/\/www.europesays.com\/uk\/wp-json\/wp\/v2\/categories?post=361181"},{"taxonomy":"post_tag","embeddable":true,"href":"https:\/\/www.europesays.com\/uk\/wp-json\/wp\/v2\/tags?post=361181"}],"curies":[{"name":"wp","href":"https:\/\/api.w.org\/{rel}","templated":true}]}}