{"id":361368,"date":"2025-08-21T06:18:10","date_gmt":"2025-08-21T06:18:10","guid":{"rendered":"https:\/\/www.europesays.com\/uk\/361368\/"},"modified":"2025-08-21T06:18:10","modified_gmt":"2025-08-21T06:18:10","slug":"coalition-expands-into-france-cir-magazine","status":"publish","type":"post","link":"https:\/\/www.europesays.com\/uk\/361368\/","title":{"rendered":"Coalition expands into France &#8211; CIR Magazine"},"content":{"rendered":"<p>Cyber insurer Coalition has launched operations in France through its subsidiary Coalition Insurance Solutions. French businesses with revenues of up to \u20ac1bn can now access cyber risk management and primary cyber insurance capacity provided by Allianz Commercial via AGCS under a multi-year agreement.<\/p>\n<p>Tine Simonsen, Coalition\u2019s head of insurance, continental Europe, said: \u201cAs global cyber threats grow, French businesses \u2013 small businesses especially \u2013 need an experienced and innovative insurance provider that not only helps mitigate financial losses, but also equips them with the cybersecurity tools necessary to better understand their risks, strengthen their defences, and prevent future attacks.&#8221;<\/p>\n<p>To support the launch, the insurer has appointed Benjamin Bar\u00e8s as head of business development for France, joining from Hiscox Assurances France. Fr\u00e9d\u00e9ric Gatte becomes director of underwriting, while production underwriter Tom Paparella transfers from the US team.<\/p>\n<p><\/p>\n","protected":false},"excerpt":{"rendered":"Cyber insurer Coalition has launched operations in France through its subsidiary Coalition Insurance Solutions. French businesses with revenues&hellip;\n","protected":false},"author":2,"featured_media":361369,"comment_status":"","ping_status":"","sticky":false,"template":"","format":"standard","meta":{"footnotes":""},"categories":[5309],"tags":[2000,299,36],"class_list":{"0":"post-361368","1":"post","2":"type-post","3":"status-publish","4":"format-standard","5":"has-post-thumbnail","7":"category-france","8":"tag-eu","9":"tag-europe","10":"tag-france"},"share_on_mastodon":{"url":"https:\/\/pubeurope.com\/@uk\/115065304569616939","error":""},"_links":{"self":[{"href":"https:\/\/www.europesays.com\/uk\/wp-json\/wp\/v2\/posts\/361368","targetHints":{"allow":["GET"]}}],"collection":[{"href":"https:\/\/www.europesays.com\/uk\/wp-json\/wp\/v2\/posts"}],"about":[{"href":"https:\/\/www.europesays.com\/uk\/wp-json\/wp\/v2\/types\/post"}],"author":[{"embeddable":true,"href":"https:\/\/www.europesays.com\/uk\/wp-json\/wp\/v2\/users\/2"}],"replies":[{"embeddable":true,"href":"https:\/\/www.europesays.com\/uk\/wp-json\/wp\/v2\/comments?post=361368"}],"version-history":[{"count":0,"href":"https:\/\/www.europesays.com\/uk\/wp-json\/wp\/v2\/posts\/361368\/revisions"}],"wp:featuredmedia":[{"embeddable":true,"href":"https:\/\/www.europesays.com\/uk\/wp-json\/wp\/v2\/media\/361369"}],"wp:attachment":[{"href":"https:\/\/www.europesays.com\/uk\/wp-json\/wp\/v2\/media?parent=361368"}],"wp:term":[{"taxonomy":"category","embeddable":true,"href":"https:\/\/www.europesays.com\/uk\/wp-json\/wp\/v2\/categories?post=361368"},{"taxonomy":"post_tag","embeddable":true,"href":"https:\/\/www.europesays.com\/uk\/wp-json\/wp\/v2\/tags?post=361368"}],"curies":[{"name":"wp","href":"https:\/\/api.w.org\/{rel}","templated":true}]}}