{"id":364174,"date":"2025-08-22T08:24:13","date_gmt":"2025-08-22T08:24:13","guid":{"rendered":"https:\/\/www.europesays.com\/uk\/364174\/"},"modified":"2025-08-22T08:24:13","modified_gmt":"2025-08-22T08:24:13","slug":"kneecap-press-on-with-european-tour-despite-hungary-ban-and-cancelled-gigs-europe","status":"publish","type":"post","link":"https:\/\/www.europesays.com\/uk\/364174\/","title":{"rendered":"Kneecap press on with European tour despite Hungary ban and cancelled gigs | Europe"},"content":{"rendered":"<p class=\"dcr-130mj7b\">The Belfast hip-hop trio Kneecap are ploughing ahead with their European tour despite a ban on entering Hungary, the cancellation of a string of concerts in Austria and Germany, and the intense scrutiny of authorities in France.<\/p>\n<p class=\"dcr-130mj7b\">The Irish-language group will this Sunday play in front an expected 40,000 spectators at the Rock en Seine festival west of Paris, one of France\u2019s biggest live music events of the year, just days after one of their members appeared at a London court on a terrorism charge.<\/p>\n<p class=\"dcr-130mj7b\">France\u2019s interior ministry gave the green light to the Paris concert after establishing that \u201cthere is no longer a risk of serious disturbance to public order\u201d that would justify banning the band from appearing at the festival in the Domaine National de Saint-Cloud, a 460-hectare park.<\/p>\n<p class=\"dcr-130mj7b\">Kneecap had agreed to abide by a code of conduct after facing a ban from playing the Eurock\u00e9ennes festival at the Lac de Malsaucy Belfort nature reserve in July and had abided by that code since, said the interior minister, Bruno Retailleau, in a letter to the French MP Caroline Yadan. Yadan has called for the group to be banned from entering the country. \u201cAny excesses will be immediately prosecuted,\u201d Retailleau said.<\/p>\n<p class=\"dcr-130mj7b\">Yadan, who represents French residents overseas in parliament, has accused Kneecap of promoting Islamist terrorism and inciting \u201cmurder and hatred of Jews\u201d.<\/p>\n<p class=\"dcr-130mj7b\">Last month, the town council of Saint-Cloud withdrew a \u20ac40,000 (\u00a335,000) subsidy for Rock en Seine over the rappers\u2019 appearance, saying \u201cit does not finance political action, nor demands, and even less calls to violence, such as calls to kill lawmakers, whatever their nationality\u201d.<\/p>\n<p class=\"dcr-130mj7b\">Founded in 2017 by Mo Chara, M\u00f3gla\u00ed Bap and DJ Pr\u00f3va\u00ed, Kneecap first made a name for themselves with bawdy songs that explored Irish identity and drug culture. At the Coachella music festival in California in April, however, the group invited political scrutiny when they accused Israel of carrying out a genocide on the Palestinian people.<\/p>\n<p class=\"dcr-130mj7b\">Footage was uncovered of incendiary on-stage statements from their 2023 UK tour, including \u201cUp Hamas, up Hezbollah\u201d and \u201cThe only good Tory is a dead Tory. Kill your local MP\u201d, which brought condemnation from the prime minister, Keir Starmer, and an investigation by the Metropolitan police\u2019s counter-terrorism command.<\/p>\n<p class=\"dcr-130mj7b\">In an ensuing statement, the band apologised to the families of two murdered British MPS, saying they \u201cnever intended to cause you hurt\u201d and adding: \u201cWe do not, and have never, supported Hamas or Hezbollah. We condemn all attacks on civilians, always \u2026 We also reject any suggestion that we would seek to incite violence against any MP or individual.\u201d<\/p>\n<p class=\"dcr-130mj7b\">Liam \u00d3g \u00d3 hAnnaidh, who goes by the name Mo Chara, was greeted by hundreds of supporters as he arrived at Westminster magistrates court on Wednesday for a three-hour hearing. Prosecutors allege \u00d3 hAnnaidh, 27, displayed a flag in support of the proscribed terror organisation Hezbollah at a gig at the O2 Forum in Kentish Town, north London, last November. \u00d3 hAnnaidh, of Belfast, is yet to enter a plea to the charge and is on unconditional bail.<\/p>\n<p class=\"dcr-130mj7b\">Reaction to Kneecap in some parts of Europe has been swift. Shortly after the Coachella furore, the band was uninvited from the Hurricane and Southside festivals in Germany, on 20 and 22 June; gigs in Berlin, Cologne and Hamburg were cancelled when the UK police started to investigate the group over the Hezbollah flag incident in May.<\/p>\n<p class=\"dcr-130mj7b\">In July, Hungary\u2019s rightwing populist government announced Kneecap had been classified as a national security threat and formally banned for three years from entering the country. They had been scheduled to appear at the Sziget festival in northern Budapest earlier this month.<\/p>\n<p class=\"dcr-130mj7b\">A concert in Vienna on 1 September was cancelled at the start of this month after political pressure from Austria\u2019s far-right Freedom party and the conservative \u00d6VP, with the promoter Racoon Live Entertainment citing \u201cacute security concerns on behalf of the relevant authorities\u201d. A screening of Kneecap\u2019s Bafta-winning biopic as part of Vienna\u2019s mobile open-air film festival Volxkino was also called off.<\/p>\n<p class=\"dcr-130mj7b\">The band\u2019s appearances at festivals in Poland, Finland, Norway and Belgium have gone ahead, however, and Kneecap are due to play sold-out solo shows in Copenhagen and Amsterdam next month.<\/p>\n<p class=\"dcr-130mj7b\">\u201cWe are aware that one member of Kneecap has been charged under British law with glorifying a terrorist organisation,\u201d said S\u00f8ren Gaden, a spokesperson for Copenhagen\u2019s municipality-backed Vega concert venue, where Kneecap are due to play on 3 and 4 September.<\/p>\n<p class=\"dcr-130mj7b\">\u201cIn Denmark, we follow the principle of being \u2018innocent until proven guilty\u2019, and no conviction has been made,\u201d Gaden added. \u201cThe group has also issued a clear statement that they do not support violence against civilians, terrorism, or the organisations Hamas or Hezbollah.\u201d<\/p>\n<p class=\"dcr-130mj7b\">The decision to book Kneecap at Vega has been criticised by Copenhagen\u2019s mayor for children and youth, who said: \u201cWe are pure idiots.\u201d Gaden said: \u201cWe comply fully with Danish law in all respects, both on and off stage \u2013 including the right to freedom of expression.\u201d<\/p>\n<p class=\"dcr-130mj7b\">Jurry Oortwijn, a spokesperson for Amsterdam\u2019s Paradiso venue, said he had received strong negative reactions from the public over the two sold-out Kneecap shows his cultural centre is due to host on 5 and 6 September. Nonetheless, he affirmed the shows would go ahead.<\/p>\n<p class=\"dcr-130mj7b\">\u201cWe consciously choose to programme Kneecap,\u201d Oortwijn said. \u201cNot to provoke, but out of the belief that a free pop culture must make space for sharp voices. Paradiso is not a place where criticism is silenced, but where dialogue remains possible.\u201d<\/p>\n","protected":false},"excerpt":{"rendered":"The Belfast hip-hop trio Kneecap are ploughing ahead with their European tour despite a ban on entering Hungary,&hellip;\n","protected":false},"author":2,"featured_media":364175,"comment_status":"","ping_status":"","sticky":false,"template":"","format":"standard","meta":{"footnotes":""},"categories":[5],"tags":[12,26],"class_list":{"0":"post-364174","1":"post","2":"type-post","3":"status-publish","4":"format-standard","5":"has-post-thumbnail","7":"category-world","8":"tag-news","9":"tag-world"},"share_on_mastodon":{"url":"https:\/\/pubeurope.com\/@uk\/115071461900300018","error":""},"_links":{"self":[{"href":"https:\/\/www.europesays.com\/uk\/wp-json\/wp\/v2\/posts\/364174","targetHints":{"allow":["GET"]}}],"collection":[{"href":"https:\/\/www.europesays.com\/uk\/wp-json\/wp\/v2\/posts"}],"about":[{"href":"https:\/\/www.europesays.com\/uk\/wp-json\/wp\/v2\/types\/post"}],"author":[{"embeddable":true,"href":"https:\/\/www.europesays.com\/uk\/wp-json\/wp\/v2\/users\/2"}],"replies":[{"embeddable":true,"href":"https:\/\/www.europesays.com\/uk\/wp-json\/wp\/v2\/comments?post=364174"}],"version-history":[{"count":0,"href":"https:\/\/www.europesays.com\/uk\/wp-json\/wp\/v2\/posts\/364174\/revisions"}],"wp:featuredmedia":[{"embeddable":true,"href":"https:\/\/www.europesays.com\/uk\/wp-json\/wp\/v2\/media\/364175"}],"wp:attachment":[{"href":"https:\/\/www.europesays.com\/uk\/wp-json\/wp\/v2\/media?parent=364174"}],"wp:term":[{"taxonomy":"category","embeddable":true,"href":"https:\/\/www.europesays.com\/uk\/wp-json\/wp\/v2\/categories?post=364174"},{"taxonomy":"post_tag","embeddable":true,"href":"https:\/\/www.europesays.com\/uk\/wp-json\/wp\/v2\/tags?post=364174"}],"curies":[{"name":"wp","href":"https:\/\/api.w.org\/{rel}","templated":true}]}}