{"id":364963,"date":"2025-08-22T15:40:02","date_gmt":"2025-08-22T15:40:02","guid":{"rendered":"https:\/\/www.europesays.com\/uk\/364963\/"},"modified":"2025-08-22T15:40:02","modified_gmt":"2025-08-22T15:40:02","slug":"moira-buffini-wins-ya-prize-the-irish-times","status":"publish","type":"post","link":"https:\/\/www.europesays.com\/uk\/364963\/","title":{"rendered":"Moira Buffini wins YA Prize \u2013 The Irish Times"},"content":{"rendered":"<p class=\"c-paragraph free \">In The Irish Times tomorrow, Dave Tynan tells Nadine O\u2019Regan about his debut story collection. RF Kuang discusses her follow-up to bestseller Yellowface with Niamh Donnelly. And there is a Q&amp;A with Icelandic thriller writer Ragnar J\u00f3nasson. C\u00f3il\u00edn Parsons, a professor of English and director of Global Irish Studies at Georgetown University in Washington, DC and author of <a href=\"https:\/\/www.cambridge.org\/core\/books\/transnationalism-in-irish-literature-and-culture\/74B695600648F74A97FC8E3103E10344#fndtn-metrics\" rel=\"noopener\" target=\"_blank\">Transnationalism in Irish Literature and Culture<\/a>, explores the trend in Irish fiction for works set outside Ireland.<\/p>\n<p class=\"c-paragraph free \">Reviews are Daniel Mulhall on These Divided Isles: Britain and Ireland, Past and Future by Philip Stephens; Mark Hennessy on The Deployment of Art: The Imperial War Museum\u2019s Artistic Records Committee, 1968\u20131982; Mei Chin on The Lines We Draw by Tim Franks; Declan Ryan on the best new poetry; Helen Cullen on The Joyce of Everyday Life by Vicki Mahaffey; Evelyn Conlon on Continuity and Change: Postwar Migration Between Ireland and Australia 1945-2024 by Fidelma McCorry and Patricia M O\u2019Connor; Ronan McGreevy on Burying the Enemy: The Story of Those who Cared for the Dead in Two World Wars by Tim Grady; Philippa Conlon on TonyInterruptor by Nicola Barker; Donald Clarke on Everything and the Kitchen Sink by Simon Matthews; Lucy Sweeney Byrne on Who Will Remain by Kasim Ali; Ruby Eastwood on<b> <\/b>Remember When by Fiona Philipps; Paul Clements on local history books; and Chris Doyle on Landscapes of Kingship in Early Medieval Ireland AD 400-1150 by Patrick Gleeson.<\/p>\n<p class=\"c-paragraph free \">Tomorrow\u2019s Irish Times Eason offer is The Seventh Body by Catherine Kirwan, just \u20ac5.99, a \u20ac6 saving.<\/p>\n<p><img decoding=\"async\" data-chromatic=\"ignore\" alt=\"Eason offer\" class=\"c-image\" loading=\"lazy\" src=\"https:\/\/www.europesays.com\/uk\/wp-content\/uploads\/2025\/08\/F463C33TDJC4XHDPMM3KMRM4WM.jpg\"   width=\"800\" height=\"450\"\/>Eason offer <\/p>\n<p class=\"c-paragraph free \">Moira Buffini\u2019s \u201ccaptivating\u201d dystopian debut novel, Songlight (Faber), has been named as the winner of the YA Book Prize 2025 at <a href=\"https:\/\/www.thebookseller.com\/news\/edinburgh-international-book-festival-expands-global-ink-programme\" rel=\"noopener\" target=\"_blank\">Edinburgh International Book Festival<\/a>. <\/p>\n<p class=\"c-paragraph free \">The first volume in The Torch Trilogy, Songlight was inspired by The Handmaid\u2019s Tale, The Hunger Games, and John Wyndham\u2019s 1955 cold war novel The Chrysalids. It imagines a society thousands of years in the future in which a form of telepathy called Songlight has emerged. In many parts of Buffini\u2019s imagined world, Songlight is revered, but in a closed-off enclave called Brightland, it is seen as a curse, and those gifted with it are hunted down and persecuted.<\/p>\n<p class=\"c-paragraph free \">Rachel Fox, children and schools programme director at the festival, a partner on the prize, said Songlight \u201cpulls you into its brilliantly imagined world from the very first page and refuses to let go\u201d. <\/p>\n<p class=\"c-paragraph free \">Buffini is a second-generation Irish dramatist who has written films and plays including Bafta-nominated The Dig and Olivier Award winner Handbagged, as well as being co-creator and showrunner of the TV series Harlots.<\/p>\n<p class=\"c-paragraph free \">Her mother, Susan Buffini, n\u00e9e Clay, was a nurse from Donegal; her father, John Buffini, a quantity surveyor from Dublin, who died in a car crash when she was four.<\/p>\n<p class=\"c-paragraph free \">\u201cI always felt really Irish in England and then as soon as I came to Ireland, I felt really English,\u201d <a href=\"https:\/\/www.irishtimes.com\/culture\/books\/2024\/09\/04\/moira-buffini-ive-had-this-love-affair-with-ireland-and-for-a-long-time-i-just-thought-no-its-unrequited-ireland-doesnt-love-me\/\" rel=\"noopener\" target=\"_blank\">she told The Irish Times<\/a> last year. \u201cI think I\u2019ve had this love affair with Ireland, and for a long time, I just thought, no, it\u2019s unrequited, Ireland doesn\u2019t love me. Ireland thinks I\u2019m English. And it wasn\u2019t helped, during the worst years of the Troubles, by my cousins sort of having a go at us about how ignorant we were about Irish politics.\u201d<\/p>\n<p class=\"c-paragraph free \">She describes a sudden realisation \u201cthat all this was happening, and we were getting taught in school about the Tudors and about Empire. [\u2026] So, my cousins educated me about Irish history.\u201d<\/p>\n<p><img decoding=\"async\" data-chromatic=\"ignore\" alt=\"(Back row, left to right): Lizzie, Christian, Michael and Jane Brady; (front row, left to right): storytellers Frances Kennedy and Sonny Egan with this year&#x2019;s 7th Annual Listowel International Storytelling programme at Listowel Castle. Photograph: Noel Sweeney.\" class=\"c-image\" loading=\"lazy\" src=\"https:\/\/www.europesays.com\/uk\/wp-content\/uploads\/2025\/08\/Q5HMDS3XSVCPLG6EC6RLV3VTFY.jpg\"   width=\"800\" height=\"533\"\/>(Back row, left to right): Lizzie, Christian, Michael and Jane Brady; (front row, left to right): storytellers Frances Kennedy and Sonny Egan with this year\u2019s 7th Annual Listowel International Storytelling programme at Listowel Castle. Photograph: Noel Sweeney. <\/p>\n<p class=\"c-paragraph free \">Kerry Writers\u2019 Museum presents the seventh annual Listowel International Storytelling Festival from September 18th to 21st.<\/p>\n<p class=\"c-paragraph free \">Inspired by the Irish Rambling House tradition\u2014where neighbours gathered to share stories, songs, and laughter\u2014the festival blends local heritage with global voices, welcoming master storytellers, poets, musicians, and artists from Ireland, Spain, Morocco, the UK and the US.<\/p>\n<p class=\"c-paragraph free \">This year\u2019s programme includes an\u00a0 Opening Night Tribute to Sonny Egan \u2013 honouring the beloved Kerry storyteller; International Storytelling Showcases from Morocco with Omar Belaarej, Spanish and Gaelic legends with In\u00e9s \u00c1lvarez Villa, and voices from Ireland, Scotland, and beyond.<\/p>\n<p class=\"c-paragraph free \">Many events are free or low-cost, making the festival accessible to all. \u00a0Weekend tickets (\u20ac120) offer exceptional value for those who want to enjoy the full festival experience over four days.<\/p>\n<p class=\"c-paragraph free \">Cara Trant, festival director, said: \u201cThe Listowel International Storytelling Festival is more than a series of performances \u2013 it\u2019s a living celebration of human connection. We honour Kerry\u2019s traditions while opening our stage to voices from around the world. Whether you\u2019re a first-time visitor or a longtime friend, you\u2019ll find stories here that will stay with you long after you leave.\u201d<\/p>\n<p class=\"c-paragraph free \">The full festival programme is now available in Kerry Writers\u2019 Museum and online at kerrywritersmuseum.com<\/p>\n<p class=\"c-paragraph free \">*<\/p>\n<p class=\"c-paragraph free \">Belfast International Arts Festival returns for its 63rd edition welcoming the very best international and homegrown authors, poets and writers to the city from 14 October \u2013 9 November.<\/p>\n<p class=\"c-paragraph free \">The hugely diverse and esteemed line up of award-winning writers include Booker Prize-winner John Banville at The MAC on November 8th as he discusses his new novel, Venetian Vespers with critic Alex Clark.<\/p>\n<p class=\"c-paragraph free \">Geoff Dyer will discuss his acclaimed new memoir, Homework, alongside Joe Dunthorne and critic John Self at The Crescent on October 14th.<\/p>\n<p class=\"c-paragraph free \">Renowned artist Colin Davidson and broadcaster Mark Carruthers join Marie-Louise Kerr at the Ulster University on November 5th to discuss Twelve Paintings, their new book structured around a series of conversations inspired by 12 of Davidson\u2019s key works. Elaine Feeney, the bestselling author of the Booker-longlisted How to Build a Boat, explores her new book, Let Me Go Mad In My Own Way, at The MAC on November 8th. No Alibis Bookshop welcomes award-winning poet and memoirist Se\u00e1n Hewitt on November 7th for a conversation with John Self about his powerful new coming-of-age novel Open, Heaven.<\/p>\n<p class=\"c-paragraph free \">For more information, to view the full programme, or to book tickets, visit <a href=\"http:\/\/www.belfastinternationalartsfestival.com\/\" rel=\"noopener\" title=\"http:\/\/www.belfastinternationalartsfestival.com\/\" target=\"_blank\">belfastinternationalartsfestival.com<\/a>. <\/p>\n<p><img decoding=\"async\" data-chromatic=\"ignore\" alt=\"Gradam de Bhaldraithe 2025\" class=\"c-image\" loading=\"lazy\" src=\"https:\/\/www.europesays.com\/uk\/wp-content\/uploads\/2025\/08\/5LR6WR6AE5GTJG5KND42PXSHHU.png\"   width=\"800\" height=\"1000\"\/>Gradam de Bhaldraithe 2025 <\/p>\n<p class=\"c-paragraph free \">The shortlists for the Irish-Language Book of the Year Publishing Awards have been announced by An tOireachtas, in conjunction with Foras na Gaeilge. The awards consist of three categories -\u202fGradam U\u00ed Sh\u00failleabh\u00e1in\u202f(Book of the Year for Adults),\u202fGradam R\u00e9ics Carl\u00f3\u202f(Book of the Year for Children) and\u202fGradam de Bhaldraithe\u202f(Book of the Year for publications translated into Irish). <\/p>\n<p class=\"c-paragraph free \">Nineteen books have been shortlisted \u2013 six in the category, \u2018Irish-Language Book of the Year for Adults\u2019; seven in the Children\u2019s Book category and six in the category for translated works. <\/p>\n<p class=\"c-paragraph free \">The 10 publishing houses shortlisted are\u202fAn tSn\u00e1thaid Mh\u00f3r; Barzaz; Cl\u00f3 Iar-Chonnacht; Cork University Press; Dalen \u00c9ireann; \u00c9abhl\u00f3id; Futa Fata; Leabhar Breac; LeabhairCOMHAR and Picnic Press. <\/p>\n<p><img decoding=\"async\" data-chromatic=\"ignore\" alt=\"Gradam U&#xED; Sh&#xFA;illeabh&#xE1;in 2025\" class=\"c-image\" loading=\"lazy\" src=\"https:\/\/www.europesays.com\/uk\/wp-content\/uploads\/2025\/08\/NLRY23AHGNF3LDDDCT6W45UY2U.png\"   width=\"800\" height=\"1000\"\/>Gradam U\u00ed Sh\u00failleabh\u00e1in 2025 <\/p>\n<p class=\"c-paragraph free \"> \u201cI warmly congratulate the publishing houses, writers, illustrators and translators on this year\u2019s shortlist\u201d, said M\u00e1ir\u00edn Nic Dhonnchadha, CEO of An tOireachtas. \u201cThis recognition is a testament to the vital role publishers play in nurturing new Irish writing and encouraging young authors in all genres. Their commitment ensures that readers of all ages and backgrounds have access to high-quality books that enrich the Irish language reading community. Through powerful storytelling, beautiful illustration and excellent translation, they are safeguarding the vibrancy of our language for future generations, and we are immensely proud to celebrate their achievements today.\u201d<\/p>\n<p class=\"c-paragraph free \">The winners will be announced at an awards ceremony\u202fon September 30th, in the National Irish Language Theatre, An Taibhdhearc, in Galway.\u202fA collective prize fund of \u20ac17,000 will be awarded. Details of all publications are available at\u202f<a href=\"http:\/\/mhq739584link.antoireachtas.ie\/ls\/click?upn=u001.tZlocY6DB7NBYvB4o1Cr-2BQO-2FvY-2Bk6IY4s1AMF0npjwbJPYSogAQBvBijHBe6GRID0yiZXxoxYKkp-2B5KDM1pWHSqXgfLBNlcppNxbW33ykuXkRDaSljQSJjCZhpHHKzjhbZqIC-2Be4SglnoyRI8ZSxXameYWF9MAivIA2j-2F4woPZyPM-2F3iugzjWflcendNnHu7qc2gTfZu32-2BGYwDwKlEAb3bBJSZY5fYqIuv6rAzHq81exbYOsZHZ5Vn6MMfwirN-2B0N58cWnFl7EE6M7vpeLXgQh4XHrhENy7fVAZmreh5-2FNfE9vcaFTvh1HKk9J13swAag3RRdlYVhLSMVsWd2fwX0mByZMlYx9jSU2zzQ2vZKOzDXWo26wn9sE046KAhnlv5eDePv8c55k2ucc7gTE4sxN8qiay9ENHn-2Fgylx6hCJukzfiA1D7firxh3Eq934mR5BE70NzgCKtHEYDqdQ7-2ByMcQ3Yoe1VAj78WEIPAa5iJ-2B9vDbZQyWZXMpWMEWy0hLy7Ur_57h41kPk7SOOnqHiB5xFXB4xNyUjyEngsQ-2B-2BnXNAjWKsJCoAZTl-2BTCB03KxP-2BiWSM-2FgeCymyzrjmb4U2m64DhDNR3Ncyn0XtNqzhvhfpwIIdKrlWg-2Bl69LyAORXEp0k6acxNfOQ6lzzbBcDe6NP0AWPUxJVvoG8Ij5VlWnNxPv4MCXvn6-2BP-2FdbZYFk-2FrCHzN0uuZEBbLVDP3A0J81j3p0mNydRnBjIj1rzjMmQ80nZ9jDR0sFT1KI74UHfjPF1XF7A-2BEMa4UJr-2FSnSZNDZzMtRwHBT5Dg-2Fyt61uTOqUy4092OY2qd-2BhZFf4rfJlhasCy\" rel=\"noopener\" target=\"_blank\">antoireachtas.ie<\/a><\/p>\n<p><img decoding=\"async\" data-chromatic=\"ignore\" alt=\"Gradam R&#xE9;ics Carl&#xF3; 2025\" class=\"c-image\" loading=\"lazy\" src=\"https:\/\/www.europesays.com\/uk\/wp-content\/uploads\/2025\/08\/WDNQ25SNMVH2HN5SHGSN3HW4FQ.png\"   width=\"800\" height=\"1000\"\/>Gradam R\u00e9ics Carl\u00f3 2025 <\/p>\n<p class=\"c-paragraph free \">The programme for Culture Night Dublin 2025 has officially been announced, with the annual cultural nocturnal extravaganza set to take place on Friday, September 19th. Over 300 events will be held across the capital, ranging from theatre, music and dance, to podcasting, painting, and poetry. <\/p>\n<p class=\"c-paragraph free \">Among the literary highlights, the Irish Writers Centre will host live readings featuring various writers, including short story author Mary O\u2019Donnell and spoken word artist Vagabond Queen. Laureate na n\u00d3g Patricia Forde will bring the finest Irish children\u2019s literature to life with a live reading at the Dubray bookshop window, and Ranelagh Arts will host Rosita Sweetman and guests for a special evening of readings from her memoir, \u201cGirl with a Fork in a World of Soup.\u201d The O\u2019Brien Press is inviting unpublished authors, with a focus on children and young adult fiction, to pitch their work in a ten-minute one-to-one Zoom meeting with members of The O\u2019Brien Press team. The National Library of Ireland\u2019s new podcaster in residence, Zo\u00eb Comyns, will host a \u201cpop-up collection\u201d podcast inspired by the rich collection of books, newspapers, and journals in the collection. Elsewhere, The Kerlin Gallery will transform into a pop-up bookshop, showcasing monographs, catalogues, and books from their collection of gallery artists, and Pearse Street Library will host a Gala Jane Austen Quiz. Don\u2019t miss the tour of Marsh\u2019s Library and its quirky famous cages, used by the literary greats from Jonathan Swift, to Bram Stoker. As always, all Culture Night events are free and open to all. See <a href=\"http:\/\/culturenight.ie\/\" rel=\"noopener\" target=\"_blank\">CultureNight.ie<\/a><\/p>\n<p><img decoding=\"async\" data-chromatic=\"ignore\" alt=\"Read M&#xF3;r\" class=\"c-image\" loading=\"lazy\" src=\"https:\/\/www.europesays.com\/uk\/wp-content\/uploads\/2025\/08\/V2HXE4FLA5CKXA2E67ZOF3TBP4.jpg\"   width=\"800\" height=\"533\"\/>Read M\u00f3r <\/p>\n<p class=\"c-paragraph free \">Yesterday, the Arts Council launched Read M\u00f3r 2025, our annual book-gifting initiative, as part of Culture Night. This year sees an exciting new partnership with Jigsaw, the National Centre for Youth Mental Health, bringing the joy of reading to young people across Ireland who may not otherwise have access to Culture Night events.<\/p>\n<p class=\"c-paragraph free \">Now in its fourth year, Read M\u00f3r gifts 30 books by Irish and Irish-based authors \u2014 from Emma Donoghue to Oein DeBhairduin \u2014 directly into the hands of young people through Jigsaw centres nationwide. The initiative not only celebrates Irish literature, but also highlights the proven benefits of reading for mental health, connection, and creativity.<\/p>\n<p class=\"c-paragraph free \">Edel Connolly, a Youth Advocate with Jigsaw, said: \u201cIt\u2019s fantastic having young people involved with Read M\u00f3r this year. As a young person, I think it\u2019s so important to encourage other young people to pick up reading as a hobby for their mental wellbeing. Reading is such an amazing way to get lost in a fictional world where your worries don\u2019t exist and to inspire young people to express themselves in a healthy and creative way.\u201d<\/p>\n<p class=\"c-paragraph free \">*<\/p>\n<p class=\"c-paragraph free \">The west Cork poet Derry O\u2019Sullivan has died in his adopted city of Paris, aged 81.<\/p>\n<p class=\"c-paragraph free \">O\u2019Sullivan published three poetry collections in Irish &#8211; C\u00e1 bhfuil do I\u00fad\u00e1s? (1987); C\u00e1 bhfuil Tiarna Tal\u00fan l\u2019Univers? (1994); and An bhfuil cead agam dul amach, m\u00e1s \u00e9 do thoil \u00e9? (2009), as well as An L\u00e1 go dT\u00e1inig Siad (2005), a long poem about the Nazi takeover of Paris.<\/p>\n<p class=\"c-paragraph free \">En Mal de Fleurs, a collection of his poems in French, was published in 1988.<\/p>\n<p class=\"c-paragraph free \">An English translation by Kaarina Hollo of his poem Marbhghin 1943: Glaoch ar Liomb\u00f3 (Stillborn 1943: Calling Limbo) won the 2012 Times Stephen Spender Prize for poetry translation.<\/p>\n<p class=\"c-paragraph free \">After graduating from University College Cork, he became a Capuchin monk and was ordained but left the priesthood a year later. He taught English at the Sorbonne, the Institut Catholique de Paris and the Institut Sup\u00e9rieur d\u2019Electronique de Paris. He was predeceased by his wife Jean and survived by his son Dekin and daughters Isolde and Derval and his sister Maeve.<\/p>\n<p class=\"c-paragraph free \">*<\/p>\n<p class=\"c-paragraph free \">*<\/p>\n<p class=\"c-paragraph free \">In March, writer and performer Peter Murphy (aka Cursed Murphy), composer\/violinist Colm Mac Con Iomaire, and Cillian and Lorcan Byrne from Basciville, convened in the National Opera House for five days to record an album entitled Ghost Voltage. <\/p>\n<p class=\"c-paragraph free \">Weaving elements of memoir, folklore, sci-fi and the supernatural, the text of the piece is a prose-poem requiem for the departed, divided into six parts, illustrated by artist Mirona Mara, documented in film and photographs by Caolan Barron. <\/p>\n<p class=\"c-paragraph free \">Ghost Voltage will be released this autumn; Colm and Basciville\u2019s musical score draws on traditional, classical, folk and electronic music to stunning effect. <\/p>\n<p class=\"c-paragraph free \">This Wexford Arts Centre performances on Saturday, October 4th are a rare chance to see the album performed live in tandem with Mirona\u2019s images. <\/p>\n","protected":false},"excerpt":{"rendered":"In The Irish Times tomorrow, Dave Tynan tells Nadine O\u2019Regan about his debut story collection. RF Kuang discusses&hellip;\n","protected":false},"author":2,"featured_media":364964,"comment_status":"","ping_status":"","sticky":false,"template":"","format":"standard","meta":{"footnotes":""},"categories":[3938],"tags":[46750,3444,77,16,15],"class_list":{"0":"post-364963","1":"post","2":"type-post","3":"status-publish","4":"format-standard","5":"has-post-thumbnail","7":"category-books","8":"tag-book-club","9":"tag-books","10":"tag-entertainment","11":"tag-uk","12":"tag-united-kingdom"},"share_on_mastodon":{"url":"","error":""},"_links":{"self":[{"href":"https:\/\/www.europesays.com\/uk\/wp-json\/wp\/v2\/posts\/364963","targetHints":{"allow":["GET"]}}],"collection":[{"href":"https:\/\/www.europesays.com\/uk\/wp-json\/wp\/v2\/posts"}],"about":[{"href":"https:\/\/www.europesays.com\/uk\/wp-json\/wp\/v2\/types\/post"}],"author":[{"embeddable":true,"href":"https:\/\/www.europesays.com\/uk\/wp-json\/wp\/v2\/users\/2"}],"replies":[{"embeddable":true,"href":"https:\/\/www.europesays.com\/uk\/wp-json\/wp\/v2\/comments?post=364963"}],"version-history":[{"count":0,"href":"https:\/\/www.europesays.com\/uk\/wp-json\/wp\/v2\/posts\/364963\/revisions"}],"wp:featuredmedia":[{"embeddable":true,"href":"https:\/\/www.europesays.com\/uk\/wp-json\/wp\/v2\/media\/364964"}],"wp:attachment":[{"href":"https:\/\/www.europesays.com\/uk\/wp-json\/wp\/v2\/media?parent=364963"}],"wp:term":[{"taxonomy":"category","embeddable":true,"href":"https:\/\/www.europesays.com\/uk\/wp-json\/wp\/v2\/categories?post=364963"},{"taxonomy":"post_tag","embeddable":true,"href":"https:\/\/www.europesays.com\/uk\/wp-json\/wp\/v2\/tags?post=364963"}],"curies":[{"name":"wp","href":"https:\/\/api.w.org\/{rel}","templated":true}]}}