{"id":365691,"date":"2025-08-22T22:06:14","date_gmt":"2025-08-22T22:06:14","guid":{"rendered":"https:\/\/www.europesays.com\/uk\/365691\/"},"modified":"2025-08-22T22:06:14","modified_gmt":"2025-08-22T22:06:14","slug":"kilmar-abrego-garcia-released-from-criminal-custody-after-court-order-kilmar-abrego-garcia","status":"publish","type":"post","link":"https:\/\/www.europesays.com\/uk\/365691\/","title":{"rendered":"Kilmar \u00c1brego Garc\u00eda released from criminal custody after court order | Kilmar \u00c1brego Garc\u00eda"},"content":{"rendered":"<p class=\"dcr-130mj7b\"><a href=\"https:\/\/www.theguardian.com\/us-news\/kilmar-abrego-garcia\" data-link-name=\"in body link\" target=\"_blank\" rel=\"noopener\">Kilmar \u00c1brego Garc\u00eda<\/a> has been freed on Friday from criminal custody in Tennessee so he can rejoin his family in Maryland while awaiting trial on human smuggling charges, after a court ordered his release.<\/p>\n<p class=\"dcr-130mj7b\">Magistrate judge Barbara Holmes issued an order allowing the father of two to leave custody for the first time since his return to the US in June, following his wrongful deportation to El Salvador earlier this year.<\/p>\n<p class=\"dcr-130mj7b\">In a statement following his release, \u00c1brego\u2019s lawyer, Sean Hecker <a href=\"https:\/\/fox17.com\/news\/local\/kilmar-abrego-garcia-free-from-tennessee-jail-and-returning-home-to-maryland-immigration-el-salvador-traffic-stop-federal-human-smuggling-charges\" data-link-name=\"in body link\" target=\"_blank\" rel=\"noopener\">said<\/a>: \u201cToday, Kilmar \u00c1brego Garc\u00eda is free. He is presently en route to his family in Maryland, after being unlawfully arrested and deported, and then imprisoned, all because of the government\u2019s vindictive attack on a man who had the courage to fight back against the administration\u2019s continuing assault on the rule of law. He is grateful that his access to American courts has provided meaningful due process.\u201d<\/p>\n<p class=\"dcr-130mj7b\">\u00c1brego entered the US without permission in about 2011 as a teenager after fleeing gang violence. He was subsequently <a href=\"https:\/\/www.theguardian.com\/us-news\/2025\/apr\/16\/who-is-kilmar-abrego-garcia\" data-link-name=\"in body link\" target=\"_blank\" rel=\"noopener\">afforded<\/a> a federal protection order against deportation to El Salvador.<\/p>\n<p class=\"dcr-130mj7b\">The 30-year-old was initially deported by federal immigration officials in March. Though the Trump administration admitted that \u00c1brego\u2019s deportation was an <a href=\"https:\/\/www.theguardian.com\/us-news\/2025\/apr\/01\/ice-error-deported-maryland-man-el-salvador\" data-link-name=\"in body link\" target=\"_blank\" rel=\"noopener\">\u201cadministrative error,\u201d<\/a> officials have repeatedly accused \u00c1brego of being affiliated with the MS-13 gang, a claim \u00c1brego and his family vehemently deny.<\/p>\n<p class=\"dcr-130mj7b\">During his detention at El Salvador\u2019s so-called Terrorism Confinement Center (<a href=\"https:\/\/www.theguardian.com\/us-news\/2025\/mar\/20\/trump-deportations-venezuela-prison\" data-link-name=\"in body link\" target=\"_blank\" rel=\"noopener\">Cecot<\/a>), \u00c1brego was physically and psychologically tortured, <a href=\"https:\/\/www.theguardian.com\/us-news\/2025\/jul\/02\/kilmar-abrego-garcia-tortured-cecot\" data-link-name=\"in body link\" target=\"_blank\" rel=\"noopener\">according to<\/a> court documents filed by his lawyers in July.<\/p>\n<p class=\"dcr-130mj7b\">Following \u00c1brego\u2019s wrongful deportation, the <a href=\"https:\/\/www.theguardian.com\/us-news\/trump-administration\" data-link-name=\"in body link\" target=\"_blank\" rel=\"noopener\">Trump administration<\/a> faced widespread pressure to return him to the US, including from a supreme court order that directed federal officials to \u201cfacilitate\u201d his return.<\/p>\n<p class=\"dcr-130mj7b\">In June, the Trump administration <a href=\"https:\/\/www.theguardian.com\/us-news\/2025\/jun\/06\/kilmar-abrego-garcia-charges\" data-link-name=\"in body link\" target=\"_blank\" rel=\"noopener\">returned<\/a> \u00c1brego from El Salvador, only to charge him with crimes related to human smuggling, which his lawyers have rejected as \u201cpreposterous\u201d. His criminal trial is expected to begin in January.<\/p>\n<p class=\"dcr-130mj7b\">Before his deportation, \u00c1brego <a href=\"https:\/\/www.theguardian.com\/us-news\/2025\/apr\/16\/who-is-kilmar-abrego-garcia#:~:text=%C3%81brego%20Garc%C3%ADa%2C%2029%2C%20is%20a,and%20asked%20about%20a%20murder.\" data-link-name=\"in body link\" target=\"_blank\" rel=\"noopener\">had lived<\/a> in Maryland for more than a decade, working in construction while being married to an American wife.<\/p>\n<p class=\"dcr-130mj7b\">In a <a href=\"https:\/\/storage.courtlistener.com\/recap\/gov.uscourts.tnmd.104621\/gov.uscourts.tnmd.104621.106.0.pdf\" data-link-name=\"in body link\" target=\"_blank\" rel=\"noopener\">court filing<\/a> this week, his lawyers stated that they had hired a \u201cprivate security firm that has experience providing court-approved pre-trial transportation and security services in criminal cases\u201d to transport \u00c1brego from Tennessee to Maryland.<\/p>\n","protected":false},"excerpt":{"rendered":"Kilmar \u00c1brego Garc\u00eda has been freed on Friday from criminal custody in Tennessee so he can rejoin his&hellip;\n","protected":false},"author":2,"featured_media":365692,"comment_status":"","ping_status":"","sticky":false,"template":"","format":"standard","meta":{"footnotes":""},"categories":[5],"tags":[12,26],"class_list":{"0":"post-365691","1":"post","2":"type-post","3":"status-publish","4":"format-standard","5":"has-post-thumbnail","7":"category-world","8":"tag-news","9":"tag-world"},"share_on_mastodon":{"url":"https:\/\/pubeurope.com\/@uk\/115074694083778627","error":""},"_links":{"self":[{"href":"https:\/\/www.europesays.com\/uk\/wp-json\/wp\/v2\/posts\/365691","targetHints":{"allow":["GET"]}}],"collection":[{"href":"https:\/\/www.europesays.com\/uk\/wp-json\/wp\/v2\/posts"}],"about":[{"href":"https:\/\/www.europesays.com\/uk\/wp-json\/wp\/v2\/types\/post"}],"author":[{"embeddable":true,"href":"https:\/\/www.europesays.com\/uk\/wp-json\/wp\/v2\/users\/2"}],"replies":[{"embeddable":true,"href":"https:\/\/www.europesays.com\/uk\/wp-json\/wp\/v2\/comments?post=365691"}],"version-history":[{"count":0,"href":"https:\/\/www.europesays.com\/uk\/wp-json\/wp\/v2\/posts\/365691\/revisions"}],"wp:featuredmedia":[{"embeddable":true,"href":"https:\/\/www.europesays.com\/uk\/wp-json\/wp\/v2\/media\/365692"}],"wp:attachment":[{"href":"https:\/\/www.europesays.com\/uk\/wp-json\/wp\/v2\/media?parent=365691"}],"wp:term":[{"taxonomy":"category","embeddable":true,"href":"https:\/\/www.europesays.com\/uk\/wp-json\/wp\/v2\/categories?post=365691"},{"taxonomy":"post_tag","embeddable":true,"href":"https:\/\/www.europesays.com\/uk\/wp-json\/wp\/v2\/tags?post=365691"}],"curies":[{"name":"wp","href":"https:\/\/api.w.org\/{rel}","templated":true}]}}