{"id":366931,"date":"2025-08-23T09:53:13","date_gmt":"2025-08-23T09:53:13","guid":{"rendered":"https:\/\/www.europesays.com\/uk\/366931\/"},"modified":"2025-08-23T09:53:13","modified_gmt":"2025-08-23T09:53:13","slug":"ambasador-evropske-unije-u-srbiji-andreas-fon-bekerat-posetio-nacionalni-konvent-o-evropskoj-uniji","status":"publish","type":"post","link":"https:\/\/www.europesays.com\/uk\/366931\/","title":{"rendered":"Ambasador Evropske unije u Srbiji, Andreas fon Bekerat posetio Nacionalni konvent o Evropskoj uniji"},"content":{"rendered":"<p>Na dana\u0161njem sastanku sa novim ambasadorom Evropske unije u Srbiji, Nj. E. Andreasom fon Bekeratom, \u010dlanovi Programskog saveta Nacionalnog konventa o Evropskoj uniji upoznali su<br \/>ambasadora sa dosada\u0161njim aktivnostima pra\u0107enja procesa evropskih integracija Srbije, posebno u kontekstu aktuelne politi\u010dke i dru\u0161tvene krize.<\/p>\n<p>Prisutni \u010dlanovi Programskog saveta NKEU su istakli da je dalji napredak Srbije na putu ka \u010dlanstvu u EU mogu\u0107e samo kroz ja\u010danje institucija, doslednu primenu vladavine prava i za\u0161titu osnovnih prava gra\u0111ana, s posebnim fokusom na slobodu izra\u017eavanja i okupljanja. Tako\u0111e je nagla\u0161ena potreba da se pravosudne i institucije za\u0161tite od politi\u010dkog pritiska, da se unapredi transparentnost i odgovornost vlasti, kao i da se obezbede uslovi za slobodno delovanje i rad civilnog dru\u0161tva.<\/p>\n<p>Predstavnici Nacionalnog konventa su izrazili zabrinutost zbog daljeg produbljivanja krize u zemlji i poru\u010dili da odgovornost za njen nastanak, pa i prevazila\u017eenje, pre svega le\u017ei na strani vlasti koja bi trebalo da demonstrira volju i vrati poverenje gra\u0111ana u institucije. Na sastanku se razgovaralo i dosada\u0161njim izazovima i novim modalitetima komunikacije o benefitima od procesa evropskih integracija, kako bi se vratio nivo poverenja gra\u0111ana u proces pristupanja Srbije Evropskoj uniji.<\/p>\n<p>Ambasador EU Andreas fon Bekerat zahvalio je \u010dlanovima Nacionalnog konventa na njihovom posve\u0107enom doprinosu procesu pristupanja Srbije Evropskoj uniji, podsetiv\u0161i da razvijeno i nezavisno civilno dru\u0161tvo ima klju\u010dnu ulogu u razvoju zdravog demokratskog dru\u0161tva. On je ukazao na sve te\u017ee okolnosti u kojima deluju organizacije civilnog dru\u0161tva i naglasio da vlasti treba da obezbede podsticajno okru\u017eenje za njihov rad. Ambasador je istakao da proces pristupanja Srbije EU pru\u017ea okvir za mnoge aktuelne izazove \u2013 od ja\u010danja vladavine prava i za\u0161tite slobode medija do unapre\u0111enja izbornih uslova i obezbe\u0111ivanja podsticajnog okru\u017eenja za civilno dru\u0161tvo. On je ohrabrio Nacionalni konvent da nastavi da igra vode\u0107u ulogu kao klju\u010dni partner EU u unapre\u0111enju procesa pristupanja Srbije.<\/p>\n","protected":false},"excerpt":{"rendered":"Na dana\u0161njem sastanku sa novim ambasadorom Evropske unije u Srbiji, Nj. E. Andreasom fon Bekeratom, \u010dlanovi Programskog saveta&hellip;\n","protected":false},"author":2,"featured_media":366932,"comment_status":"","ping_status":"","sticky":false,"template":"","format":"standard","meta":{"footnotes":""},"categories":[5174],"tags":[2000,299,5187,1699],"class_list":{"0":"post-366931","1":"post","2":"type-post","3":"status-publish","4":"format-standard","5":"has-post-thumbnail","7":"category-eu","8":"tag-eu","9":"tag-europe","10":"tag-european","11":"tag-european-union"},"share_on_mastodon":{"url":"https:\/\/pubeurope.com\/@uk\/115077474329023695","error":""},"_links":{"self":[{"href":"https:\/\/www.europesays.com\/uk\/wp-json\/wp\/v2\/posts\/366931","targetHints":{"allow":["GET"]}}],"collection":[{"href":"https:\/\/www.europesays.com\/uk\/wp-json\/wp\/v2\/posts"}],"about":[{"href":"https:\/\/www.europesays.com\/uk\/wp-json\/wp\/v2\/types\/post"}],"author":[{"embeddable":true,"href":"https:\/\/www.europesays.com\/uk\/wp-json\/wp\/v2\/users\/2"}],"replies":[{"embeddable":true,"href":"https:\/\/www.europesays.com\/uk\/wp-json\/wp\/v2\/comments?post=366931"}],"version-history":[{"count":0,"href":"https:\/\/www.europesays.com\/uk\/wp-json\/wp\/v2\/posts\/366931\/revisions"}],"wp:featuredmedia":[{"embeddable":true,"href":"https:\/\/www.europesays.com\/uk\/wp-json\/wp\/v2\/media\/366932"}],"wp:attachment":[{"href":"https:\/\/www.europesays.com\/uk\/wp-json\/wp\/v2\/media?parent=366931"}],"wp:term":[{"taxonomy":"category","embeddable":true,"href":"https:\/\/www.europesays.com\/uk\/wp-json\/wp\/v2\/categories?post=366931"},{"taxonomy":"post_tag","embeddable":true,"href":"https:\/\/www.europesays.com\/uk\/wp-json\/wp\/v2\/tags?post=366931"}],"curies":[{"name":"wp","href":"https:\/\/api.w.org\/{rel}","templated":true}]}}