{"id":368587,"date":"2025-08-24T01:25:15","date_gmt":"2025-08-24T01:25:15","guid":{"rendered":"https:\/\/www.europesays.com\/uk\/368587\/"},"modified":"2025-08-24T01:25:15","modified_gmt":"2025-08-24T01:25:15","slug":"vers-des-f1-a-400-km-h-en-2026","status":"publish","type":"post","link":"https:\/\/www.europesays.com\/uk\/368587\/","title":{"rendered":"Vers des F1 \u00e0 400 km\/h en 2026 ?"},"content":{"rendered":"<p itemprop=\"description\">La r\u00e9volution r\u00e9glementaire de 2026<br \/>\npourrait propulser les monoplaces vers des vitesses in\u00e9dites,<br \/>\njusqu\u2019\u00e0 400 km\/h selon certains observateurs.<\/p>\n<p>La Formule 1 se pr\u00e9pare \u00e0 vivre en 2026 un bouleversement<br \/>\ntechnique majeur, <a href=\"https:\/\/f1i.autojournal.fr\/magazine\/magazine-technique\/f1-reglement-technique-2026-explique\/\" target=\"_blank\" rel=\"noopener\"><br \/>\navec des changements radicaux touchant \u00e0 la fois les groupes<br \/>\npropulseurs et l\u2019a\u00e9rodynamique des monoplaces<\/a>.<\/p>\n<p><strong>Une refonte totale du r\u00e8glement<\/strong><\/p>\n<p>Les futures unit\u00e9s de puissance verront leur partie \u00e9lectrique<br \/>\nconsid\u00e9rablement renforc\u00e9e, atteignant une parit\u00e9 in\u00e9dite avec le<br \/>\nmoteur thermique. Ce bond en avant de l\u2019hybridation s\u2019accompagnera<br \/>\nde l\u2019introduction de syst\u00e8mes a\u00e9rodynamiques actifs : les ailes<br \/>\npourront se configurer diff\u00e9remment dans les virages et sur les<br \/>\nlignes droites afin de r\u00e9duire la tra\u00een\u00e9e.<\/p>\n<p>Selon les projections issues des simulateurs, cette combinaison<br \/>\ndevrait g\u00e9n\u00e9rer des vitesses de pointe largement sup\u00e9rieures \u00e0<br \/>\ncelles enregistr\u00e9es aujourd\u2019hui, au point de menacer les records<br \/>\n\u00e9tablis.<\/p>\n<p><strong>La perspective des 400 km\/h<br \/><\/strong><\/p>\n<p>L\u2019id\u00e9e que les F1 puissent franchir la barre symbolique des 400<br \/>\nkm\/h n\u2019est plus une hypoth\u00e8se lointaine.<\/p>\n<p>\u201cQuand toute la puissante sera d\u00e9ploy\u00e9e, on approchera les<br \/>\n400 km\/h\u201d, a d\u00e9clar\u00e9 le patron de Mercedes, Toto Wolff, \u00e0 nos<br \/>\nconfr\u00e8res de Auto Motor und Sport.<\/p>\n<p>Plusieurs \u00e9quipes \u00e9voquent d\u00e9j\u00e0 des chiffres proches de ce<br \/>\nseuil, nourris par les premi\u00e8res sessions de simulation. Felipe<br \/>\nDrugovich, pilote de d\u00e9veloppement chez Aston Martin, d\u00e9crit des<br \/>\nbolides au comportement radical : \u201cLa monoplace bondit<br \/>\nlitt\u00e9ralement \u00e0 la sortie des virages, on a l\u2019impression d\u2019\u00eatre sur<br \/>\nune fus\u00e9e.\u201d<\/p>\n<p>Ces t\u00e9moignages renforcent l\u2019id\u00e9e que la nouvelle g\u00e9n\u00e9ration de<br \/>\nF1 combinera une acc\u00e9l\u00e9ration explosive avec une vitesse de pointe<br \/>\njamais atteinte dans l\u2019\u00e8re moderne.<\/p>\n<p><strong>Entre fascination et inqui\u00e9tudes<\/strong><\/p>\n<p>Cette \u00e9volution n\u2019est toutefois pas accueillie avec le m\u00eame<br \/>\nenthousiasme par l\u2019ensemble du paddock. Plusieurs pilotes redoutent<br \/>\nque le plaisir de pilotage ne soit amoindri par des phases de<br \/>\ngestion d\u2019\u00e9nergie, notamment en fin de ligne droite, ce qui<br \/>\npourrait nuire au spectacle en piste.<\/p>\n<p>D\u2019autres mettent en garde contre une r\u00e9glementation encore en<br \/>\nphase de gestation et dont les contours d\u00e9finitifs n\u2019ont pas encore<br \/>\n\u00e9t\u00e9 valid\u00e9s. La prudence reste donc de mise, m\u00eame si l\u2019excitation<br \/>\nautour de ces chiffres vertigineux nourrit d\u00e9j\u00e0 le d\u00e9bat.<\/p>\n<p>Quant aux ch\u00e2ssis, ils seront diff\u00e9rents des mod\u00e8les actuels<br \/>\nselon le directeur technqiue de Mercedes, James Allison\u00a0:<\/p>\n<p>\u201cCe sont des voitures avec un fond plat et une marche au<br \/>\nmilieu. On ne peut pas sceller le fond plat sur les c\u00f4t\u00e9s aussi<br \/>\nefficacement que sur les monoplaces actuelles. Cela rend plus<br \/>\ndifficile le maintien de la zone de basse pression sous la<br \/>\nvoiture.\u201d<\/p>\n<p>\u201cL\u2019effet Venturi sera moins marqu\u00e9. N\u00e9anmoins, les voitures<br \/>\nde 2026 ne sont pas une copie conforme de ce que nous avons connu<br \/>\navant 2022. Elles se situent quelque part entre l\u2019avant et<br \/>\nl\u2019apr\u00e8s.\u201d<\/p>\n<p>Pour l\u2019heure, l\u2019essentiel demeure : la F1 s\u2019appr\u00eate \u00e0 franchir<br \/>\nun nouveau cap technique qui pourrait red\u00e9finir les limites de la<br \/>\ndiscipline et la perception m\u00eame de la vitesse en Grand Prix.<\/p>\n","protected":false},"excerpt":{"rendered":"La r\u00e9volution r\u00e9glementaire de 2026 pourrait propulser les monoplaces vers des vitesses in\u00e9dites, jusqu\u2019\u00e0 400 km\/h selon certains&hellip;\n","protected":false},"author":2,"featured_media":368588,"comment_status":"","ping_status":"","sticky":false,"template":"","format":"standard","meta":{"footnotes":""},"categories":[4103],"tags":[4199,707,4200,79,16,15],"class_list":{"0":"post-368587","1":"post","2":"type-post","3":"status-publish","4":"format-standard","5":"has-post-thumbnail","7":"category-f1","8":"tag-f1","9":"tag-formula-1","10":"tag-formula1","11":"tag-sports","12":"tag-uk","13":"tag-united-kingdom"},"share_on_mastodon":{"url":"https:\/\/pubeurope.com\/@uk\/115081138903651379","error":""},"_links":{"self":[{"href":"https:\/\/www.europesays.com\/uk\/wp-json\/wp\/v2\/posts\/368587","targetHints":{"allow":["GET"]}}],"collection":[{"href":"https:\/\/www.europesays.com\/uk\/wp-json\/wp\/v2\/posts"}],"about":[{"href":"https:\/\/www.europesays.com\/uk\/wp-json\/wp\/v2\/types\/post"}],"author":[{"embeddable":true,"href":"https:\/\/www.europesays.com\/uk\/wp-json\/wp\/v2\/users\/2"}],"replies":[{"embeddable":true,"href":"https:\/\/www.europesays.com\/uk\/wp-json\/wp\/v2\/comments?post=368587"}],"version-history":[{"count":0,"href":"https:\/\/www.europesays.com\/uk\/wp-json\/wp\/v2\/posts\/368587\/revisions"}],"wp:featuredmedia":[{"embeddable":true,"href":"https:\/\/www.europesays.com\/uk\/wp-json\/wp\/v2\/media\/368588"}],"wp:attachment":[{"href":"https:\/\/www.europesays.com\/uk\/wp-json\/wp\/v2\/media?parent=368587"}],"wp:term":[{"taxonomy":"category","embeddable":true,"href":"https:\/\/www.europesays.com\/uk\/wp-json\/wp\/v2\/categories?post=368587"},{"taxonomy":"post_tag","embeddable":true,"href":"https:\/\/www.europesays.com\/uk\/wp-json\/wp\/v2\/tags?post=368587"}],"curies":[{"name":"wp","href":"https:\/\/api.w.org\/{rel}","templated":true}]}}