{"id":371270,"date":"2025-08-25T02:50:18","date_gmt":"2025-08-25T02:50:18","guid":{"rendered":"https:\/\/www.europesays.com\/uk\/371270\/"},"modified":"2025-08-25T02:50:18","modified_gmt":"2025-08-25T02:50:18","slug":"makela-conducts-mahlers-fifth-royal-albert-hall","status":"publish","type":"post","link":"https:\/\/www.europesays.com\/uk\/371270\/","title":{"rendered":"M\u00c4KEL\u00c4 CONDUCTS MAHLER\u2019S FIFTH, Royal Albert Hall"},"content":{"rendered":"<p><img loading=\"lazy\" decoding=\"async\" alt=\"Review: BBC PROMS: M\u00c4KEL\u00c4 CONDUCTS MAHLER\u2019S FIFTH, Royal Albert Hall  Image\" title=\"Review: BBC PROMS: M\u00c4KEL\u00c4 CONDUCTS MAHLER\u2019S FIFTH, Royal Albert Hall \" height=\"35\" src=\"https:\/\/cloudimages2.broadwayworld.com\/5stars.png?format=auto&amp;width=1400\" align=\"right\" width=\"151\"\/>The natural big events of every Proms season are the First and Last Nights &#8211; but when a superstar conductor in the making is booked for two appearances, these concerts also become moments to which audiences will gravitate. Klaus M\u00e4kel\u00e4 has plenty of achievements under his belt already, making his concerts appointment viewing; it came as no surprise that the Prommers were queued around the block before the doors opened, each hoping to claim a good spot for the evening.<\/p>\n<p>As I walked through the Royal Albert Hall corridors to take my seat, I even overheard a member of the orchestra telling someone how excited they were about the concert in which they were about to perform &#8211; if this doesn\u2019t raise your expectations, then nothing will.<\/p>\n<p><img loading=\"lazy\" decoding=\"async\" alt=\"Review: BBC PROMS: M\u00c4KEL\u00c4 CONDUCTS MAHLER\u2019S FIFTH, Royal Albert Hall  Image\" title=\"Review: BBC PROMS: M\u00c4KEL\u00c4 CONDUCTS MAHLER\u2019S FIFTH, Royal Albert Hall \" height=\"333\" src=\"https:\/\/www.europesays.com\/uk\/wp-content\/uploads\/2025\/08\/BBC Proms_M\u00e4kel\u00e4 Conducts Mahler\u2019s Fifth_photo credit BBC Chris Christodoulou (11).jpeg\" width=\"500\"\/>&#13;<br \/>\nRoyal Concertgebouw Orchestra&#13;<\/p>\n<p>The two pieces on the programme (Berio\u2019s Rendering and Mahler\u2019s Symphony No. 5 in C sharp minor) are linked by their final movements; the \u201cScherzo\u201d and \u201cRondo-Finale\u201d, respectively, feel similar in mood and tone, both bringing the overall compositions to triumphant conclusions.<\/p>\n<p>Renderings is Luciano Berio\u2019s take on some of Schubert\u2019s unfinished work, in which he has pulled together different themes rather than try to \u2018complete\u2019 particular sketches that the Austrian composer left behind upon his premature death. At times bright and bubbly, and at others slightly more soporific, the highlights for me were the interludes from the celesta (manned by pianist Jeroen Bal). Although it\u2019s anachronistic to Schubert\u2019s original compositions, it brings a lightness to the whole piece &#8211; and Bal\u2019s performance reflected this.<\/p>\n<p>Concert-master Vesko Eschkenazy highlighted in his programme interview that the Concertgebouw Orchestra is well known for its presentations of Mahler\u2019s work, and the Fifth Symphony also happens to be one of his favourite pieces. The ensemble\u2019s expertise in Mahler was evident in their confident and precise performance; the great details that came to the fore in this rendition were presumably a combination of the musicians\u2019 familiarity with the piece, and the style associated with M\u00e4kel\u00e4.<\/p>\n<p>It is a truly remarkable composition, as it draws on several deeply personal moments in Mahler\u2019s life &#8211; such as his near-death experience on the operating table, and finding love with his future wife Alma Schindler. The five movements are described in the programme as being \u201cmanic-depressive\u201d, due to its almost violent shifts in mood and tempo; this constant change in style proved a great foil for M\u00e4kel\u00e4\u2019s approach to conducting, his more exuberant gestures flowing naturally into something more pared back when required.<\/p>\n<p><img loading=\"lazy\" decoding=\"async\" alt=\"Review: BBC PROMS: M\u00c4KEL\u00c4 CONDUCTS MAHLER\u2019S FIFTH, Royal Albert Hall  Image\" title=\"Review: BBC PROMS: M\u00c4KEL\u00c4 CONDUCTS MAHLER\u2019S FIFTH, Royal Albert Hall \" height=\"333\" src=\"https:\/\/www.europesays.com\/uk\/wp-content\/uploads\/2025\/08\/BBC Proms_M\u00e4kel\u00e4 Conducts Mahler\u2019s Fifth_photo credit BBC Chris Christodoulou (20).jpeg\" width=\"500\"\/>&#13;<br \/>\nKlaus\u00a0M\u00e4kel\u00e4&#13;<\/p>\n<p>So meticulous was he in the overall sound that the orchestra produced, that in the quieter sequences of both pieces he took almost exaggerated care in turning the pages of his score completely silently. It\u2019s a shame that several audience members around me didn\u2019t show the music the same respect, instead deciding to open snacks five minutes before the interval and persistently have whispered conversations.<\/p>\n<p>Even this lack of consideration couldn\u2019t spoil an engrossing evening of top quality musicianship. The Royal Concertgebouw Orchestra was on great form, and gave an enthusiastic and authoritative performance &#8211; these two pieces mean a lot to them, and it definitely showed. Up on the podium, it\u2019s safe to say that M\u00e4kel\u00e4 worked his magic again; it may be a clich\u00e9 to say it, but it really was impossible to take your eyes off him. He is the kind of character upon which the Proms season thrives, and I hope to see him return for many years to come.<\/p>\n<p>The BBC Proms run at the Royal Albert Hall until 13 September<\/p>\n<p>Photo credit: Chris Christodoulou<\/p>\n<p><\/p>\n<p>   Reader Reviews<\/p>\n<p>            To post a comment, you must <a href=\"https:\/\/www.broadwayworld.com\/register.cfm\" target=\"_blank\" rel=\"noopener\">register<\/a> and <a href=\"https:\/\/www.broadwayworld.com\/newlogin.cfm\" target=\"_blank\" rel=\"noopener\">login<\/a>.<\/p>\n","protected":false},"excerpt":{"rendered":"The natural big events of every Proms season are the First and Last Nights &#8211; but when a&hellip;\n","protected":false},"author":2,"featured_media":371271,"comment_status":"","ping_status":"","sticky":false,"template":"","format":"standard","meta":{"footnotes":""},"categories":[7757],"tags":[748,393,4884,257,16,15],"class_list":{"0":"post-371270","1":"post","2":"type-post","3":"status-publish","4":"format-standard","5":"has-post-thumbnail","7":"category-london","8":"tag-britain","9":"tag-england","10":"tag-great-britain","11":"tag-london","12":"tag-uk","13":"tag-united-kingdom"},"share_on_mastodon":{"url":"https:\/\/pubeurope.com\/@uk\/115087135528031406","error":""},"_links":{"self":[{"href":"https:\/\/www.europesays.com\/uk\/wp-json\/wp\/v2\/posts\/371270","targetHints":{"allow":["GET"]}}],"collection":[{"href":"https:\/\/www.europesays.com\/uk\/wp-json\/wp\/v2\/posts"}],"about":[{"href":"https:\/\/www.europesays.com\/uk\/wp-json\/wp\/v2\/types\/post"}],"author":[{"embeddable":true,"href":"https:\/\/www.europesays.com\/uk\/wp-json\/wp\/v2\/users\/2"}],"replies":[{"embeddable":true,"href":"https:\/\/www.europesays.com\/uk\/wp-json\/wp\/v2\/comments?post=371270"}],"version-history":[{"count":0,"href":"https:\/\/www.europesays.com\/uk\/wp-json\/wp\/v2\/posts\/371270\/revisions"}],"wp:featuredmedia":[{"embeddable":true,"href":"https:\/\/www.europesays.com\/uk\/wp-json\/wp\/v2\/media\/371271"}],"wp:attachment":[{"href":"https:\/\/www.europesays.com\/uk\/wp-json\/wp\/v2\/media?parent=371270"}],"wp:term":[{"taxonomy":"category","embeddable":true,"href":"https:\/\/www.europesays.com\/uk\/wp-json\/wp\/v2\/categories?post=371270"},{"taxonomy":"post_tag","embeddable":true,"href":"https:\/\/www.europesays.com\/uk\/wp-json\/wp\/v2\/tags?post=371270"}],"curies":[{"name":"wp","href":"https:\/\/api.w.org\/{rel}","templated":true}]}}