{"id":372413,"date":"2025-08-25T13:32:10","date_gmt":"2025-08-25T13:32:10","guid":{"rendered":"https:\/\/www.europesays.com\/uk\/372413\/"},"modified":"2025-08-25T13:32:10","modified_gmt":"2025-08-25T13:32:10","slug":"meghan-markles-new-with-love-meghan-trailer-includes-a-tribute-to-princess-lilibet","status":"publish","type":"post","link":"https:\/\/www.europesays.com\/uk\/372413\/","title":{"rendered":"Meghan Markle\u2019s New \u2018With Love, Meghan\u2019 Trailer Includes a Tribute to Princess Lilibet"},"content":{"rendered":"<ul>\n<li>The second season of Meghan Markle\u2019s Netflix series With Love, Meghan will premiere on the streaming service on August 26.<\/li>\n<li>Ahead of the premiere date, a very fashion-forward trailer sees the Duchess of Sussex in brands she is known to love, like Veronica Beard, Heidi Merrick, and more.<\/li>\n<li>In one clip from the trailer, Meghan wears a Carolina Herrera dress that is a subtle tribute to the daughter she shares with Prince Harry, Princess Lilibet.<\/li>\n<\/ul>\n<p id=\"mntl-sc-block_2-0\" class=\"comp mntl-sc-block mntl-sc-block-html\"> There was a blink and you\u2019ll miss it tribute to <a class=\"recommendation-inline-link\" href=\"https:\/\/www.instyle.com\/prince-harry-meghan-markle-daughter-lilibet-princess-phase-8773050\" link-destination-recommendation=\"true\" data-component=\"link\" data-source=\"inlineLink\" data-type=\"internalLink\" data-ordinal=\"1\" target=\"_blank\" rel=\"noopener\">Princess Lilibet<\/a> in the trailer for season two of <a class=\"recommendation-inline-link\" href=\"https:\/\/www.instyle.com\/meghan-markle-power-suit-time-100-summit-nyc-appearance-11717859\" link-destination-recommendation=\"true\" data-component=\"link\" data-source=\"inlineLink\" data-type=\"internalLink\" data-ordinal=\"2\" target=\"_blank\" rel=\"noopener\">Meghan Markle<\/a>\u2019s With Love, Meghan, which premieres on Netflix on August 26.\n<\/p>\n<p id=\"mntl-sc-block_4-0\" class=\"comp mntl-sc-block mntl-sc-block-html\"> In one scene of <a href=\"https:\/\/www.youtube.com\/watch?v=BItsS9GuM6o\" data-component=\"link\" data-source=\"inlineLink\" data-type=\"externalLink\" data-ordinal=\"1\" target=\"_blank\" rel=\"noopener\">the fashion-forward trailer<\/a>, the Duchess of Sussex wears a favorite brand\u2014Carolina Herrera\u2014in the label\u2019s <a href=\"https:\/\/editorialist.com\/p\/carolina-herrera-lily-of-the-valley-print-sundress\/?lid=29704335&amp;utm_source=shopmy\" data-component=\"link\" data-source=\"inlineLink\" data-type=\"externalLink\" data-ordinal=\"2\" rel=\"nofollow noopener\" target=\"_blank\">Lily of the Valley print sundress<\/a>. The dress, which retailed for $2,490 according to fashion site <a href=\"https:\/\/whatmeghanwore.net\/with-love-meghan-season-2-a-toast-to-creativity-laughter-and-lobster-free-love\/\" data-component=\"link\" data-source=\"inlineLink\" data-type=\"externalLink\" data-ordinal=\"3\" rel=\"nofollow noopener\" target=\"_blank\">What Meghan Wore<\/a>, is a subtle homage to the daughter she shares with Prince Harry, as the 4-year-old\u2019s nickname is Lili.\n<\/p>\n<p> Meghan Markle in Carolina Herrera&#8217;s Lily of the Valley dress.<\/p>\n<p>Jake Rosenberg\/Netflix<\/p>\n<p id=\"mntl-sc-block_7-0\" class=\"comp mntl-sc-block mntl-sc-block-html\"> That look paired the dress with Meghan\u2019s Lorraine Schwartz emerald cut pinky ring and a pair of round emerald and gold stud earrings, according to What Meghan Wore.\n<\/p>\n<p id=\"mntl-sc-block_9-0\" class=\"comp mntl-sc-block mntl-sc-block-html\"> The short clip featured a cornucopia of looks, from outfits by favorite brands like Veronica Beard, Heidi Merrick, Anine Bing, S\u00e9zane, and D\u00f4en; a standout piece was a mustard yellow Gabriela Hearst wool maxi dress.\n<\/p>\n<p> Meghan Markle and Chrissy Teigen.<\/p>\n<p>Jake Rosenberg\/Netflix<\/p>\n<p id=\"mntl-sc-block_12-0\" class=\"comp mntl-sc-block mntl-sc-block-html\"> The As Ever founder also wore jewelry staples like her mother-in-law <a class=\"recommendation-inline-link\" href=\"https:\/\/www.instyle.com\/princess-diana-wanted-to-wear-daring-looks-final-years-11749812\" link-destination-recommendation=\"true\" data-component=\"link\" data-source=\"inlineLink\" data-type=\"internalLink\" data-ordinal=\"1\" target=\"_blank\" rel=\"noopener\">Princess Diana<\/a>\u2019s gold Cartier Tank watch, Meghan\u2019s own Cartier Love bracelet, an Ariel Gordon Hex bracelet, and Logan Hollowell pieces, like the brand\u2019s <a href=\"https:\/\/go.shopmy.us\/p-22913009\" data-component=\"link\" data-source=\"inlineLink\" data-type=\"externalLink\" data-ordinal=\"2\" rel=\"nofollow noopener\" target=\"_blank\">Call On Your Angels diamond angel eye coin necklace<\/a>\u2014which retails for $5,775.\n<\/p>\n<p id=\"mntl-sc-block_14-0\" class=\"comp mntl-sc-block mntl-sc-block-html\"> After season one of the show premiered in March, Meghan is joined this season by the likes of <a class=\"recommendation-inline-link\" href=\"https:\/\/www.instyle.com\/chrissy-teigen-bra-top-denim-blazer-8650451\" link-destination-recommendation=\"true\" data-component=\"link\" data-source=\"inlineLink\" data-type=\"internalLink\" data-ordinal=\"1\" target=\"_blank\" rel=\"noopener\">Chrissy Teigen<\/a>, Christina Tosi, Jay Shetty, Jos\u00e9 Andr\u00e9s, and more. At one point in the trailer, Meghan confessed to Andr\u00e9s that Harry doesn\u2019t like lobster, to which the chef cheekily replied, \u201cAnd you married him anyway?\u201d\n<\/p>\n<p> Meghan Markle and Jos\u00e9 Andr\u00e9s.<\/p>\n<p>Jake Rosenberg\/Netflix<\/p>\n<p id=\"mntl-sc-block_17-0\" class=\"comp mntl-sc-block mntl-sc-block-html\"> \u201cIt\u2019s all about embracing playfulness over perfection and finding joy in creating together,\u201d Meghan said in the trailer.\n<\/p>\n<p id=\"mntl-sc-block_19-0\" class=\"comp mntl-sc-block mntl-sc-block-html\"> In addition to season two of With Love, Meghan, a With Love, Meghan: Holiday Celebration will air this December as part of Harry and Meghan\u2019s renewed Netflix deal. After originally signing a reported $100 million deal in September 2020, the Duke and Duchess of Sussex and Netflix announced in an August 11 release that they were extending their creative partnership with a \u201cmulti-year, first-look deal for film and television projects,\u201d <a href=\"https:\/\/people.com\/meghan-markle-prince-harry-netflix-deal-announcement-11788419\" data-component=\"link\" data-source=\"inlineLink\" data-type=\"externalLink\" data-ordinal=\"1\" rel=\"nofollow noopener\" target=\"_blank\">People<\/a> reported.\n<\/p>\n<p> Tan France and Meghan Markle.<\/p>\n<p>Jake Rosenberg\/Netflix<\/p>\n<p id=\"mntl-sc-block_24-0\" class=\"comp mntl-sc-block mntl-sc-block-html\"> \u201cWe\u2019re proud to extend our partnership with Netflix and expand our work together to include the As Ever brand,\u201d Meghan said in a statement. \u201cMy husband and I feel inspired by our partners who work closely with us and our Archewell Productions team to create thoughtful content across genres that resonates globally and celebrates our shared vision.\u201d\n<\/p>\n<\/p>\n<p id=\"mntl-sc-block_28-0\" class=\"comp mntl-sc-block mntl-sc-block-html\"> As referenced by Meghan, her lifestyle brand As Ever was developed in partnership with the streaming service and will continue expanding into new product categories, according to the release. Other projects that the Sussexes will partner with Netflix on include Masaka Kids, a Rhythm Within, and their adaptation of the Carley Fortune novel Meet Me at the Lake.<\/p>\n","protected":false},"excerpt":{"rendered":"The second season of Meghan Markle\u2019s Netflix series With Love, Meghan will premiere on the streaming service on&hellip;\n","protected":false},"author":2,"featured_media":372414,"comment_status":"","ping_status":"","sticky":false,"template":"","format":"standard","meta":{"footnotes":""},"categories":[7708],"tags":[7709,7721,7719,7718,7720,1281,447,7710,519,7711],"class_list":{"0":"post-372413","1":"post","2":"type-post","3":"status-publish","4":"format-standard","5":"has-post-thumbnail","7":"category-royals","8":"tag-british-royal-family","9":"tag-duchess-of-sussex","10":"tag-duke-of-sussex","11":"tag-harry","12":"tag-meghan","13":"tag-meghan-markle","14":"tag-prince-harry","15":"tag-royal-families","16":"tag-royal-family","17":"tag-uk-royal-family"},"share_on_mastodon":{"url":"https:\/\/pubeurope.com\/@uk\/115089659881032780","error":""},"_links":{"self":[{"href":"https:\/\/www.europesays.com\/uk\/wp-json\/wp\/v2\/posts\/372413","targetHints":{"allow":["GET"]}}],"collection":[{"href":"https:\/\/www.europesays.com\/uk\/wp-json\/wp\/v2\/posts"}],"about":[{"href":"https:\/\/www.europesays.com\/uk\/wp-json\/wp\/v2\/types\/post"}],"author":[{"embeddable":true,"href":"https:\/\/www.europesays.com\/uk\/wp-json\/wp\/v2\/users\/2"}],"replies":[{"embeddable":true,"href":"https:\/\/www.europesays.com\/uk\/wp-json\/wp\/v2\/comments?post=372413"}],"version-history":[{"count":0,"href":"https:\/\/www.europesays.com\/uk\/wp-json\/wp\/v2\/posts\/372413\/revisions"}],"wp:featuredmedia":[{"embeddable":true,"href":"https:\/\/www.europesays.com\/uk\/wp-json\/wp\/v2\/media\/372414"}],"wp:attachment":[{"href":"https:\/\/www.europesays.com\/uk\/wp-json\/wp\/v2\/media?parent=372413"}],"wp:term":[{"taxonomy":"category","embeddable":true,"href":"https:\/\/www.europesays.com\/uk\/wp-json\/wp\/v2\/categories?post=372413"},{"taxonomy":"post_tag","embeddable":true,"href":"https:\/\/www.europesays.com\/uk\/wp-json\/wp\/v2\/tags?post=372413"}],"curies":[{"name":"wp","href":"https:\/\/api.w.org\/{rel}","templated":true}]}}