{"id":372524,"date":"2025-08-25T14:33:15","date_gmt":"2025-08-25T14:33:15","guid":{"rendered":"https:\/\/www.europesays.com\/uk\/372524\/"},"modified":"2025-08-25T14:33:15","modified_gmt":"2025-08-25T14:33:15","slug":"acclaimed-spanish-actress-veronica-echegui-dies-aged-42-after-secret-cancer-battle","status":"publish","type":"post","link":"https:\/\/www.europesays.com\/uk\/372524\/","title":{"rendered":"Acclaimed Spanish actress Ver\u00f3nica Echegui dies aged 42 after secret cancer battle"},"content":{"rendered":"<p class=\"author-section byline-plain\">By <a href=\"https:\/\/www.dailymail.co.uk\/profile-160\/joanna-crawley.html\" class=\"author\" target=\"_blank\" rel=\"noopener\">JOANNA CRAWLEY, ACTING DEPUTY SHOWBUSINESS EDITOR<\/a> <\/p>\n<p class=\"byline-section\"> Published:  09:55 EDT, 25 August 2025   |  Updated:  10:27 EDT, 25 August 2025   <\/p>\n<p class=\"mol-para-with-font\">Actress Ver\u00f3nica Echegui has died at the age of 42.\u00a0<\/p>\n<p class=\"mol-para-with-font\">The Spanish star was hospitalised in Madrid and died on Sunday after privately battling <a style=\"font-weight: bold;\" target=\"_self\" href=\"https:\/\/www.dailymail.co.uk\/news\/cancer\/index.html\" id=\"mol-2f5c4910-81bb-11f0-8411-812bbe352ba5\" rel=\"noopener\">cancer<\/a>, local press have reported.<\/p>\n<p class=\"mol-para-with-font\">Appearing in over 30 films and TV shows over an 18 year career, Echegui was known for her 2008 role in My Prisoner&#8217;s Yard (2008), directed by Bel\u00e9n Mac\u00edas and produced by Pedro Almod\u00f3var.<\/p>\n<p class=\"mol-para-with-font\">Her breakout film\u00a0I am Juani (2006) meanwhile catapulted her to fame in Spanish cinema.<\/p>\n<p class=\"mol-para-with-font\">Alongside her success in her native <a style=\"font-weight: bold;\" target=\"_self\" href=\"https:\/\/www.dailymail.co.uk\/news\/spain\/index.html\" id=\"mol-2f66a950-81bb-11f0-8411-812bbe352ba5\" rel=\"noopener\">Spain<\/a>, she made her Hollywood foray in 2013 with a part in The Cold Light Of Day alongside\u00a0<a style=\"font-weight: bold;\" target=\"_self\" href=\"https:\/\/www.dailymail.co.uk\/tvshowbiz\/sigourney-weaver\/index.html\" id=\"mol-2f4fc5f0-81bb-11f0-8411-812bbe352ba5\" rel=\"noopener\">Sigourney Weaver<\/a> and <a style=\"font-weight: bold;\" target=\"_self\" href=\"https:\/\/www.dailymail.co.uk\/tvshowbiz\/bruce-willis\/index.html\" id=\"mol-2f09bc40-81bb-11f0-8411-812bbe352ba5\" rel=\"noopener\">Bruce Willis<\/a>.<\/p>\n<p class=\"mol-para-with-font\">She also shared the screen with British talents <a style=\"font-weight: bold;\" target=\"_self\" href=\"https:\/\/www.dailymail.co.uk\/tvshowbiz\/noel-fielding\/index.html\" id=\"mol-2f403590-81bb-11f0-8411-812bbe352ba5\" rel=\"noopener\">Noel Fielding<\/a> and\u00a0Richard Ayoade in 2009 film Bunny And The Bull.\u00a0<\/p>\n<p>   <img decoding=\"async\" id=\"i-ba7c72fc40818aab\" src=\"https:\/\/www.europesays.com\/uk\/wp-content\/uploads\/2025\/08\/101522935-15031831-image-a-1_1756129916596.jpg\" height=\"953\" width=\"634\" alt=\"Actress Ver\u00f3nica Echegui has died at the age of 42. The Spanish star was hospitalised in Madrid and died on Sunday after privately battling cancer, local press have reported (pictured in February 2025)\" class=\"blkBorder img-share\" style=\"max-width:100%\" loading=\"lazy\" \/>   <\/p>\n<p class=\"imageCaption\">Actress Ver\u00f3nica Echegui has died at the age of 42. The Spanish star was hospitalised in Madrid and died on Sunday after privately battling cancer, local press have reported (pictured in February 2025)\u00a0<\/p>\n<p>   <img decoding=\"async\" id=\"i-d39d7091d139c326\" src=\"https:\/\/www.europesays.com\/uk\/wp-content\/uploads\/2025\/08\/101522941-15031831-image-a-2_1756129932437.jpg\" height=\"423\" width=\"634\" alt=\"The acclaimed star appeared in over 30 films and TV shows over an 18 year career (pictured in 2017's Let Yourself Go\" class=\"blkBorder img-share\" style=\"max-width:100%\" loading=\"lazy\" \/>   <\/p>\n<p class=\"imageCaption\">The acclaimed star appeared in over 30 films and TV shows over an 18 year career (pictured in 2017&#8217;s Let Yourself Go<\/p>\n<p class=\"mol-para-with-font\">Then in 2022 she appeared alongside Sam Claflin in the Prime Video\u00a0bilingual rom-com\u00a0Book of Love.\u00a0<\/p>\n<p class=\"mol-para-with-font\">She played a prominent role in the series Fortitude, an Amazon Prime production\u00a0set in the Arctic Circle.\u00a0<\/p>\n<p class=\"mol-para-with-font\">Her last appearance on screen was in the Apple TV+ series Love You To Death, filmed in August 2023 and released earlier this year.<\/p>\n<p class=\"mol-para-with-font\">The rom com\u00a0tells the story of the cautious Ra\u00fal (Joan Amarg\u00f3s), who reconnects with newly pregnant childhood friend Marta (Echegui) following his heart cancer diagnosis.\u00a0<\/p>\n<p class=\"mol-para-with-font\">In interviews earlier this year to promote the release, Echegui spoke about the impact of illness on loved ones, in relation to the series&#8217; plot.<\/p>\n<p class=\"mol-para-with-font\">&#8216;The series asks many questions about death and life, because it&#8217;s impossible to talk about death without talking about life and how you live it,&#8217; explained the actress.<\/p>\n<p class=\"mol-para-with-font\">&#8216;I think the people who love you are the only ones who have the courage to say to you: &#8220;Have you considered whether this is right? Are you happy like this or not?&#8221;&#8216;<\/p>\n<p class=\"mol-para-with-font\">Born in Madrid in 1983 Echegui made her television debut with small roles in the series A New Life and Paco and Veva after abandoning her Sociology studies to train\u00a0at the Royal School of Dramatic Art.<\/p>\n<p>   <img decoding=\"async\" id=\"i-7c04714aa4913fb9\" src=\"https:\/\/www.europesays.com\/uk\/wp-content\/uploads\/2025\/08\/101522929-15031831-image-a-3_1756129982551.jpg\" height=\"951\" width=\"634\" alt=\"Alongside her success in her native Spain, she made her Hollywood foray in 2013 with a part in The Cold Light Of Day alongside Sigourney Weaver and Bruce Willis (pictured in 2023)\" class=\"blkBorder img-share\" style=\"max-width:100%\" loading=\"lazy\" \/>   <\/p>\n<p class=\"imageCaption\">Alongside her success in her native Spain, she made her Hollywood foray in 2013 with a part in The Cold Light Of Day alongside Sigourney Weaver and Bruce Willis (pictured in 2023)\u00a0<\/p>\n<p>   <img decoding=\"async\" id=\"i-1fcc98ec3cf949d\" src=\"https:\/\/www.europesays.com\/uk\/wp-content\/uploads\/2025\/08\/101524923-15031831-image-a-13_1756131004722.jpg\" height=\"224\" width=\"634\" alt=\"Spanish Prime Minister Pedro S\u00e1nchez was among those to pay tribute, taking to social media to highlight her 'immense talent and humility.'\" class=\"blkBorder img-share\" style=\"max-width:100%\" loading=\"lazy\" \/>   <\/p>\n<p class=\"imageCaption\">Spanish Prime Minister Pedro S\u00e1nchez was among those to pay tribute, taking to social media to highlight her &#8216;immense talent and humility.&#8217;<\/p>\n<p>   <img decoding=\"async\" id=\"i-55d13e31b36e20be\" src=\"https:\/\/www.europesays.com\/uk\/wp-content\/uploads\/2025\/08\/101525291-15031831-image-a-19_1756131769234.jpg\" height=\"357\" width=\"634\" alt=\"Her last appearance on screen was in the Apple TV+ series Love You To Death, filmed in August 2023 and released earlier this year\" class=\"blkBorder img-share\" style=\"max-width:100%\" loading=\"lazy\" \/>   <\/p>\n<p class=\"imageCaption\">Her last appearance on screen was in the Apple TV+ series Love You To Death, filmed in August 2023 and released earlier this year<\/p>\n<p class=\"mol-para-with-font\">Spanish Prime Minister Pedro S\u00e1nchez was among those to pay tribute, taking to social media to highlight her &#8216;immense talent and humility.&#8217;\u00a0<\/p>\n<p class=\"mol-para-with-font\">&#8216;I was deeply shocked by the news of Ver\u00f3nica Echegui&#8217;s passing, an actress with enormous talent and humility who leaves us far too young. My sincere embrace in these such difficult moments for the entire family and friends,&#8217; Sanchez wrote.<\/p>\n<p class=\"mol-para-with-font\">The Spanish Actors and Actresses Union also issued a tribute, celebrating her contribution to cinema.<\/p>\n<p>                    Share or comment on this article:<br \/>\n                        Acclaimed Spanish actress Ver\u00f3nica Echegui dies aged 42 after secret cancer battle<\/p>\n","protected":false},"excerpt":{"rendered":"By JOANNA CRAWLEY, ACTING DEPUTY SHOWBUSINESS EDITOR Published: 09:55 EDT, 25 August 2025 | Updated: 10:27 EDT, 25&hellip;\n","protected":false},"author":2,"featured_media":372525,"comment_status":"","ping_status":"","sticky":false,"template":"","format":"standard","meta":{"footnotes":""},"categories":[9],"tags":[92,77,813,16,15],"class_list":{"0":"post-372524","1":"post","2":"type-post","3":"status-publish","4":"format-standard","5":"has-post-thumbnail","7":"category-entertainment","8":"tag-dailymail","9":"tag-entertainment","10":"tag-tvshowbiz","11":"tag-uk","12":"tag-united-kingdom"},"share_on_mastodon":{"url":"https:\/\/pubeurope.com\/@uk\/115089899913171049","error":""},"_links":{"self":[{"href":"https:\/\/www.europesays.com\/uk\/wp-json\/wp\/v2\/posts\/372524","targetHints":{"allow":["GET"]}}],"collection":[{"href":"https:\/\/www.europesays.com\/uk\/wp-json\/wp\/v2\/posts"}],"about":[{"href":"https:\/\/www.europesays.com\/uk\/wp-json\/wp\/v2\/types\/post"}],"author":[{"embeddable":true,"href":"https:\/\/www.europesays.com\/uk\/wp-json\/wp\/v2\/users\/2"}],"replies":[{"embeddable":true,"href":"https:\/\/www.europesays.com\/uk\/wp-json\/wp\/v2\/comments?post=372524"}],"version-history":[{"count":0,"href":"https:\/\/www.europesays.com\/uk\/wp-json\/wp\/v2\/posts\/372524\/revisions"}],"wp:featuredmedia":[{"embeddable":true,"href":"https:\/\/www.europesays.com\/uk\/wp-json\/wp\/v2\/media\/372525"}],"wp:attachment":[{"href":"https:\/\/www.europesays.com\/uk\/wp-json\/wp\/v2\/media?parent=372524"}],"wp:term":[{"taxonomy":"category","embeddable":true,"href":"https:\/\/www.europesays.com\/uk\/wp-json\/wp\/v2\/categories?post=372524"},{"taxonomy":"post_tag","embeddable":true,"href":"https:\/\/www.europesays.com\/uk\/wp-json\/wp\/v2\/tags?post=372524"}],"curies":[{"name":"wp","href":"https:\/\/api.w.org\/{rel}","templated":true}]}}