{"id":372598,"date":"2025-08-25T15:13:10","date_gmt":"2025-08-25T15:13:10","guid":{"rendered":"https:\/\/www.europesays.com\/uk\/372598\/"},"modified":"2025-08-25T15:13:10","modified_gmt":"2025-08-25T15:13:10","slug":"gibraltar-spain-border-to-vanish-in-2026-under-post-brexit-deal","status":"publish","type":"post","link":"https:\/\/www.europesays.com\/uk\/372598\/","title":{"rendered":"Gibraltar-Spain border to vanish in 2026 under post-Brexit deal"},"content":{"rendered":"<p>\n<strong>The 1.2km fence dividing Spain and Gibraltar is expected to be dismantled in January 2026, scrapping daily checks for the 15,000 frontier workers who cross into the Rock from Spain,<\/strong><strong>\u00a0<\/strong><strong>El Pa\u00eds<\/strong>\u00a0<a href=\"https:\/\/elpais.com\/espana\/2025-08-25\/espana-y-reino-unido-planean-derrumbar-la-verja-con-gibraltar-el-proximo-enero.html\" target=\"_blank\" rel=\"noopener\"><strong>reported.<\/strong><\/a>\n<\/p>\n<p>\nDubbed \u201cthe last wall in Western Europe\u201d by Spanish Foreign Minister Jos\u00e9 Manuel Albares, the frontier\u2019s removal is the centrepiece of a broader post-Brexit deal reached in June between London, Brussels, and Madrid.\n<\/p>\n<p>\nThe dismantling of la Verja (the fence), which separates Gibraltar from the Spanish town of La L\u00ednea de la Concepci\u00f3n in C\u00e1diz province, still requires a draft accord to be finalised and approved by the European Commission. Albares <a href=\"https:\/\/www.europapress.es\/nacional\/noticia-albares-vaticina-tratado-gibraltar-estara-redactado-negro-blanco-otono-20250612094637.html\" target=\"_blank\" rel=\"noopener\">announced<\/a> the text would be \u201cfully drafted by autumn.\u201d\n<\/p>\n<p>\nThe agreement will scrap ID checks for the 15,000 frontier workers residing in Spain who cross daily into the Rock, as it is informally known, which is crucial for the exclave&#8217;s economy.\n<\/p>\n<p>\nDual Spanish\/Schengen and British passport controls will remain in Gibraltar&#8217;s port and airports.\n<\/p>\n<p>\nThe deal also removes checks on goods circulating between both territories and lays the foundation for future trade, security, and fiscal cooperation between the EU, Spanish and Gibraltar authorities.\n<\/p>\n<p>\nIn Madrid, the government\u00a0<a href=\"https:\/\/www.exteriores.gob.es\/es\/Comunicacion\/Comunicados\/Paginas\/2025_COMUNICADOS\/Declaracion-conjunta-sobre-las-negociaciones-para-un-acuerdo-ue-reino-unido-gibraltar.aspx\" target=\"_blank\" rel=\"noopener\">saw<\/a> the deal as a historic agreement to &#8220;guarantee the future prosperity of the entire region. The opposition, meanwhile, condemned it as a political sell-out and a relinquishment of Spain&#8217;s territorial claims over the disputed enclave.\n<\/p>\n<p>\nSpain&#8217;s centre-right Popular Party &#8220;will not cease to demand sovereignty over Gibraltar,&#8221; <a href=\"https:\/\/x.com\/NunezFeijoo\/status\/1932833316773777796?ref_src=twsrc%5Etfw%7Ctwcamp%5Etweetembed%7Ctwterm%5E1932833316773777796%7Ctwgr%5Eb5291fc45fb6063358b2bbf944ac1d58d443b655%7Ctwcon%5Es1_&amp;ref_url=https%3A%2F%2Fwww.rtve.es%2Fnoticias%2F20250611%2Ffeijoo-pp-seguira-reclamando-soberania-gibraltar-pase-cortes%2F16621014.shtml\">said<\/a> party leader, Alberto N\u00fa\u00f1ez Feij\u00f3o, adding that any agreement on Gibraltar &#8220;must be backed by parliament.&#8221;\n<\/p>\n<p>\nSpain ceded Gibraltar to the British in 1713 under the Treaty of Utrecht, and has regularly attempted to regain control of the territory, first by military means and then through diplomacy.\n<\/p>\n<p>\nIn a 2002 referendum, however, almost 99% of Gibraltarians <a href=\"https:\/\/www.theguardian.com\/politics\/2002\/nov\/08\/uk.gibraltar\" target=\"_blank\" rel=\"noopener\">voted<\/a> against any deal involving shared sovereignty with Spain.\n<\/p>\n<p>\nAfter the summer recess, Spanish Prime Minister Pedro S\u00e1nchez will kick off his agenda with a visit to London to meet bilaterally with UK Premier Keir Starmer, in which Gibraltar is expected to be at the heart of talks.\n<\/p>\n<p>\nThe foreign ministry and the PP did not reply to Euractiv&#8217;s request for comment at the time of publication.\u00a0\n<\/p>\n<p>\n(mm)<\/p>\n","protected":false},"excerpt":{"rendered":"The 1.2km fence dividing Spain and Gibraltar is expected to be dismantled in January 2026, scrapping daily checks&hellip;\n","protected":false},"author":2,"featured_media":372599,"comment_status":"","ping_status":"","sticky":false,"template":"","format":"standard","meta":{"footnotes":""},"categories":[5226],"tags":[802,748,2000,299,5187,1699,4884,16,15],"class_list":{"0":"post-372598","1":"post","2":"type-post","3":"status-publish","4":"format-standard","5":"has-post-thumbnail","7":"category-brexit","8":"tag-brexit","9":"tag-britain","10":"tag-eu","11":"tag-europe","12":"tag-european","13":"tag-european-union","14":"tag-great-britain","15":"tag-uk","16":"tag-united-kingdom"},"share_on_mastodon":{"url":"https:\/\/pubeurope.com\/@uk\/115090057007990683","error":""},"_links":{"self":[{"href":"https:\/\/www.europesays.com\/uk\/wp-json\/wp\/v2\/posts\/372598","targetHints":{"allow":["GET"]}}],"collection":[{"href":"https:\/\/www.europesays.com\/uk\/wp-json\/wp\/v2\/posts"}],"about":[{"href":"https:\/\/www.europesays.com\/uk\/wp-json\/wp\/v2\/types\/post"}],"author":[{"embeddable":true,"href":"https:\/\/www.europesays.com\/uk\/wp-json\/wp\/v2\/users\/2"}],"replies":[{"embeddable":true,"href":"https:\/\/www.europesays.com\/uk\/wp-json\/wp\/v2\/comments?post=372598"}],"version-history":[{"count":0,"href":"https:\/\/www.europesays.com\/uk\/wp-json\/wp\/v2\/posts\/372598\/revisions"}],"wp:featuredmedia":[{"embeddable":true,"href":"https:\/\/www.europesays.com\/uk\/wp-json\/wp\/v2\/media\/372599"}],"wp:attachment":[{"href":"https:\/\/www.europesays.com\/uk\/wp-json\/wp\/v2\/media?parent=372598"}],"wp:term":[{"taxonomy":"category","embeddable":true,"href":"https:\/\/www.europesays.com\/uk\/wp-json\/wp\/v2\/categories?post=372598"},{"taxonomy":"post_tag","embeddable":true,"href":"https:\/\/www.europesays.com\/uk\/wp-json\/wp\/v2\/tags?post=372598"}],"curies":[{"name":"wp","href":"https:\/\/api.w.org\/{rel}","templated":true}]}}