{"id":377785,"date":"2025-08-27T14:03:26","date_gmt":"2025-08-27T14:03:26","guid":{"rendered":"https:\/\/www.europesays.com\/uk\/377785\/"},"modified":"2025-08-27T14:03:26","modified_gmt":"2025-08-27T14:03:26","slug":"what-investors-need-to-know-about-frances-political-chaos","status":"publish","type":"post","link":"https:\/\/www.europesays.com\/uk\/377785\/","title":{"rendered":"What investors need to know about France\u2019s political chaos"},"content":{"rendered":"<p><img loading=\"lazy\" decoding=\"async\" data-attachmentid=\"2851988\" style=\"margin-bottom: 15px;\" alt=\"French flag in distress with tattered red section symbolizing political and economic turmoil\" class=\"attachment-post-main size-post-main wp-post-image\" src=\"https:\/\/www.europesays.com\/uk\/wp-content\/uploads\/2025\/08\/20250827_115554_6vbYy.png\" height=\"720\" width=\"1152\"\/><\/p>\n<p>France is heading into a political and financial storm with Prime Minister Fran\u00e7ois Bayrou placing his government on the line in a September 8 confidence vote.<\/p>\n<p>The decision has rattled investors, driven French bond spreads wider and left business leaders warning that investment is drying up. <\/p>\n<p>But the real story goes beyond the survival of one prime minister. <\/p>\n<p>France risks sliding into a cycle where no government is able to govern, creating a risk premium that markets may not have fully priced in.<\/p>\n<p>What is happening on September 8<\/p>\n<p>Bayrou announced on August 25 that he would call a confidence vote tied to his <a href=\"https:\/\/www.economist.com\/europe\/2024\/10\/09\/france-stares-into-a-colossal-budgetary-abyss\" target=\"_blank\" rel=\"noopener\">2026 budget plan<\/a>. And that\u2019s a big issue.<\/p>\n<p>France\u2019s deficit <a href=\"https:\/\/tradingeconomics.com\/france\/government-budget\" target=\"_blank\" rel=\"noopener\">stands <\/a>at 5.4% of GDP in 2025. His plan aims to cut it to 4.6% in 2026 and 2.8% by 2029. <\/p>\n<p>Debt is <a href=\"https:\/\/think.ing.com\/snaps\/the-likely-fall-of-the-french-government-will-weigh-on-the-economy\/?utm_source=semafor\" target=\"_blank\" rel=\"noopener\">projected <\/a>at 117.6% of GDP in 2026, versus 125.3% if no action is taken. <\/p>\n<p>To achieve this, Bayrou wants \u20ac44 billion in savings. 4\/5 of these should come from spending cuts.<\/p>\n<p>The package includes freezing pension and tax-bracket indexation, slowing public sector hiring and abolishing two public holidays. <\/p>\n<p>He has also floated a new contribution from high-income taxpayers.<\/p>\n<p>The political arithmetic is unforgiving. Bayrou\u2019s centrist alliance holds only 210 seats in the 577-member National Assembly. <\/p>\n<p>The far-right National Rally, the far-left France Unbowed, the Greens and the Communists, together accounting for about 264 seats, have already pledged to vote against him. <\/p>\n<p>The Socialists appear set to join them.<\/p>\n<p>Even the conservative <a href=\"https:\/\/www.reuters.com\/world\/france-plunges-back-into-crisis-after-pm-bayrous-confidence-vote-backfires-2025-08-26\/\" target=\"_blank\" rel=\"noopener\">Republicans<\/a>, whose leader said it would be irresponsible to topple the government, are not preparing to provide lifeline votes. <\/p>\n<p>Winning requires an absolute majority of 289. At present, the numbers are simply not there.<\/p>\n<p><img loading=\"lazy\" decoding=\"async\" class=\"wp-image-2851958\" alt=\"\" src=\"https:\/\/www.europesays.com\/uk\/wp-content\/uploads\/2025\/08\/france-prime-minister-polls-bloomberg.png\" height=\"439\" width=\"643\"\/>Source: <a href=\"https:\/\/www.bloomberg.com\/news\/articles\/2025-08-25\/france-s-bayrou-calls-for-sept-8-confidence-vote-over-budget?utm_source=semafor&amp;embedded-checkout=true\" target=\"_blank\" rel=\"noopener\">Bloomberg<\/a><\/p>\n<p>If the government falls, President Emmanuel Macron must either appoint another prime minister capable of piecing together a fragile majority or dissolve parliament for elections. <\/p>\n<p>He has ruled out dissolution in the past, but the alternatives may prove unworkable.<\/p>\n<p>Why the streets matter as much as parliament<\/p>\n<p>Two days after the vote, a loose movement calling itself \u201c<a href=\"https:\/\/bloquonstout.fr\/\" target=\"_blank\" rel=\"noopener\">Bloquons tout<\/a>\u201d, or \u201cblock everything\u201d, has declared a nationwide shutdown on September 10, although the movement\u2019s origins can\u2019t be accurately tracked.<\/p>\n<p>A fringe group called \u201cLes Essentiels\u201d first circulated the date on social media in July, and ex-Yellow Vests have amplified the call on Facebook and Telegram. <\/p>\n<p>Local meetings have sprung up where participants discuss protests and blockades of supermarkets and petrol stations.<\/p>\n<p>The movement claims to be apolitical but has attracted open backing from Jean-Luc M\u00e9lenchon\u2019s France Unbowed, the Greens and the Communists. <\/p>\n<p>The Socialists have expressed sympathy without fully endorsing it. <\/p>\n<p>The National Rally denounces it as left-driven. Major unions have not formally signed on, though many have already announced strike plans for early September.<\/p>\n<p>The parallels with the Yellow Vest protests of 2018 are clear. <\/p>\n<p>Then, a sudden surge in fuel prices triggered months of disruptive street action. <\/p>\n<p>Now, it is the attempt to push through austerity measures that risks drawing people back to the streets.<\/p>\n<p>For investors, the street dimension matters because it narrows the room for any government to adjust policy, even if it can cobble together parliamentary numbers.<\/p>\n<p>How markets are reacting<\/p>\n<p>The news came with an initial shock. On August 25, when Bayrou announced the confidence vote, a basket of French domestic stocks tracked by Barclays dropped 2.9%. <\/p>\n<p>The CAC 40 fell 1.6% the next day, with banking giants BNP Paribas and Soci\u00e9t\u00e9 G\u00e9n\u00e9rale down more than 6%. <\/p>\n<p>French 10-year yields climbed to 3.53%, their highest since March, and the spread over German Bunds widened to 75 basis points, the widest since April.<\/p>\n<p>By August 27, markets had steadied somewhat. The CAC rose 0.4% and the spread hovered at 79 basis points. Yet the reprieve is fragile. <\/p>\n<p>Fund managers warn that the spread could widen to 100 basis points if the crisis deepens. <\/p>\n<p>Fitch Ratings is due to review France on September 12, just four days after the vote, and a downgrade to A+ is on the table.<\/p>\n<p>The warning from investors is that fiscal consolidation is a national imperative, but France\u2019s political system may no longer be capable of delivering it. <\/p>\n<p>Crowded positioning in French bonds adds to the risk of sharp outflows if sentiment turns.<\/p>\n<p>The corporate freeze<\/p>\n<p>Beyond the daily market swings, the more lasting impact may be on French business investment. <\/p>\n<p>Non-financial corporate investment has shrunk or stagnated every quarter since Macron\u2019s snap election in July 2024.<\/p>\n<p><img loading=\"lazy\" decoding=\"async\" class=\"wp-image-2851975\" alt=\"\" src=\"https:\/\/www.europesays.com\/uk\/wp-content\/uploads\/2025\/08\/french-business-investment.png\" height=\"414\" width=\"643\"\/>Source: <a href=\"https:\/\/www.bloomberg.com\/news\/articles\/2025-08-27\/france-s-political-crisis-dashes-hopes-of-business-led-recovery?srnd=homepage-europe&amp;embedded-checkout=true\" target=\"_blank\" rel=\"noopener\">Bloomberg<\/a><\/p>\n<p>The business federation MEDEF has stated that France is simply falling behind. Companies are now holding off on hiring and capex plans until clarity emerges.<\/p>\n<p>This comes on top of corporate unease with tax changes. The budget adopted earlier this year, after the ouster of Bayrou\u2019s predecessor, introduced temporary hikes for the largest corporations. <\/p>\n<p>Several opposition parties want more of the same. Executives fear that instability will lead to ad hoc taxation, eroding France\u2019s competitiveness.<\/p>\n<p><img loading=\"lazy\" decoding=\"async\" class=\"wp-image-2851978\" alt=\"\" src=\"https:\/\/www.europesays.com\/uk\/wp-content\/uploads\/2025\/08\/french-economic-confidence-bloomberg.png\" height=\"426\" width=\"664\"\/>Source: <a href=\"https:\/\/www.bloomberg.com\/news\/articles\/2025-08-27\/france-s-political-crisis-dashes-hopes-of-business-led-recovery?srnd=homepage-europe&amp;embedded-checkout=true\" target=\"_blank\" rel=\"noopener\">Bloomberg<\/a><\/p>\n<p><a href=\"https:\/\/www.lemonde.fr\/en\/economy\/article\/2025\/04\/10\/tariffs-french-government-lowers-2025-growth-forecast-to-0-7_6740068_19.html#:~:text=Amid%20the%20trade%20war%20context,target%20of%205.4%25%20of%20GDP.&amp;text=The%20French%20government%20is%20picking,response%20to%20the%20trade%20war.\" target=\"_blank\" rel=\"noopener\">Government forecasts project<\/a> 0.7% growth in 2025, already low by international standards. <\/p>\n<p>Prolonged instability threatens to delay fiscal repair by cutting tax revenues, forcing deeper adjustments later.<\/p>\n<p>The uncertainty hurts French companies because the longer they wait, the more they risk losing ground to competitors abroad.<\/p>\n<p>The bigger risk investors are missing<\/p>\n<p>Most commentary frames the crisis as a binary. That means Bayrou survives or he falls.<\/p>\n<p>However, the real danger is that France slides into semi-governability. A cycle of short-lived governments, each too weak to pass meaningful budgets, would leave fiscal reform permanently blocked.<\/p>\n<p> Parliament vetoes cuts, the streets veto taxes, and investors begin to demand an ever higher premium for holding French debt.<\/p>\n<p>This is not the sudden shock of a Liz Truss-style event. It is the grind of drift. <\/p>\n<p>France\u2019s risk premium would edge up year by year, corporates would face higher financing costs, and rating agencies would keep pressure on. <\/p>\n<p>Investors could find themselves exposed to a slow but steady repricing of French assets, harder to trade around than a one-off spike.<\/p>\n<p>For Macron, the temptation will be to avoid dissolution and cycle through prime ministers who can survive week to week. <\/p>\n<p>That may be politically easier than calling another election, but it entrenches the very paralysis that markets fear. <\/p>\n<p>In that scenario, the real story is not Bayrou\u2019s defeat. It is the absence of any leader who is allowed to govern.<\/p>\n<p>The post <a href=\"https:\/\/invezz.com\/news\/2025\/08\/27\/what-investors-need-to-know-about-frances-political-chaos\/\" target=\"_blank\" rel=\"noopener\">What investors need to know about France&#8217;s political chaos<\/a> appeared first on <a href=\"https:\/\/invezz.com\/\" target=\"_blank\" rel=\"noopener\">Invezz<\/a><\/p>\n","protected":false},"excerpt":{"rendered":"France is heading into a political and financial storm with Prime Minister Fran\u00e7ois Bayrou placing his government on&hellip;\n","protected":false},"author":2,"featured_media":225223,"comment_status":"","ping_status":"","sticky":false,"template":"","format":"standard","meta":{"footnotes":""},"categories":[5309],"tags":[2000,299,36],"class_list":{"0":"post-377785","1":"post","2":"type-post","3":"status-publish","4":"format-standard","5":"has-post-thumbnail","7":"category-france","8":"tag-eu","9":"tag-europe","10":"tag-france"},"share_on_mastodon":{"url":"https:\/\/pubeurope.com\/@uk\/115101106694765639","error":""},"_links":{"self":[{"href":"https:\/\/www.europesays.com\/uk\/wp-json\/wp\/v2\/posts\/377785","targetHints":{"allow":["GET"]}}],"collection":[{"href":"https:\/\/www.europesays.com\/uk\/wp-json\/wp\/v2\/posts"}],"about":[{"href":"https:\/\/www.europesays.com\/uk\/wp-json\/wp\/v2\/types\/post"}],"author":[{"embeddable":true,"href":"https:\/\/www.europesays.com\/uk\/wp-json\/wp\/v2\/users\/2"}],"replies":[{"embeddable":true,"href":"https:\/\/www.europesays.com\/uk\/wp-json\/wp\/v2\/comments?post=377785"}],"version-history":[{"count":0,"href":"https:\/\/www.europesays.com\/uk\/wp-json\/wp\/v2\/posts\/377785\/revisions"}],"wp:featuredmedia":[{"embeddable":true,"href":"https:\/\/www.europesays.com\/uk\/wp-json\/wp\/v2\/media\/225223"}],"wp:attachment":[{"href":"https:\/\/www.europesays.com\/uk\/wp-json\/wp\/v2\/media?parent=377785"}],"wp:term":[{"taxonomy":"category","embeddable":true,"href":"https:\/\/www.europesays.com\/uk\/wp-json\/wp\/v2\/categories?post=377785"},{"taxonomy":"post_tag","embeddable":true,"href":"https:\/\/www.europesays.com\/uk\/wp-json\/wp\/v2\/tags?post=377785"}],"curies":[{"name":"wp","href":"https:\/\/api.w.org\/{rel}","templated":true}]}}