{"id":377961,"date":"2025-08-27T15:35:08","date_gmt":"2025-08-27T15:35:08","guid":{"rendered":"https:\/\/www.europesays.com\/uk\/377961\/"},"modified":"2025-08-27T15:35:08","modified_gmt":"2025-08-27T15:35:08","slug":"european-mobility-week-car-free-day-concert-from-the-delegation-of-the-european-union-to-turkiye","status":"publish","type":"post","link":"https:\/\/www.europesays.com\/uk\/377961\/","title":{"rendered":"European Mobility Week Car Free Day Concert from the Delegation of the European Union to T\u00fcrkiye!"},"content":{"rendered":"<p>The Delegation of the European Union to T\u00fcrkiye and the Ankara Metropolitan Municipality will host a concert dedicated to the Car Free Day as part of European Mobility Week at the Atat\u00fcrk Forest Farm Concert Area on Saturday, 20 September 2020, from 8:00 p.m.<\/p>\n<p>\u00a0<\/p>\n<p>The concert will feature Mavi Gri (8:00 p.m.) and Adamlar (9:45 p.m), renowned for their rock music performances.<\/p>\n<p><strong>Free shuttle service<\/strong><\/p>\n<p>The Ankara Metropolitan Municipality will provide free transportation to the concert venue 5:00 pm and 11:00 pm. The shuttle services will depart frequently from outside the Zafer \u00c7ar\u015f\u0131s\u0131 in K\u0131z\u0131lay and from the exit of the Ulus Metro station.<\/p>\n<p>Bring your chair\/cushion &amp; enjoy the music!<\/p>\n<p><a href=\"https:\/\/open.spotify.com\/artist\/4otJVkrLLqDF8OxFJOigme?si=650-U55jQlOiMgPwYXDeRw\" target=\"_blank\" rel=\"noopener\">Spotify<\/a><\/p>\n<p><a href=\"https:\/\/www.youtube.com\/@mavigri\" target=\"_blank\" rel=\"noopener\">YouTube<\/a><\/p>\n<p><a href=\"https:\/\/www.instagram.com\/mavigrimusic\/\" target=\"_blank\" rel=\"noopener\">Instagram<\/a><\/p>\n<p><a href=\"https:\/\/open.spotify.com\/artist\/1g4J8P1JWwanNyyXckRX5W?si=_BIEOuD9RTekneYTZhffYA\" target=\"_blank\" rel=\"noopener\">Spotify<\/a><\/p>\n<p><a href=\"https:\/\/www.youtube.com\/channel\/UCH_gImB5q15ScuE8-52k3Iw\" target=\"_blank\" rel=\"noopener\">YouTube<\/a><\/p>\n<p><a href=\"https:\/\/www.instagram.com\/mavigrimusic\/\" target=\"_blank\" rel=\"noopener\">Instagram<\/a><\/p>\n<p><strong>What is European Mobility Week?<\/strong><\/p>\n<p>The European Mobility Week, the awareness-raising campaign encourages people, cities, educational institutions, companies and NGOs to contribute to sustainable urban mobility, promoting walking, cycling, clean and smart public transport, reduced energy consumption for a sustainable world and a high quality of life.<\/p>\n<p><script async src=\"\/\/www.instagram.com\/embed.js\"><\/script><\/p>\n","protected":false},"excerpt":{"rendered":"The Delegation of the European Union to T\u00fcrkiye and the Ankara Metropolitan Municipality will host a concert dedicated&hellip;\n","protected":false},"author":2,"featured_media":377962,"comment_status":"","ping_status":"","sticky":false,"template":"","format":"standard","meta":{"footnotes":""},"categories":[5174],"tags":[2000,299,5187,1699],"class_list":{"0":"post-377961","1":"post","2":"type-post","3":"status-publish","4":"format-standard","5":"has-post-thumbnail","7":"category-eu","8":"tag-eu","9":"tag-europe","10":"tag-european","11":"tag-european-union"},"share_on_mastodon":{"url":"https:\/\/pubeurope.com\/@uk\/115101468132030065","error":""},"_links":{"self":[{"href":"https:\/\/www.europesays.com\/uk\/wp-json\/wp\/v2\/posts\/377961","targetHints":{"allow":["GET"]}}],"collection":[{"href":"https:\/\/www.europesays.com\/uk\/wp-json\/wp\/v2\/posts"}],"about":[{"href":"https:\/\/www.europesays.com\/uk\/wp-json\/wp\/v2\/types\/post"}],"author":[{"embeddable":true,"href":"https:\/\/www.europesays.com\/uk\/wp-json\/wp\/v2\/users\/2"}],"replies":[{"embeddable":true,"href":"https:\/\/www.europesays.com\/uk\/wp-json\/wp\/v2\/comments?post=377961"}],"version-history":[{"count":0,"href":"https:\/\/www.europesays.com\/uk\/wp-json\/wp\/v2\/posts\/377961\/revisions"}],"wp:featuredmedia":[{"embeddable":true,"href":"https:\/\/www.europesays.com\/uk\/wp-json\/wp\/v2\/media\/377962"}],"wp:attachment":[{"href":"https:\/\/www.europesays.com\/uk\/wp-json\/wp\/v2\/media?parent=377961"}],"wp:term":[{"taxonomy":"category","embeddable":true,"href":"https:\/\/www.europesays.com\/uk\/wp-json\/wp\/v2\/categories?post=377961"},{"taxonomy":"post_tag","embeddable":true,"href":"https:\/\/www.europesays.com\/uk\/wp-json\/wp\/v2\/tags?post=377961"}],"curies":[{"name":"wp","href":"https:\/\/api.w.org\/{rel}","templated":true}]}}