{"id":383401,"date":"2025-08-29T21:04:31","date_gmt":"2025-08-29T21:04:31","guid":{"rendered":"https:\/\/www.europesays.com\/uk\/383401\/"},"modified":"2025-08-29T21:04:31","modified_gmt":"2025-08-29T21:04:31","slug":"les-domaines-de-chabran-redefines-the-provencal-summer-house","status":"publish","type":"post","link":"https:\/\/www.europesays.com\/uk\/383401\/","title":{"rendered":"Les Domaines de Chabran redefines the Proven\u00e7al summer house"},"content":{"rendered":"<p id=\"594d0126-8667-4dce-b78b-d7216dd55a7a\"><a data-analytics-id=\"inline-link\" href=\"https:\/\/www.wallpaper.com\/tag\/france\" data-auto-tag-linker=\"true\" data-before-rewrite-localise=\"https:\/\/www.wallpaper.com\/tag\/france\" target=\"_blank\" rel=\"noopener\">France<\/a>\u2019s annual grandes vacances begin as the working population of the European superpower shifts south for the whole of August. Summer residences in Nouvelle-Aquitaine, Occitanie, Auvergne-Rh\u00f4ne-Alpes, and Provence-Alpes-C\u00f4te d&#8217;Azur remain the most desirable destinations: handsome bourgeois ch\u00e2teaux, perhaps a coolly refined bastide \u2013 a country house of grand status \u2013 with landscaped gardens and vineyard adjacency; or a time-worn, sensitively renovated 17th- and 18th-century mas \u2013 as local farmhouses are known \u2013 integrated into the rural Proven\u00e7al landscape.<\/p>\n<p class=\"vanilla-image-block\" style=\"padding-top:131.83%;\">\n<p><img decoding=\"async\" src=\"https:\/\/www.europesays.com\/uk\/wp-content\/uploads\/2025\/08\/vUTuijKWeGzTmXCsUREqoE.jpg\" alt=\"les domaines de chabran france\"   loading=\"lazy\" data-new-v2-image=\"true\" data-original-mos=\"https:\/\/www.europesays.com\/uk\/wp-content\/uploads\/2025\/08\/vUTuijKWeGzTmXCsUREqoE.jpg\" data-pin-media=\"https:\/\/www.europesays.com\/uk\/wp-content\/uploads\/2025\/08\/vUTuijKWeGzTmXCsUREqoE.jpg\"\/>\n<\/p>\n<p>(Image credit: Courtesy of Les Domaines de Chabran)<\/p>\n<p id=\"4f8a4a9b-e25c-458a-8ddd-13e2e080b256\">The partnership of Alain Meylan of <a data-analytics-id=\"inline-link\" href=\"https:\/\/www.wallpaper.com\/tag\/geneva\" data-auto-tag-linker=\"true\" data-before-rewrite-localise=\"https:\/\/www.wallpaper.com\/tag\/geneva\" target=\"_blank\" rel=\"noopener\">Geneva<\/a>-based Atelier K Architects and interior designer Liliana Atilova is elevating France\u2019s traditional Proven\u00e7al summer experience to dazzling effect, introducing 21st-century aesthetics and luxurious facilities to the country\u2019s storied houses while respecting the fabric, character, and materials of the original structures \u2013 cleverly avoiding any vacation-villa clich\u00e9s.<\/p>\n<p class=\"vanilla-image-block\" style=\"padding-top:123.93%;\">\n<p><img decoding=\"async\" src=\"https:\/\/www.europesays.com\/uk\/wp-content\/uploads\/2025\/08\/jaJ7A2YLio3pqgA4FqPgpE.jpg\" alt=\"les domaines de chabran france\"   loading=\"lazy\" data-new-v2-image=\"true\" data-original-mos=\"https:\/\/www.europesays.com\/uk\/wp-content\/uploads\/2025\/08\/jaJ7A2YLio3pqgA4FqPgpE.jpg\" data-pin-media=\"https:\/\/www.europesays.com\/uk\/wp-content\/uploads\/2025\/08\/jaJ7A2YLio3pqgA4FqPgpE.jpg\"\/>\n<\/p>\n<p>(Image credit: Courtesy of Les Domaines de Chabran)<\/p>\n<p id=\"d327f9f7-cc8f-4c6f-9009-9bab4b7cd9f0\">The duo\u2019s Les Domaines de Chabran collection of properties, in the Alpilles mountains between Luberon and Camargue, now numbers seven mas et bastides, including La Bastide de Fl\u00e9chon, Le Mas Estello, Respelido and Le Mas de Castillone \u2013 all restored and skilfully staged by the architect-and-designer founders. Contemporary artworks and Italian design pieces occupy centuries-old rooms.<\/p>\n<p><a id=\"elk-7ffb89f8-3ba0-46db-8e86-83e0942c0b0e\" data-url=\"\" href=\"\" data-hl-processed=\"none\"\/>Tour Les Domaines de Chabran\u2019s latest opening: Les Mas de Chabran<\/p>\n<p class=\"vanilla-image-block\" style=\"padding-top:128.10%;\">\n<p><img decoding=\"async\" src=\"https:\/\/www.europesays.com\/uk\/wp-content\/uploads\/2025\/08\/ZQqJk5eUbSNJh4CbWRpCsE.jpg\" alt=\"les domaines de chabran france\"   loading=\"lazy\" data-new-v2-image=\"true\" data-original-mos=\"https:\/\/www.europesays.com\/uk\/wp-content\/uploads\/2025\/08\/ZQqJk5eUbSNJh4CbWRpCsE.jpg\" data-pin-media=\"https:\/\/www.europesays.com\/uk\/wp-content\/uploads\/2025\/08\/ZQqJk5eUbSNJh4CbWRpCsE.jpg\"\/>\n<\/p>\n<p>(Image credit: Courtesy of Les Domaines de Chabran)<\/p>\n<p id=\"56fba5b0-db1d-4f5f-a9ca-796a082bb793\">At Le Mas de Chabran, Meylan and Atilova\u2019s latest project, the former 18th-century olive plantation house now features a heated swimming pool, a languorous and fragrant jardin \u00e0 la fran\u00e7aise (with a touch of English country-garden disorder at its borders), a modern breakfast kitchen, a gym, a sauna, and a cinema room, all fully air-conditioned. Downstairs, the wooden wheel of the old horse-driven olive press remains the centrepiece of a spectacular cellar\/drawing-room conversion.<\/p>\n<p id=\"2fe6bbe8-278d-4239-a049-968d3b8e32c7\">Meylan was captivated at his first viewing back in 2010: \u2018How can you resist the magic of the morning light bathing the large vaulted rooms? The power that emerges from these heavy stones steeped in history, this monumental architecture with its majestic staircase, its lofty ceilings, its vast open lounges overlooking the garden&#8230; the beauty of these natural materials is raw and noble at the same time.\u2019<\/p>\n<p class=\"vanilla-image-block\" style=\"padding-top:120.95%;\">\n<p><img decoding=\"async\" src=\"https:\/\/www.europesays.com\/uk\/wp-content\/uploads\/2025\/08\/sXvtm8LTNwzbv6BHUFcYpB.jpg\" alt=\"les domaines de chabran france\"   loading=\"lazy\" data-new-v2-image=\"true\" data-original-mos=\"https:\/\/www.europesays.com\/uk\/wp-content\/uploads\/2025\/08\/sXvtm8LTNwzbv6BHUFcYpB.jpg\" data-pin-media=\"https:\/\/www.europesays.com\/uk\/wp-content\/uploads\/2025\/08\/sXvtm8LTNwzbv6BHUFcYpB.jpg\"\/>\n<\/p>\n<p>(Image credit: Courtesy of Les Domaines de Chabran)<\/p>\n<p class=\"vanilla-image-block\" style=\"padding-top:122.68%;\">\n<p><img decoding=\"async\" src=\"https:\/\/www.europesays.com\/uk\/wp-content\/uploads\/2025\/08\/xVm85WLArGSMBYyqPz9arE.jpg\" alt=\"les domaines de chabran france\"   loading=\"lazy\" data-new-v2-image=\"true\" data-original-mos=\"https:\/\/www.europesays.com\/uk\/wp-content\/uploads\/2025\/08\/xVm85WLArGSMBYyqPz9arE.jpg\" data-pin-media=\"https:\/\/www.europesays.com\/uk\/wp-content\/uploads\/2025\/08\/xVm85WLArGSMBYyqPz9arE.jpg\"\/>\n<\/p>\n<p>(Image credit: Courtesy of Les Domaines de Chabran)<\/p>\n<p id=\"0c56a7b8-1d84-418d-b385-fe3d7c534149\">Now, 15 years on, the 280-year-old vaulted walls are rendered in the rich earthy browns of Matteo Brioni clay, while classical French furniture and ceramics are sourced from the nearby antiques town of L\u2019Isle-sur-la-Sorgue. Fabrics are by Pierre Frey and \u00c9litis, while the grand marble entrance hall staircase is illuminated by a Murano crystal chandelier. Dining takes place at a huge oval table by Matteo Thun and Antonio Rodriguez.<\/p>\n<p id=\"624e06bb-3cf5-4972-a59f-41104e43c8d5\">Keen-eyed, globe-trotting eclecticism is thematic here. The house\u2019s thresholds are framed by 17th- and 18th-century doors from <a data-analytics-id=\"inline-link\" href=\"https:\/\/www.wallpaper.com\/tag\/india\" data-auto-tag-linker=\"true\" data-before-rewrite-localise=\"https:\/\/www.wallpaper.com\/tag\/india\" target=\"_blank\" rel=\"noopener\">India<\/a>, while kilim carpets sourced by Liliana Atilova in Turkey provide warmth and texture. The collections of artworks \u2013 by French talents including Florence Bamberger, Florence Lucchini (ceramics), Elsa Lenthal (lavender sculptures), and Christian Manoury (paintings) \u2013 are subject to re-curation at the interior designer\u2019s will.<\/p>\n<p class=\"newsletter-form__strapline\">Receive our daily digest of inspiration, escapism and design stories from around the world direct to your inbox.<\/p>\n<p class=\"vanilla-image-block\" style=\"padding-top:121.33%;\">\n<p><img decoding=\"async\" src=\"https:\/\/www.europesays.com\/uk\/wp-content\/uploads\/2025\/08\/XjkWZS4TkheUhJgnDGDJ8E.jpg\" alt=\"les domaines de chabran france\"   loading=\"lazy\" data-new-v2-image=\"true\" data-original-mos=\"https:\/\/www.europesays.com\/uk\/wp-content\/uploads\/2025\/08\/XjkWZS4TkheUhJgnDGDJ8E.jpg\" data-pin-media=\"https:\/\/www.europesays.com\/uk\/wp-content\/uploads\/2025\/08\/XjkWZS4TkheUhJgnDGDJ8E.jpg\"\/>\n<\/p>\n<p>(Image credit: Courtesy of Les Domaines de Chabran)<\/p>\n<p class=\"vanilla-image-block\" style=\"padding-top:120.24%;\">\n<p><img decoding=\"async\" src=\"https:\/\/www.europesays.com\/uk\/wp-content\/uploads\/2025\/08\/vxCGNyPoQjE5wCFJ9gCvKE.jpg\" alt=\"les domaines de chabran france\"   loading=\"lazy\" data-new-v2-image=\"true\" data-original-mos=\"https:\/\/www.europesays.com\/uk\/wp-content\/uploads\/2025\/08\/vxCGNyPoQjE5wCFJ9gCvKE.jpg\" data-pin-media=\"https:\/\/www.europesays.com\/uk\/wp-content\/uploads\/2025\/08\/vxCGNyPoQjE5wCFJ9gCvKE.jpg\"\/>\n<\/p>\n<p>(Image credit: Courtesy of Les Domaines de Chabran)<\/p>\n<p id=\"c8827472-3215-4138-81c2-b652289205a6\">\u2018This is very much a space that lives with its guests,\u2019 explains Atilova. \u2018The collections of art and beautiful objects change often, like friends or visitors who come and stay for a while and then say their goodbyes. It is a place that keeps on surprising.\u2019<\/p>\n<p class=\"vanilla-image-block\" style=\"padding-top:80.25%;\">\n<p><img decoding=\"async\" src=\"https:\/\/www.europesays.com\/uk\/wp-content\/uploads\/2025\/08\/TPUBfX9iYKDxWyTBuqXmiE.jpg\" alt=\"les domaines de chabran france\"   loading=\"lazy\" data-new-v2-image=\"true\" data-original-mos=\"https:\/\/www.europesays.com\/uk\/wp-content\/uploads\/2025\/08\/TPUBfX9iYKDxWyTBuqXmiE.jpg\" data-pin-media=\"https:\/\/www.europesays.com\/uk\/wp-content\/uploads\/2025\/08\/TPUBfX9iYKDxWyTBuqXmiE.jpg\"\/>\n<\/p>\n<p>(Image credit: Courtesy of Les Domaines de Chabran)<\/p>\n<p id=\"0b2cdb91-b0fb-4ecd-a564-153913cceeef\"><a data-analytics-id=\"inline-link\" href=\"https:\/\/domainesdechabran.com\/en\/\" target=\"_blank\" data-url=\"https:\/\/domainesdechabran.com\/en\/\" referrerpolicy=\"no-referrer-when-downgrade\" data-hl-processed=\"none\" rel=\"noopener\">domainesdechabran.com<\/a><\/p>\n<p><a id=\"elk-seasonal\" data-url=\"\" href=\"\" data-hl-processed=\"none\"\/><\/p>\n","protected":false},"excerpt":{"rendered":"France\u2019s annual grandes vacances begin as the working population of the European superpower shifts south for the whole&hellip;\n","protected":false},"author":2,"featured_media":383402,"comment_status":"","ping_status":"","sticky":false,"template":"","format":"standard","meta":{"footnotes":""},"categories":[5309],"tags":[2000,299,36],"class_list":{"0":"post-383401","1":"post","2":"type-post","3":"status-publish","4":"format-standard","5":"has-post-thumbnail","7":"category-france","8":"tag-eu","9":"tag-europe","10":"tag-france"},"share_on_mastodon":{"url":"https:\/\/pubeurope.com\/@uk\/115114086931258860","error":""},"_links":{"self":[{"href":"https:\/\/www.europesays.com\/uk\/wp-json\/wp\/v2\/posts\/383401","targetHints":{"allow":["GET"]}}],"collection":[{"href":"https:\/\/www.europesays.com\/uk\/wp-json\/wp\/v2\/posts"}],"about":[{"href":"https:\/\/www.europesays.com\/uk\/wp-json\/wp\/v2\/types\/post"}],"author":[{"embeddable":true,"href":"https:\/\/www.europesays.com\/uk\/wp-json\/wp\/v2\/users\/2"}],"replies":[{"embeddable":true,"href":"https:\/\/www.europesays.com\/uk\/wp-json\/wp\/v2\/comments?post=383401"}],"version-history":[{"count":0,"href":"https:\/\/www.europesays.com\/uk\/wp-json\/wp\/v2\/posts\/383401\/revisions"}],"wp:featuredmedia":[{"embeddable":true,"href":"https:\/\/www.europesays.com\/uk\/wp-json\/wp\/v2\/media\/383402"}],"wp:attachment":[{"href":"https:\/\/www.europesays.com\/uk\/wp-json\/wp\/v2\/media?parent=383401"}],"wp:term":[{"taxonomy":"category","embeddable":true,"href":"https:\/\/www.europesays.com\/uk\/wp-json\/wp\/v2\/categories?post=383401"},{"taxonomy":"post_tag","embeddable":true,"href":"https:\/\/www.europesays.com\/uk\/wp-json\/wp\/v2\/tags?post=383401"}],"curies":[{"name":"wp","href":"https:\/\/api.w.org\/{rel}","templated":true}]}}