{"id":387099,"date":"2025-08-31T12:19:16","date_gmt":"2025-08-31T12:19:16","guid":{"rendered":"https:\/\/www.europesays.com\/uk\/387099\/"},"modified":"2025-08-31T12:19:16","modified_gmt":"2025-08-31T12:19:16","slug":"violent-storms-and-flood-risks-in-france","status":"publish","type":"post","link":"https:\/\/www.europesays.com\/uk\/387099\/","title":{"rendered":"Violent Storms and Flood Risks in France"},"content":{"rendered":"<p>    South and central areas are set to be the most affected<\/p>\n<p>\n        Rainfall could reach 15 to 30mm in under an hour, in areas on high alert with six-hour totals of up to 40mm.<br \/>\n        Ananthu143y \/ Shutterstock \/ M\u00e9t\u00e9o-France\n    <\/p>\n<p>Eight French departments are on (high) alert and 50 on (yellow) alert as violent storms are forecast to sweep the country during the night of August 31 &#8211; September 1, with south and central areas expected to be most affected.\u00a0<\/p>\n<p>The departments on high alert for August 31 are all in south and central France, namely: Allier, Ard\u00e8che, C\u00f4te-d\u2019Or, Gard, Loz\u00e8re, Ni\u00e8vre, Puy-de-D\u00f4me and Sa\u00f4ne-et-Loire.\u00a0<\/p>\n<p>                <img decoding=\"async\" src=\"https:\/\/www.europesays.com\/uk\/wp-content\/uploads\/2025\/08\/741850.webp\" width=\"480\" height=\"471\" title=\"M\u00e9t\u00e9o-France\" alt=\"\" loading=\"lazy\" style=\"\"\/><\/p>\n<p>\n            Areas on alert for Sunday, August 31<br \/>\n            M\u00e9t\u00e9o-France\n        <\/p>\n<p>Ard\u00e8che and Gard are also on alert due to the possibility of local flooding, as the storm may bring intense rain.<\/p>\n<p>\u201cAn active disturbance is moving into south-eastern regions on Sunday afternoon. In the evening, an \u2018\u00e9pisode M\u00e9diterran\u00e9en\u2019 will set in with very heavy storm precipitation,\u201d said state forecaster M\u00e9t\u00e9o-France in its daily bulletin.<\/p>\n<p>\u201cThese may exceed 80mm in less than three hours, with totals of over 100mm expected over the course of the episode, and up to 150mm locally.<\/p>\n<p>\u201cThunderstorms will also bring strong electrical activity, hail and locally strong wind gusts.\u201d<\/p>\n<p>An <a href=\"https:\/\/www.connexionfrance.com\/news\/risk-of-flooding-as-strong-rains-set-to-return-to-the-south-of-france\/684864\" target=\"_blank\" data-lab-font_weight=\"font-weight-bold\" class=\"font-weight-bold m-font-weight-bold\" rel=\"noopener\">\u00e9pisode M\u00e9diterran\u00e9en (sometimes called an \u00e9pisode c\u00e9venol when it is predominantly the C\u00e9vennes of Gard, Ard\u00e8che and H\u00e9rault)<\/a> is caused by a clash of warm from the Mediterranean sea clashing with cold air in the mountain ranges of the Massif Central or Alps.\u00a0<\/p>\n<p>This sudden interaction leads to intense downpours where weeks worth of rain can fall in a few hours.\u00a0<\/p>\n<p>For the Auvergne region, forecasters expect a short albeit violent episode on Sunday evening.\u00a0<\/p>\n<p>Rainfall could reach 15 to 30mm in under an hour, with six-hour totals of up to 40mm.\u00a0<\/p>\n<p>Winds could peak at 80 to 100km\/h, locally higher, and hailstones could reach medium to large size.<\/p>\n<p><a href=\"https:\/\/www.connexionfrance.com\/news\/what-to-do-and-not-do-in-a-red-or-orange-weather-alert-in-france\/684516\" target=\"_blank\" data-lab-font_weight=\"font-weight-bold\" class=\"font-weight-bold m-font-weight-bold\" rel=\"noopener\">Residents in areas on high alert <\/a>are advised to limit travel where possible, avoid walking or driving on flooded roads, and secure outdoor objects that could be blown away.\u00a0<\/p>\n<p>Authorities also recommend <a href=\"https:\/\/vigilance.meteofrance.fr\/fr\" target=\"_blank\" rel=\"noopener\">checking local updates regularly<\/a> as the situation can change quickly.<\/p>\n<p>Bad weather to continue on Monday<\/p>\n<p>                <img decoding=\"async\" src=\"https:\/\/www.europesays.com\/uk\/wp-content\/uploads\/2025\/08\/741852.webp\" width=\"480\" height=\"452\" title=\"M\u00e9t\u00e9o-France\" alt=\"\" loading=\"lazy\" style=\"\"\/><\/p>\n<p>\n            Areas on alert for Monday, September 1<br \/>\n            M\u00e9t\u00e9o-France\n        <\/p>\n<p>Six departments are expected to remain on high alert on Monday, September 1: Ard\u00e8che, Bouches-du-Rh\u00f4ne, Dr\u00f4me, Gard, Loz\u00e8re and Vaucluse.\u00a0<\/p>\n<p>Rain and flooding risks will also apply to five of them: the Ard\u00e8che, Bouches-du-Rh\u00f4ne, Dr\u00f4me, Gard and Vaucluse.<\/p>\n<p>M\u00e9t\u00e9o-France says more areas may be added on Monday, particularly for neighbouring departments further east.<\/p>\n<p>The orange level indicates a significant risk of dangerous weather phenomena, with advice to the public to be prepared and follow safety recommendations.<\/p>\n","protected":false},"excerpt":{"rendered":"South and central areas are set to be the most affected Rainfall could reach 15 to 30mm in&hellip;\n","protected":false},"author":2,"featured_media":387100,"comment_status":"","ping_status":"","sticky":false,"template":"","format":"standard","meta":{"footnotes":""},"categories":[5309],"tags":[2000,299,36],"class_list":{"0":"post-387099","1":"post","2":"type-post","3":"status-publish","4":"format-standard","5":"has-post-thumbnail","7":"category-france","8":"tag-eu","9":"tag-europe","10":"tag-france"},"share_on_mastodon":{"url":"","error":""},"_links":{"self":[{"href":"https:\/\/www.europesays.com\/uk\/wp-json\/wp\/v2\/posts\/387099","targetHints":{"allow":["GET"]}}],"collection":[{"href":"https:\/\/www.europesays.com\/uk\/wp-json\/wp\/v2\/posts"}],"about":[{"href":"https:\/\/www.europesays.com\/uk\/wp-json\/wp\/v2\/types\/post"}],"author":[{"embeddable":true,"href":"https:\/\/www.europesays.com\/uk\/wp-json\/wp\/v2\/users\/2"}],"replies":[{"embeddable":true,"href":"https:\/\/www.europesays.com\/uk\/wp-json\/wp\/v2\/comments?post=387099"}],"version-history":[{"count":0,"href":"https:\/\/www.europesays.com\/uk\/wp-json\/wp\/v2\/posts\/387099\/revisions"}],"wp:featuredmedia":[{"embeddable":true,"href":"https:\/\/www.europesays.com\/uk\/wp-json\/wp\/v2\/media\/387100"}],"wp:attachment":[{"href":"https:\/\/www.europesays.com\/uk\/wp-json\/wp\/v2\/media?parent=387099"}],"wp:term":[{"taxonomy":"category","embeddable":true,"href":"https:\/\/www.europesays.com\/uk\/wp-json\/wp\/v2\/categories?post=387099"},{"taxonomy":"post_tag","embeddable":true,"href":"https:\/\/www.europesays.com\/uk\/wp-json\/wp\/v2\/tags?post=387099"}],"curies":[{"name":"wp","href":"https:\/\/api.w.org\/{rel}","templated":true}]}}