{"id":389598,"date":"2025-09-01T16:01:11","date_gmt":"2025-09-01T16:01:11","guid":{"rendered":"https:\/\/www.europesays.com\/uk\/389598\/"},"modified":"2025-09-01T16:01:11","modified_gmt":"2025-09-01T16:01:11","slug":"evita-with-rachel-zegler-to-release-new-single-this-week","status":"publish","type":"post","link":"https:\/\/www.europesays.com\/uk\/389598\/","title":{"rendered":"Evita with Rachel Zegler to release new single this week"},"content":{"rendered":"<p>                <a href=\"https:\/\/www.whatsonstage.com\/?attachment_id=1683041\" rel=\"attachment wp-att-1683041 noopener\" target=\"_blank\"><img loading=\"lazy\" decoding=\"async\" class=\"size-large wp-image-1683041\" title=\"rachzeg\" src=\"https:\/\/www.europesays.com\/uk\/wp-content\/uploads\/2025\/06\/rachzeg.jpg\" alt=\"Rachel Zegler and the cast of Evita, \u00a9 Marc Brenner\" width=\"640\" height=\"427\"  \/><\/a>Rachel Zegler and the cast of Evita, \u00a9 Marc Brenner<\/p>\n<p>Two exciting pieces of Evita news to start the week!<\/p>\n<p><a href=\"https:\/\/www.whatsonstage.com\/stage-names\/rachel-zegler\" target=\"_blank\" rel=\"noopener\">Rachel Zegler<\/a> stars in the critically lauded <a href=\"https:\/\/www.whatsonstage.com\/stage-names\/jamie-lloyd\" target=\"_blank\" rel=\"noopener\">Jamie\u00a0<\/a><a href=\"https:\/\/www.whatsonstage.com\/stage-names\/jamie-lloyd\" target=\"_blank\" rel=\"noopener\">Lloyd-<\/a>directed revival of the Tim Rice and <a href=\"https:\/\/www.whatsonstage.com\/stage-names\/andrew-lloyd-webber\" target=\"_blank\" rel=\"noopener\">Andrew Lloyd Webber<\/a> musical, which now enters its final week at The London Palladium.\u00a0<\/p>\n<p style=\"font-weight: 400\">Joining Zegler are <a href=\"https:\/\/www.whatsonstage.com\/stage-names\/diego-andres-rodriguez\" target=\"_blank\" rel=\"noopener\">Diego Andres Rodriguez<\/a> as Che, and <a href=\"https:\/\/www.whatsonstage.com\/stage-names\/james-olivas\/\" target=\"_blank\" rel=\"noopener\">James Olivas<\/a> as Juan Per\u00f3n, with <a href=\"https:\/\/www.whatsonstage.com\/stage-names\/aaron-lee-lambert\/\" target=\"_blank\" rel=\"noopener\">Aaron Lee Lambert<\/a> as Agust\u00edn Magaldi and <a href=\"https:\/\/www.whatsonstage.com\/stage-names\/bella-brown\" target=\"_blank\" rel=\"noopener\">Bella Brown<\/a>\u00a0as The Mistress \/ Alternate Eva.<\/p>\n<p>Telling the tale of the rise and fall of the iconic Argentinian figure, Lloyd Webber and Rice\u2019s classic 1978 musical includes numbers such as \u201cBuenos Aires\u201d, \u201cAnother Suitcase in Another Hall\u201d, \u201cOh What a Circus\u201d and \u201cDon\u2019t Cry for me Argentina\u201d.<\/p>\n<p>A new single, featuring Zegler performing \u201cRainbow High\u201d, will be released on digital channels on 5 September, it was confirmed at an album signing today in London.<\/p>\n<p>It will accompany a new \u201cMiami\u201d remix of Zegler performing \u201cDon\u2019t Cry For Me Argentina\u201d, which was revealed last week and can be streamed now. On 4 July, a standard and a capella version of the classic number was released.<\/p>\n<p>Last week, Zegler sold out two concert nights at the Palladium, due to take place next month.<\/p>\n<\/p>\n<p style=\"font-weight: 400\">The ensemble includes Carl Au, Gabriela Benedetti, Shakara Brown, Damian Buhagiar, Kyeirah D\u2019Marni, Sally Frith, DeAngelo Jones, Lucas Koch, Natasha Leaver, Michael Lin, Diant\u00e9 Lodge, Louis Mackrodt, Mireia Mambo, Mia Mullarkey, Perry O\u2019Dea, Alysha Sontae, Monica Swayne, Jon Tsouras and Harrison Wilde, with Myla Carmen, Barney Hudson, Nathan Louis-Fernand, Kirsty Anne Shaw, Ricardo Spriggs and Regan Bailey Walker as Swings. Auora Breslin, Lois Haidar, Siena Merilind-Wu and Ffion Rosalie Williams share the role of The Child.<\/p>\n<p><a href=\"https:\/\/www.whatsonstage.com\/news\/high-flying-adored-a-history-of-londons-evitas_1678704\/\" target=\"_blank\" rel=\"noopener\">You can read about the evolution of\u00a0Evita\u00a0in a history of leading ladies here.<\/a><\/p>\n<p>The creative team also includes Soutra Gilmour (set and costume designer), Alan Williams (music supervisor and musical director), Jon Clark (lighting designer), Adam Fisher (sound designer), Will Burton CDG (casting director), Jim Carnahan (US casting director), Carole Hancock (wigs, hair and make up designer), Harry Blumenau (children\u2019s casting\/ children\u2019s administration), Kate Waters (fight director), Lily Mollgaard (props supervisor), Ingrid Mackinnon (intimacy coordinator), Rupert Hands (associate director), Amy Thornton (associate choreographer), Cory Hippolyte (resident director), Paris Green (resident choreographer), Rachel Wingate (associate set designer), Kelsh B-D (associate sound designer), Luc\u00eda S\u00e1nchez Rold\u00e1n (associate lighting designer), Rachel Woodhouse (costume supervisor), Harry Barker (assistant sound designer), Andy Barnwell and Rich Weedon for BW Musicians (orchestral management).<\/p>\n<p>Evita\u00a0plays at The London Palladium until 6 September.\u00a0<\/p>\n","protected":false},"excerpt":{"rendered":"Rachel Zegler and the cast of Evita, \u00a9 Marc Brenner Two exciting pieces of Evita news to start&hellip;\n","protected":false},"author":2,"featured_media":187309,"comment_status":"","ping_status":"","sticky":false,"template":"","format":"standard","meta":{"footnotes":""},"categories":[7757],"tags":[748,393,4884,257,16,15],"class_list":{"0":"post-389598","1":"post","2":"type-post","3":"status-publish","4":"format-standard","5":"has-post-thumbnail","7":"category-london","8":"tag-britain","9":"tag-england","10":"tag-great-britain","11":"tag-london","12":"tag-uk","13":"tag-united-kingdom"},"share_on_mastodon":{"url":"https:\/\/pubeurope.com\/@uk\/115129882063854684","error":""},"_links":{"self":[{"href":"https:\/\/www.europesays.com\/uk\/wp-json\/wp\/v2\/posts\/389598","targetHints":{"allow":["GET"]}}],"collection":[{"href":"https:\/\/www.europesays.com\/uk\/wp-json\/wp\/v2\/posts"}],"about":[{"href":"https:\/\/www.europesays.com\/uk\/wp-json\/wp\/v2\/types\/post"}],"author":[{"embeddable":true,"href":"https:\/\/www.europesays.com\/uk\/wp-json\/wp\/v2\/users\/2"}],"replies":[{"embeddable":true,"href":"https:\/\/www.europesays.com\/uk\/wp-json\/wp\/v2\/comments?post=389598"}],"version-history":[{"count":0,"href":"https:\/\/www.europesays.com\/uk\/wp-json\/wp\/v2\/posts\/389598\/revisions"}],"wp:featuredmedia":[{"embeddable":true,"href":"https:\/\/www.europesays.com\/uk\/wp-json\/wp\/v2\/media\/187309"}],"wp:attachment":[{"href":"https:\/\/www.europesays.com\/uk\/wp-json\/wp\/v2\/media?parent=389598"}],"wp:term":[{"taxonomy":"category","embeddable":true,"href":"https:\/\/www.europesays.com\/uk\/wp-json\/wp\/v2\/categories?post=389598"},{"taxonomy":"post_tag","embeddable":true,"href":"https:\/\/www.europesays.com\/uk\/wp-json\/wp\/v2\/tags?post=389598"}],"curies":[{"name":"wp","href":"https:\/\/api.w.org\/{rel}","templated":true}]}}