{"id":399295,"date":"2025-09-05T06:40:19","date_gmt":"2025-09-05T06:40:19","guid":{"rendered":"https:\/\/www.europesays.com\/uk\/399295\/"},"modified":"2025-09-05T06:40:19","modified_gmt":"2025-09-05T06:40:19","slug":"how-trump-protects-big-tech-from-big-brussels-the-irish-times","status":"publish","type":"post","link":"https:\/\/www.europesays.com\/uk\/399295\/","title":{"rendered":"How Trump protects Big Tech from Big Brussels \u2013 The Irish Times"},"content":{"rendered":"<p class=\"c-paragraph paywall b-it-article-body__text--left\"><a href=\"https:\/\/www.irishtimes.com\/tags\/ursula-von-der-leyen\/\" target=\"_self\" rel=\"noopener\" title=\"https:\/\/www.irishtimes.com\/tags\/ursula-von-der-leyen\/\">Ursula von der Leyen\u2019s<\/a> new team of European commissioners were still unpacking boxes and settling into their offices in Brussels when the emails and letters began to land late last year. <\/p>\n<p class=\"c-paragraph paywall b-it-article-body__text--left\">Senior executives in <a href=\"https:\/\/www.irishtimes.com\/tags\/apple\/\" target=\"_self\" rel=\"noopener\" title=\"https:\/\/www.irishtimes.com\/tags\/apple\/\">Apple<\/a>, Facebook-owner <a href=\"https:\/\/www.irishtimes.com\/tags\/meta\/\" target=\"_self\" rel=\"noopener\" title=\"https:\/\/www.irishtimes.com\/tags\/meta\/\">Meta<\/a>, <a href=\"https:\/\/www.irishtimes.com\/tags\/google\/\" target=\"_self\" rel=\"noopener\" title=\"https:\/\/www.irishtimes.com\/tags\/google\/\">Google<\/a> and other US tech giants were eager to make contact with several of the politicians stepping into influential roles at the top of the <a href=\"https:\/\/www.irishtimes.com\/tags\/european-union\/\" target=\"_self\" rel=\"noopener\" title=\"https:\/\/www.irishtimes.com\/tags\/european-union\/\">European Union\u2019s<\/a> powerful lawmaking body, the <a href=\"https:\/\/www.irishtimes.com\/tags\/european-commission\/\" target=\"_self\" rel=\"noopener\" title=\"https:\/\/www.irishtimes.com\/tags\/european-commission\/\">European Commission<\/a>.<\/p>\n<p class=\"c-paragraph paywall \">For years the relationship between Brussels regulators and US tech multinationals has been a tense one. This has often put Ireland in an awkward spot. As the European base of nearly all the US online and social media giants, the Republic is seen as having the back of Big Tech during policy debates inside the EU. <\/p>\n<p class=\"c-paragraph paywall b-it-article-body__text--left\">Silicon Valley executives are not fans of the EU\u2019s digital rules which, among other things, attempt to rein in the amount of illegal, hate-fuelled content that ends up on people\u2019s social-media feeds. <\/p>\n<p class=\"c-paragraph paywall b-it-article-body__text--left\">The laws give the European Commission power to levy billion-euro fines on big companies that seriously flout their obligations under the regulations. <\/p>\n<p class=\"c-paragraph paywall \">This regime of digital laws has become the latest flashpoint in the fracturing transatlantic relationship. <\/p>\n<p class=\"c-paragraph paywall b-it-article-body__text--left\">Several months of painful negotiations ended with the EU accepting a one-sided deal where the 27-state bloc agreed to stomach 15 per cent tariffs on products sold into the US. In return US president Donald Trump dropped threats that he would put even higher import taxes on future trade coming from Europe. <\/p>\n<p class=\"c-paragraph b-it-article-body__interstitial-link\">[\u00a0<a aria-label=\"Open related story\" class=\"c-link\" href=\"https:\/\/www.irishtimes.com\/ireland\/2025\/08\/01\/frustration-about-regulation-could-lead-tech-companies-to-pull-back-from-europe-us-warns\/\" rel=\"noreferrer noopener\" target=\"_blank\">US politicians visiting Dublin warn tech firms could pull back from Europe amid frustration at regulationOpens in new window<\/a>\u00a0]<\/p>\n<p class=\"c-paragraph paywall b-it-article-body__text--left\">Trump cast doubt on the reliability of that truce last week. Taking to his Truth Social platform, he threatened extra tariffs or export controls on countries that used digital regulations and taxes to \u201cattack\u201d US companies. <\/p>\n<p class=\"c-paragraph paywall \">The threat ups the political ante of an ongoing commission investigation into X, formerly Twitter, which is expected to result in the EU fining tech entrepreneur Elon Musk\u2019s company.<\/p>\n<p class=\"c-paragraph paywall \">The fine would be the first handed down under the EU\u2019s Digital Services Act (DSA). <\/p>\n<p class=\"c-paragraph paywall b-it-article-body__text--left\">The legislation came into force early last year. It puts obligations on social-media companies to remove illegal content and hate speech, protect underage users and make sure their platforms are not being manipulated to interfere in elections. <\/p>\n<p><img decoding=\"async\" alt=\"\" class=\"c-image audio_image\" src=\"https:\/\/www.europesays.com\/uk\/wp-content\/uploads\/2025\/08\/1754647931518-c07d65db-55b5-463e-ae51-976300c5837e.jpeg\"\/>Why is the delivery of vital infrastructure so slow in Ireland?<\/p>\n<p class=\"c-paragraph paywall b-it-article-body__text--left\">The commission has made a preliminary finding that X breached the law. It said its new verification system, which allowed any account to purchase a \u201cblue tick\u201d \u2013 something that was previously reserved for public figures \u2013 was deceptive. It also found a lack of transparency around online advertising on the social-media platform. <\/p>\n<p class=\"c-paragraph paywall b-it-article-body__text--left\">X has pushed back hard against the commission\u2019s findings in an extensive internal rebuttal. EU officials have spent more than a year shoring up their case, given that any financial penalty imposed on the company will certainly be appealed in the courts. <\/p>\n<p class=\"c-paragraph b-it-article-body__interstitial-link\">[\u00a0<a aria-label=\"Open related story\" class=\"c-link\" href=\"https:\/\/www.irishtimes.com\/business\/economy\/2025\/08\/29\/tech-regulations-will-be-recurring-tension-point-between-brussels-and-trump\/\" rel=\"noreferrer noopener\" target=\"_blank\">Tech regulations will be recurring tension point between Brussels and TrumpOpens in new window<\/a>\u00a0]<\/p>\n<p class=\"c-paragraph paywall b-it-article-body__text--left\">It is understood officials inside the commission believe the EU body is likely to hand X a fine, probably in the range of several hundred million euro. That decision may be taken between now and the end of the year,  and will possibly cause a clash between Brussels and the White House. <\/p>\n<p class=\"c-paragraph paywall \">A second strand of the commission\u2019s investigation is focusing on X enabling election interference, paring back its content moderation and its failure to take down illegal posts and images. Work on that inquiry is ongoing and unlikely to conclude for some time. <\/p>\n<p class=\"c-paragraph paywall b-it-article-body__text--left\">One source inside the commission said that case was broader and more political, but could carry a much heftier fine if X were found in breach on those counts. <\/p>\n<p><img decoding=\"async\" data-chromatic=\"ignore\" alt=\"X owner Elon Musk. Photograph: Eric Lee\/The New York Times\" class=\"c-image\" loading=\"lazy\" src=\"https:\/\/www.europesays.com\/uk\/wp-content\/uploads\/2025\/09\/HQESC62XMOCRKF7HEINHGGLA6Y.jpg\"   width=\"800\" height=\"533\"\/>X owner Elon Musk. Photograph: Eric Lee\/The New York Times <\/p>\n<p class=\"c-paragraph paywall b-it-article-body__text--left\">Von der Leyen has been accused of slow-walking a decision on whether to fine Musk\u2019s company, for fear of antagonising Trump, initially during the tariff negotiations and more recently now that European leaders are trying to prevent Trump from taking Moscow\u2019s side when fleshing out a possible peace settlement in the Ukraine war. <\/p>\n<p class=\"c-paragraph paywall \">\u201cWe can see how the EU might be hesitant to sanction or introduce financial penalties on Elon Musk\u2019s platform,\u201d said Giorgos Verdi, a policy fellow at the European Council on Foreign Relations think tank. <\/p>\n<p class=\"c-paragraph paywall \">Verdi, an expert on the geopolitics of tech policy, said Trump linking continued US support for Ukraine to concessions on the EU\u2019s digital rules would be the \u201cworst case scenario\u201d for Brussels. <\/p>\n<p class=\"c-paragraph paywall b-it-article-body__text--left\">US negotiators seemed to have dropped their demands for movement on the digital laws in the later stages of talks to settle a deal on tariffs. Trump was tabling the issue again through the \u201cside door\u201d, Verdi said. <\/p>\n<p class=\"c-paragraph paywall b-it-article-body__text--left\">\u201cIt\u2019s very obvious that Trump doesn\u2019t like the EU\u2019s digital regulations &#8230; He has been trying to water them down, or even repeal them,\u201d he said. <\/p>\n<p class=\"c-paragraph b-it-article-body__interstitial-link\">[\u00a0<a aria-label=\"Open related story\" class=\"c-link\" href=\"https:\/\/www.irishtimes.com\/business\/2025\/08\/29\/apple-sought-constructive-and-open-dialogue-with-new-eu-competition-chief\/\" rel=\"noreferrer noopener\" target=\"_blank\">Apple seeks \u2018constructive and open dialogue\u2019 with new EU competition chiefOpens in new window<\/a>\u00a0]<\/p>\n<p class=\"c-paragraph paywall \">The commission has been adamant that its digital legislation is not up for debate. The EU executive has also rejected claims that the laws amount to censorship of free speech, noting they require platforms only to remove illegal content. <\/p>\n<p class=\"c-paragraph paywall b-it-article-body__text--left\">One senior commission official involved in the tariff talks said the EU had been firm about not rolling back its digital laws. \u201cWe have made this clear throughout the negotiations,\u201d the official said. \u201cThe European Union upholds its right to regulate.\u201d<\/p>\n<p class=\"c-paragraph paywall \">It was \u201cvery unlikely\u201d the EU would cave and gut its new landmark digital rule book, said Verdi. <\/p>\n<p class=\"c-paragraph paywall b-it-article-body__text--left\">However, the Trump administration might be pushing for some sort of \u201cgrey zone\u201d, where US companies would get to dodge any real sanctions or big financial penalties, he said. <\/p>\n<p class=\"c-paragraph paywall \">Tech executives see Trump as the most direct avenue to push back against Europe\u2019s online guardrails. <\/p>\n<p class=\"c-paragraph paywall \">Meta chief executive Mark Zuckerberg has reportedly appealed to Trump to protect US firms from EU regulations and fines. Musk, who enjoyed a privileged position in Trump\u2019s inner orbit at the start of his second term, before relations between the two men soured, has frequently bashed the EU\u2019s regulations publicly. <\/p>\n<p class=\"c-paragraph paywall \">\u201cWe have never had closer alignment between Big Tech and the US administration,\u201d Verdi said. <\/p>\n<p class=\"c-paragraph paywall \">US tech firms have been fighting with Brussels regulators for more than a decade.<\/p>\n<p><img decoding=\"async\" data-chromatic=\"ignore\" alt=\"Former EU competition commissioner Margrethe Vestager\" class=\"c-image\" loading=\"lazy\" src=\"https:\/\/www.europesays.com\/uk\/wp-content\/uploads\/2025\/09\/KLVPZR73RDTJIP64MBHNS5TXLM.jpg\"   width=\"800\" height=\"533\"\/>Former EU competition commissioner Margrethe Vestager <\/p>\n<p class=\"c-paragraph paywall \">Margrethe Vestager, who held the EU competition chief post from 2014 until last year, became one of the most high-profile figures in the Berlaymont on the back of her battles with tech multinationals. <\/p>\n<p class=\"c-paragraph paywall \">The liberal Danish politician used the EU\u2019s state-aid and competition laws to go after companies that had enjoyed favourable tax deals or abused their dominant market positions. <\/p>\n<p class=\"c-paragraph paywall \">Vestager\u2019s biggest win came in the final weeks of her stint in the union\u2019s executive body. <\/p>\n<p class=\"c-paragraph paywall \">The European Court of Justice (ECJ) upheld a 2016 commission decision ordering Apple to pay \u20ac13 billion in back taxes to the Republic, drawing an end to the world\u2019s largest ever antitrust case. <\/p>\n<p class=\"c-paragraph paywall \">An extensive state-aid investigation by the commission found Apple had enjoyed favourable tax arrangements in the Republic between 2004 and 2014, massively reducing the amount of tax it paid on its European profits. <\/p>\n<p class=\"c-paragraph b-it-article-body__interstitial-link\">[\u00a0<a aria-label=\"Open related story\" class=\"c-link\" href=\"https:\/\/www.irishtimes.com\/business\/economy\/2025\/08\/26\/donald-trump-threatens-retaliation-over-taxes-that-discriminate-against-us-tech\/\" rel=\"noreferrer noopener\" target=\"_blank\">Donald Trump threatens retaliation over rules and taxes that \u2018discriminate\u2019 against US techOpens in new window<\/a>\u00a0]<\/p>\n<p class=\"c-paragraph paywall \">The iPhone maker and the Government had challenged the finding, initially winning a legal appeal in 2020, before the EU\u2019s top court ultimately came down on the side of Vestager last year. <\/p>\n<p class=\"c-paragraph paywall \">Internal correspondence released to The Irish Times shows US tech giants were eager to build up relationships with several of the new EU commissioners who sit around the top table with von der Leyen, when they took office at the end of 2024. <\/p>\n<p class=\"c-paragraph paywall \">In a November 28th, 2024, letter, Google told St\u00e9phane S\u00e9journ\u00e9, the incoming EU commissioner for industry, it remained \u201cdeeply committed to Europe\u201d. The letter called for the \u201cright set of enabling policies\u201d to allow technology foster \u201cinnovation, security, and resilience\u201d. <\/p>\n<p class=\"c-paragraph paywall b-it-article-body__text--left\">Apple similarly wrote to Teresa Ribera, the EU\u2019s new competition chief, on January 9th, saying the company hoped to have a \u201cconstructive and open dialogue\u201d with the commissioner on competition matters. <\/p>\n<p><img decoding=\"async\" data-chromatic=\"ignore\" alt=\"EU commissioner for justice and democracy Michael McGrath. Photograph: Thierry Monasse\/Getty Images\" class=\"c-image\" loading=\"lazy\" src=\"https:\/\/www.europesays.com\/uk\/wp-content\/uploads\/2025\/09\/D65EDDIO6JFHJNWG6ZNGNYIKLA.jpg\"   width=\"800\" height=\"563\"\/>EU commissioner for justice and democracy Michael McGrath. Photograph: Thierry Monasse\/Getty Images <\/p>\n<p class=\"c-paragraph paywall \">EU commissioner for justice and democracy Michael McGrath also received letters of congratulations from Google, Meta and Amazon. All were eager to arrange sit-downs with their senior executives and the former Irish finance minister. <\/p>\n<p class=\"c-paragraph paywall \">The Fianna F\u00e1il politician is charged with introducing new legislation, the Digital Fairness Act, to regulate social media influencers and addictive tricks used by platforms to keep people scrolling. <\/p>\n<p class=\"c-paragraph paywall \">That draft legislation has not been published yet. The scope of the new law is very much in the crosshairs of tech firm lobbyists, making it another front where Brussels and Washington could be set to clash in the coming months. <\/p>\n<p class=\"c-paragraph paywall b-it-article-body__text--left\">Efforts by US multinationals to shape EU laws as they are being crafted are nothing new. The big companies have well-oiled, multi-million-euro lobbying operations in Brussels to influence policy as it is being hammered out. <\/p>\n<p class=\"c-paragraph paywall \">Meta spent at least \u20ac10 million on its Brussels lobbying operation last year, according to annual filings it is required to submit to a transparency register. <\/p>\n<p class=\"c-paragraph paywall \">Apple spent between \u20ac7 million and \u20ac8 million last year. Amazon also reported spending between \u20ac7 million and \u20ac8 million on lobbying activities, with Microsoft estimating it spent in the same range. <\/p>\n<p class=\"c-paragraph b-it-article-body__interstitial-link\">[\u00a0<a aria-label=\"Open related story\" class=\"c-link\" href=\"https:\/\/www.irishtimes.com\/business\/2025\/07\/24\/can-europe-break-free-of-american-tech-supremacy\/\" rel=\"noreferrer noopener\" target=\"_blank\">Can Europe break free of American tech supremacy?Opens in new window<\/a>\u00a0]<\/p>\n<p class=\"c-paragraph paywall \">When Musk bought Twitter and rebranded the company as X he gutted its Brussels lobbying arm. Last available disclosures from the company reported it spent less than \u20ac200,000 in 2023. <\/p>\n<p class=\"c-paragraph paywall b-it-article-body__text--left\">How the bloc planned to enforce its new digital rules was raised in every meeting EU tech commissioner Henna Virkkunen had with top executives from Apple, Meta and Google during a trip to San Francisco in May, notes of those discussions show. <\/p>\n<p class=\"c-paragraph paywall \">There are early signs that pressure from the US administration is causing the EU to pull its punches. <\/p>\n<p class=\"c-paragraph paywall \">Ribera, the competition chief, had this week been expected to hit Google with an antitrust fine, for distorting the market by favouring its advertising services over rivals. <\/p>\n<p class=\"c-paragraph paywall \">The left-wing Spanish politician has been the most vocal counterweight to von der Leyen\u2019s caution at the top of the commission, with Ribera favouring a more assertive line.<\/p>\n<p class=\"c-paragraph paywall \">However, the decision to fine Google was reportedly delayed as other figures in the commission feared it would set Trump off. <\/p>\n<p class=\"c-paragraph paywall \">A spokeswoman for the commission sought to play down talk of the delay. \u201cAt this stage the [Google] investigation continues to be ongoing and we would not be commenting further on it &#8230; The investigation is concluded once the decision is adopted, no decision has been adopted,\u201d she said. <\/p>\n<p class=\"c-paragraph paywall \">Fianna F\u00e1il MEP Barry Andrews believes the EU has given up too much ground in response to threats from the US president. <\/p>\n<p class=\"c-paragraph b-it-article-body__interstitial-link\">[\u00a0<a aria-label=\"Open related story\" class=\"c-link\" href=\"https:\/\/www.irishtimes.com\/politics\/2025\/03\/08\/eu-will-continue-to-regulate-online-tech-firms-despite-opposition-from-the-trump-administration-michael-mcgrath\/\" rel=\"noreferrer noopener\" target=\"_blank\">EU will not be deterred by US criticism of tech firm regulation, says McGrathOpens in new window<\/a>\u00a0]<\/p>\n<p class=\"c-paragraph paywall b-it-article-body__text--left\">\u201cWe\u2019ve got to a point where there has been one concession after the other made. Each one has been trousered and then something else sought,\u201d he said. \u201cIt begins to look like appeasement.\u201d  <\/p>\n<p class=\"c-paragraph paywall b-it-article-body__text--left\">The EU should seriously consider turning to its nuclear option, the anti-coercion instrument, to fight back against Trump\u2019s latest attempt at intimidation, the Dublin MEP said. <\/p>\n<p class=\"c-paragraph paywall \">The instrument, known as the \u201cbig bazooka\u201d, would give the commission wide-ranging powers. They would include the option of restricting US companies\u2019 ability to bid on public contracts in the union, levy taxes on the digital advertising revenues of tech firms, and other measures that would hinder their European operations. <\/p>\n<p class=\"c-paragraph paywall \">A months-long investigation would have to first establish that the EU was facing economic coercion from the US, before the commission could use those emergency powers. Triggering such an investigation would be seen as a big escalation. <\/p>\n<p class=\"c-paragraph paywall \">European leaders didn\u2019t reach for the bazooka during the fractious negotiations on tariffs over the summer months, despite pressure from France to do so. <\/p>\n<p class=\"c-paragraph paywall \">A decision was taken that a lopsided deal favouring the US was better than the chaos of a trade war, even if Trump may have been forced to back down in the end. <\/p>\n<p class=\"c-paragraph paywall b-it-article-body__text--left\">The Government, which had been the most vocal in calling for restraint during the tariff dispute, needed to rethink its strategy, Andrews said. \u201cWe\u2019re just going to keep getting steamrollered unless we stand up to the US.\u201d <\/p>\n<p class=\"c-paragraph paywall \">The EU should at least threaten to use its emergency powers, to head off any attempt by Trump to unpick the union\u2019s tech regulations, he said. <\/p>\n<p class=\"c-paragraph paywall \">The Republic could find itself pulled into the middle of a EU-US fight, as the host of most tech giants\u2019 European headquarters. <\/p>\n<p class=\"c-paragraph paywall \">Coimisi\u00fan na Me\u00e1n is responsible for enforcing parts of the DSA at national level. The Irish online regulator is conducting a preliminary review into how difficult it is for users to flag illegal content on Meta, X and other platforms. <\/p>\n<p class=\"c-paragraph paywall \">That review is expected to conclude in the coming months. At that point the regulator may decide to open its own investigations into whether US firms breached the EU rules, which could lead to fines further down the road. The Government probably won\u2019t welcome the attention, or retaliation, that might draw from the White House.<\/p>\n","protected":false},"excerpt":{"rendered":"Ursula von der Leyen\u2019s new team of European commissioners were still unpacking boxes and settling into their offices&hellip;\n","protected":false},"author":2,"featured_media":399296,"comment_status":"","ping_status":"","sticky":false,"template":"","format":"standard","meta":{"footnotes":""},"categories":[5174],"tags":[1662,32,2000,299,5187,2557,1699,600,867,598,1220,2612],"class_list":{"0":"post-399295","1":"post","2":"type-post","3":"status-publish","4":"format-standard","5":"has-post-thumbnail","7":"category-eu","8":"tag-apple","9":"tag-donald-trump","10":"tag-eu","11":"tag-europe","12":"tag-european","13":"tag-european-commission","14":"tag-european-union","15":"tag-facebook","16":"tag-google","17":"tag-meta","18":"tag-ursula-von-der-leyen","19":"tag-us-tariffs"},"share_on_mastodon":{"url":"https:\/\/pubeurope.com\/@uk\/115150325354041403","error":""},"_links":{"self":[{"href":"https:\/\/www.europesays.com\/uk\/wp-json\/wp\/v2\/posts\/399295","targetHints":{"allow":["GET"]}}],"collection":[{"href":"https:\/\/www.europesays.com\/uk\/wp-json\/wp\/v2\/posts"}],"about":[{"href":"https:\/\/www.europesays.com\/uk\/wp-json\/wp\/v2\/types\/post"}],"author":[{"embeddable":true,"href":"https:\/\/www.europesays.com\/uk\/wp-json\/wp\/v2\/users\/2"}],"replies":[{"embeddable":true,"href":"https:\/\/www.europesays.com\/uk\/wp-json\/wp\/v2\/comments?post=399295"}],"version-history":[{"count":0,"href":"https:\/\/www.europesays.com\/uk\/wp-json\/wp\/v2\/posts\/399295\/revisions"}],"wp:featuredmedia":[{"embeddable":true,"href":"https:\/\/www.europesays.com\/uk\/wp-json\/wp\/v2\/media\/399296"}],"wp:attachment":[{"href":"https:\/\/www.europesays.com\/uk\/wp-json\/wp\/v2\/media?parent=399295"}],"wp:term":[{"taxonomy":"category","embeddable":true,"href":"https:\/\/www.europesays.com\/uk\/wp-json\/wp\/v2\/categories?post=399295"},{"taxonomy":"post_tag","embeddable":true,"href":"https:\/\/www.europesays.com\/uk\/wp-json\/wp\/v2\/tags?post=399295"}],"curies":[{"name":"wp","href":"https:\/\/api.w.org\/{rel}","templated":true}]}}