{"id":416315,"date":"2025-09-11T17:15:18","date_gmt":"2025-09-11T17:15:18","guid":{"rendered":"https:\/\/www.europesays.com\/uk\/416315\/"},"modified":"2025-09-11T17:15:18","modified_gmt":"2025-09-11T17:15:18","slug":"brexit-card-renewal-concerns-for-uk-travellers-in-france-this-christmas","status":"publish","type":"post","link":"https:\/\/www.europesays.com\/uk\/416315\/","title":{"rendered":"Brexit card renewal concerns for UK travellers in France this Christmas"},"content":{"rendered":"<p>    Issues likely if simpler procedures are not put into place, says campaign group<\/p>\n<p>\n        An expired WA card may cause problems<br \/>\n        Maridav\/Shutterstock\n    <\/p>\n<p>Britons travelling at the end of the year could face issues if simpler procedures for Brexit card upgrades are not put in place, the co-chair of the British in Europe (BiE) campaign group has warned.<\/p>\n<p>It comes as some of the 42,000\u00a0<a href=\"https:\/\/www.connexionfrance.com\/practical\/is-it-still-possible-to-apply-for-a-brexit-card-to-live-in-france\/739705\" target=\"_blank\" data-lab-font_weight=\"font-weight-bold\" class=\"font-weight-bold m-font-weight-bold\" rel=\"noopener\">five-year Withdrawal Agreement (WA) cards<\/a> issued in 2020-2021 to UK nationals who had been living in France less than five years are set to expire.\u00a0<\/p>\n<p>And even where this is not yet the case (eg. cards issued in 2021), many holders now hope to upgrade them for 10-year \u2018permanent residency\u2019 cards, which is their right after five years living in France.<\/p>\n<p>BiE\u2019s Jane Golding and Fiona Godfrey were in Brussels this summer, with the3million (representing EU citizens in the UK) to speak to the UK-EU committee on citizens\u2019 rights, a body set up to monitor respect of Withdrawal Agreement rules.\u00a0<\/p>\n<p>They also met with the European Commission officials and with the European Parliament\u2019s foreign affairs chairman.<\/p>\n<p>Ms Golding said: \u201cThe most important point we raised was about upgrades to permanent residency.\u00a0<\/p>\n<p>\u201cWe pointed out that for initial applications, France had a very good centralised system but upgrades are decentralised and are dealt with by prefectures, which is not always clear to WA beneficiaries in France.<\/p>\n<p>\u201cAnd there is still a problem of a lack of centrally-available information. We raised the fact that article 37 creates a continuing obligation to put out information and communicate about WA rights.<\/p>\n<p>\u201cWe also raised problems with obtaining timely appointments at prefectures and we told them some people report difficulty upgrading before their current card expires.\u201d<\/p>\n<p>Only limited help available for Brexit renewals<\/p>\n<p>Limited information can be found on the <a href=\"https:\/\/www.service-public.fr\/particuliers\/vosdroits\/F35032\" target=\"_blank\" rel=\"noopener\">Service public website<\/a>, but, so far, <a href=\"https:\/\/www.connexionfrance.com\/news\/french-brexit-card-renewals-approach-how-will-they-work\/731775\" target=\"_blank\" rel=\"noopener\">hopes of a new centralised online application process<\/a> have not materialised.\u00a0<\/p>\n<p>\u201cIt would be great, but it remains vague for now,\u201d Ms Golding said.\u00a0<\/p>\n<p>\u201cThe service-public information is better than nothing, but firstly, people have to find it and secondly, there needs to be sensible information on their prefecture\u2019s site, which is often not the case.\u201d<\/p>\n<p>Some have information on renewals and in some cases their own online application process (eg. Calvados) while others have no information on the topic.<\/p>\n<p>Another issue relates to travel: if a person has an expired WA card, or has only a r\u00e9c\u00e9piss\u00e9 to say they have applied to renew (also, usually, with a limited validity period), this may cause difficulties when the EU\u2019s new digital borders scheme, EES begins.<\/p>\n<p>\u201cThey won\u2019t be able to travel with just a r\u00e9c\u00e9piss\u00e9 as the European Commission says people will need a biometric card,\u201d she said.\u00a0<\/p>\n<p>\u201cThere\u2019s nothing in the Schengen border guards\u2019 handbook to say they can accept other forms of proof.<\/p>\n<p>\u201cHopefully, people will be able to hold on to existing cards until they have the new one, but if the card has expired, that\u2019s not helpful either.\u00a0<\/p>\n<p>Perhaps they could travel with the card as well as a r\u00e9c\u00e9piss\u00e9. I will raise that with the EU.\u201d<\/p>\n<p>She added: \u201cWe also know loads of people across the EU will be upgrading just at the same time as EES is coming \u2013 and then Christmas and New Year will be here.<\/p>\n<p>\u201cIt could be like the 2020-2021 when our BiE teams were all working flat-out to deal with issues [as the end of the Brexit transition period approached].\u00a0<\/p>\n<p>\u201cSome people had big problems. It\u2019s a flashpoint for non-EU citizens travelling into and out of the Schengen area.\u00a0<\/p>\n<p>&#8220;The worst situations were when people were coming home via another country of the EU, at big transit points like Amsterdam Schipol.\u201d<\/p>\n<ul>\n<li class=\"lab-bodytext-line italic m-italic\" data-lab-italic=\"italic\">If a centralised process is created for upgrades, it is likely to be via the Interior Ministry\u2019s <a href=\"https:\/\/administration-etrangers-en-france.interieur.gouv.fr\/particuliers\/#\/\" target=\"_blank\" rel=\"noopener\">Anef site<\/a>, which is also now used for changes of address, lost cards etc.\u00a0If you do not have one, it is therefore likely to be useful to create an account on the site. We also recommend keeping a copy\/scan of both sides of your WA residency card.<\/li>\n<\/ul>\n","protected":false},"excerpt":{"rendered":"Issues likely if simpler procedures are not put into place, says campaign group An expired WA card may&hellip;\n","protected":false},"author":2,"featured_media":416316,"comment_status":"","ping_status":"","sticky":false,"template":"","format":"standard","meta":{"footnotes":""},"categories":[5226],"tags":[802,748,2000,299,5187,1699,4884,16,15],"class_list":{"0":"post-416315","1":"post","2":"type-post","3":"status-publish","4":"format-standard","5":"has-post-thumbnail","7":"category-brexit","8":"tag-brexit","9":"tag-britain","10":"tag-eu","11":"tag-europe","12":"tag-european","13":"tag-european-union","14":"tag-great-britain","15":"tag-uk","16":"tag-united-kingdom"},"share_on_mastodon":{"url":"https:\/\/pubeurope.com\/@uk\/115186796354501420","error":""},"_links":{"self":[{"href":"https:\/\/www.europesays.com\/uk\/wp-json\/wp\/v2\/posts\/416315","targetHints":{"allow":["GET"]}}],"collection":[{"href":"https:\/\/www.europesays.com\/uk\/wp-json\/wp\/v2\/posts"}],"about":[{"href":"https:\/\/www.europesays.com\/uk\/wp-json\/wp\/v2\/types\/post"}],"author":[{"embeddable":true,"href":"https:\/\/www.europesays.com\/uk\/wp-json\/wp\/v2\/users\/2"}],"replies":[{"embeddable":true,"href":"https:\/\/www.europesays.com\/uk\/wp-json\/wp\/v2\/comments?post=416315"}],"version-history":[{"count":0,"href":"https:\/\/www.europesays.com\/uk\/wp-json\/wp\/v2\/posts\/416315\/revisions"}],"wp:featuredmedia":[{"embeddable":true,"href":"https:\/\/www.europesays.com\/uk\/wp-json\/wp\/v2\/media\/416316"}],"wp:attachment":[{"href":"https:\/\/www.europesays.com\/uk\/wp-json\/wp\/v2\/media?parent=416315"}],"wp:term":[{"taxonomy":"category","embeddable":true,"href":"https:\/\/www.europesays.com\/uk\/wp-json\/wp\/v2\/categories?post=416315"},{"taxonomy":"post_tag","embeddable":true,"href":"https:\/\/www.europesays.com\/uk\/wp-json\/wp\/v2\/tags?post=416315"}],"curies":[{"name":"wp","href":"https:\/\/api.w.org\/{rel}","templated":true}]}}