{"id":416524,"date":"2025-09-11T19:09:11","date_gmt":"2025-09-11T19:09:11","guid":{"rendered":"https:\/\/www.europesays.com\/uk\/416524\/"},"modified":"2025-09-11T19:09:11","modified_gmt":"2025-09-11T19:09:11","slug":"2025-vuelta-a-espana-stage-19-preview-cycling-mole","status":"publish","type":"post","link":"https:\/\/www.europesays.com\/uk\/416524\/","title":{"rendered":"2025 Vuelta a Espa\u00f1a Stage 19 Preview &#8211; Cycling Mole"},"content":{"rendered":"<ol>\n<li><a href=\"https:\/\/news.google.com\/rss\/articles\/CBMifkFVX3lxTE1DbFF5UFFlQ0d3djFSeFVyQlNVNklwT18xLVZOVFBGWUU4SG5IVTNxXzZxTUtPdEowS25OX1NxOG5EdWhwLVpkWHR5elNfcVo3RW9pWFlHdVF2b0k3Umc1cHFtMlg5Nk1rUUdJOVZRY2VXWjdRc2N2bUZIczlfQQ?oc=5\" target=\"_blank\" rel=\"noopener\">2025 Vuelta a Espa\u00f1a Stage 19 Preview<\/a>&nbsp;&nbsp;Cycling Mole<\/li>\n<li><a href=\"https:\/\/news.google.com\/rss\/articles\/CBMiswFBVV95cUxPUHZ1VGFuVjNhVmRrb2w3ay1jTkxwVnIxLVE5WUNzWGdxSVF1OFlfZWhFX21GZ1pVVWFXNFVnMUNtdzJ0SXJIQnFIMlRRTjFyYUpINlVnejJfaDVpU09OZ2hpR3Jxd05uQnZfSkFRU3F1dktlQXlzaXk1UzJiRzFBbHo0cmE3Nk5pa21VeFFob0ZRZEdVc0MyRWs4aXBkNWxrR2piRm1adFN4SEFsZ3NQSXFwYw?oc=5\" target=\"_blank\" rel=\"noopener\">How to watch the 2025 GP Quebec live and on TV in Canada, UK, USA and Australia<\/a>&nbsp;&nbsp;CyclingUpToDate.com<\/li>\n<li><a href=\"https:\/\/news.google.com\/rss\/articles\/CBMi3wFBVV95cUxPejYybkNmcENkOEpMQXdvb1dYSVU0cV9sanRuRXdVcE83QkZqc0lJOGlSZXk2dEw5NTlRQl9TbkFBdENRR29YLUphQW9VTW5PVzYwSzJqZTJYbE02WjU3MjBBenEzMDQ3eFRHNTB5TE5ZUmk0Qm1HVzNiM2NQX0tfVWRIbmZKYzYtMGRYNTBleEhmejlDVzRCTTZWRm1YSU9MZENDamJwSDZKUWFtdXJaMWhRSUZhOXdWbGMzYjY0SnctVEV3S3A2RWs3REhBTXFaN0phcGo4Zm0tM3FVMVVV?oc=5\" target=\"_blank\" rel=\"noopener\">Poga\u010dar, Van Aert, Matthews to Headline a star-studded field at the Grands Prix Cyclistes de Qu\u00e9bec et de Montr\u00e9al<\/a>&nbsp;&nbsp;Cycling West<\/li>\n<li><a href=\"https:\/\/news.google.com\/rss\/articles\/CBMihAFBVV95cUxNeFZpdjN4a2NBbVpNcGNCcFY3MmpIYXAySGNlQWpQVm1aVTZXUXVKNktSakp2Rm11MFU4aGVucTBhN0Y0NnpwWllpUXg4VklRY2pHVkpBMzZGQ3dYRzZSTEg3aDR2WjEwOEg5dzNDV2NmMC12eF9haGJENlFXWlJfY2lHUXo?oc=5\" target=\"_blank\" rel=\"noopener\">Highlights of the Grand Prix Cycliste Qu\u00e9bec 2023<\/a>&nbsp;&nbsp;Info Petite Nation<\/li>\n<li><a href=\"https:\/\/news.google.com\/rss\/articles\/CBMioAFBVV95cUxQU1EyQjZEaTdwWEVLXzNhaENBSG1JY2RHakR4UjdvX282QXdxaUZhYkNFREtnb193RkxUcFZTTDZlNWwtV2tlQ2dmRjlnSFlkQi13TF9nd1ZONWNyV3ZlQVNkeEotbFZkVDNYajdrZ1V5OWJ6VC1SUUl6Z0QwMUFNU2JQcGU1YWhLdEZjUU1RLWtjYkprbjMtaVUzX0YtXzRR?oc=5\" target=\"_blank\" rel=\"noopener\">The best spots to watch the Grand Prix Cycliste de Qu\u00e9bec<\/a>&nbsp;&nbsp;Canadian Cycling Magazine<\/li>\n<\/ol>\n","protected":false},"excerpt":{"rendered":"2025 Vuelta a Espa\u00f1a Stage 19 Preview&nbsp;&nbsp;Cycling Mole How to watch the 2025 GP Quebec live and on&hellip;\n","protected":false},"author":2,"featured_media":416525,"comment_status":"","ping_status":"","sticky":false,"template":"","format":"standard","meta":{"footnotes":""},"categories":[4104],"tags":[4230,79,16,15],"class_list":{"0":"post-416524","1":"post","2":"type-post","3":"status-publish","4":"format-standard","5":"has-post-thumbnail","7":"category-cycling","8":"tag-cycling","9":"tag-sports","10":"tag-uk","11":"tag-united-kingdom"},"share_on_mastodon":{"url":"https:\/\/pubeurope.com\/@uk\/115187244601216048","error":""},"_links":{"self":[{"href":"https:\/\/www.europesays.com\/uk\/wp-json\/wp\/v2\/posts\/416524","targetHints":{"allow":["GET"]}}],"collection":[{"href":"https:\/\/www.europesays.com\/uk\/wp-json\/wp\/v2\/posts"}],"about":[{"href":"https:\/\/www.europesays.com\/uk\/wp-json\/wp\/v2\/types\/post"}],"author":[{"embeddable":true,"href":"https:\/\/www.europesays.com\/uk\/wp-json\/wp\/v2\/users\/2"}],"replies":[{"embeddable":true,"href":"https:\/\/www.europesays.com\/uk\/wp-json\/wp\/v2\/comments?post=416524"}],"version-history":[{"count":0,"href":"https:\/\/www.europesays.com\/uk\/wp-json\/wp\/v2\/posts\/416524\/revisions"}],"wp:featuredmedia":[{"embeddable":true,"href":"https:\/\/www.europesays.com\/uk\/wp-json\/wp\/v2\/media\/416525"}],"wp:attachment":[{"href":"https:\/\/www.europesays.com\/uk\/wp-json\/wp\/v2\/media?parent=416524"}],"wp:term":[{"taxonomy":"category","embeddable":true,"href":"https:\/\/www.europesays.com\/uk\/wp-json\/wp\/v2\/categories?post=416524"},{"taxonomy":"post_tag","embeddable":true,"href":"https:\/\/www.europesays.com\/uk\/wp-json\/wp\/v2\/tags?post=416524"}],"curies":[{"name":"wp","href":"https:\/\/api.w.org\/{rel}","templated":true}]}}