{"id":418380,"date":"2025-09-12T11:59:15","date_gmt":"2025-09-12T11:59:15","guid":{"rendered":"https:\/\/www.europesays.com\/uk\/418380\/"},"modified":"2025-09-12T11:59:15","modified_gmt":"2025-09-12T11:59:15","slug":"carlo-ratti-and-howeler-yoons-floating-aquapraca-anchors-in-venice","status":"publish","type":"post","link":"https:\/\/www.europesays.com\/uk\/418380\/","title":{"rendered":"Carlo Ratti and H\u00f6weler + Yoon&#8217;s floating AquaPra\u00e7a anchors in Venice"},"content":{"rendered":"<p>Italian studio <a href=\"https:\/\/www.dezeen.com\/tag\/carlo-ratti-associati\" target=\"_blank\" rel=\"noopener\">Carlo Ratti Associati<\/a>\u00a0and US firm\u00a0<a href=\"https:\/\/www.dezeen.com\/tag\/howeler-yoon-architecture\/\" target=\"_blank\" rel=\"noopener\">H\u00f6weler + Yoon Architecture<\/a> have debuted a <a href=\"https:\/\/www.dezeen.com\/tag\/floating-architecture\/\" target=\"_blank\" rel=\"noopener\">floating<\/a> plaza with sloping floors at the <a href=\"https:\/\/www.dezeen.com\/tag\/venice-architecture-biennale\/\" target=\"_blank\" rel=\"noopener\">Venice Architecture Biennale<\/a>\u00a0before it journeys to <a href=\"https:\/\/www.dezeen.com\/tag\/brazil\/\" target=\"_blank\" rel=\"noopener\">Brazil<\/a> for COP30.<\/p>\n<p>Named AquaPra\u00e7a, the 400-square-metre <a href=\"https:\/\/www.dezeen.com\/tag\/plazas\/\" target=\"_blank\" rel=\"noopener\">plaza<\/a> is partly submerged in water, with ramps forming higher levels for lookout points and lower levels where visitors are close to the water&#8217;s surface.<\/p>\n<p><img loading=\"lazy\" decoding=\"async\" class=\"wp-image-2246717 size-full\" src=\"https:\/\/www.europesays.com\/uk\/wp-content\/uploads\/2025\/09\/aquapraca-carlo-ratti-howeler-and-yoon-venice_dezeen_2364_col_3-852x479.jpg\" alt=\"AquaPra\u00e7a by Carlo Ratti Associati\u00a0and H\u00f6weler + Yoon Architecture\" width=\"2364\" height=\"1330\"  \/>AquaPra\u00e7a is a floating plaza designed by Carlo Ratti Associati and H\u00f6weler + Yoon Architecture<\/p>\n<p>Built in collaboration with intergovernmental organisation <a href=\"https:\/\/www.iamb.ciheam.org\/about-us-2\/bari-institute\/\" target=\"_blank\" rel=\"noopener\">CIHEAM Bari<\/a> and the World Bank Group&#8217;s <a href=\"https:\/\/www.connect4climate.org\/\" target=\"_blank\" rel=\"noopener\">Connect4Climate<\/a>, the plaza was designed as a space to gather and discuss the climate, architecture and the environment.<\/p>\n<p>With a capacity of over 150 people, the bright white platform will host\u00a0workshops, talks, exhibitions and events.<\/p>\n<p><img loading=\"lazy\" decoding=\"async\" class=\"wp-image-2246718 size-full\" src=\"https:\/\/www.europesays.com\/uk\/wp-content\/uploads\/2025\/09\/aquapraca-carlo-ratti-howeler-and-yoon-venice_dezeen_2364_col_4-852x479.jpg\" alt=\"AquaPra\u00e7a by Carlo Ratti Associati\u00a0and H\u00f6weler + Yoon Architecture in Venice\" width=\"2364\" height=\"1330\"  \/>A cut-out in the centre brings water into the space<\/p>\n<p>&#8220;AquaPra\u00e7a lets visitors meet the sea at eye level,&#8221; said H\u00f6weler + Yoon Architecture co-founder Eric H\u00f6weler. &#8220;Its sloping surfaces and shifting levels embody a delicate equilibrium.&#8221;<\/p>\n<p>&#8220;It&#8217;s a platform, both literal and figurative, for deepening our collective understanding and experience of sea level rise and the impacts of climate change on global cities and communities, and seeking collective solutions,&#8221; added the studio&#8217;s other co-founder J Meejin Yoon.<\/p>\n<p>\t\t\t\t<a href=\"https:\/\/www.dezeen.com\/2025\/08\/14\/carlo-ratti-design-grand-fendika-addis-ababa\/\" target=\"_blank\" rel=\"noopener\"><br \/>\n\t\t\t\t\t\t<img loading=\"lazy\" width=\"191\" height=\"191\" src=\"https:\/\/www.europesays.com\/uk\/wp-content\/uploads\/2025\/09\/grand-fendika-cultural-center-carlo-ratti-addis-ababa_dezeen_2364_col_sq1-191x191.jpg\" class=\"excludeLightbox wp-post-image\" alt=\"Addis Ababa cultural centre by CRA\" decoding=\"async\" data-pin-nopin=\"true\"  \/><\/p>\n<p> Carlo Ratti unveils design for Grand Fendika Cultural Center in Addis Ababa\n\t\t\t\t\t\t<\/p>\n<p>\t\t\t\t\t\t<\/a><\/p>\n<p>Images show AquaPra\u00e7a being towed into the Arsenale in Venice to form part of this year&#8217;s biennale, which was curated by <a href=\"https:\/\/carloratti.com\/\" target=\"_blank\" rel=\"noopener\">Carlo Ratti Associati<\/a> founder <a href=\"https:\/\/www.dezeen.com\/tag\/carlo-ratti\/\" target=\"_blank\" rel=\"noopener\">Carlo Ratti<\/a>.<\/p>\n<p>It will later be relocated to Bel\u00e9m, <a href=\"https:\/\/www.dezeen.com\/tag\/brazil\/\" target=\"_blank\" rel=\"noopener\">Brazil<\/a>, to form part of the Italian Pavilion at the COP30 climate conference in November, after which, Italy will donate the plaza to the Brazilian government as a permanent public space in Bel\u00e9m.<\/p>\n<p><img loading=\"lazy\" decoding=\"async\" class=\"wp-image-2246714 size-full\" src=\"https:\/\/www.europesays.com\/uk\/wp-content\/uploads\/2025\/09\/aquapraca-carlo-ratti-howeler-and-yoon-venice_dezeen_2364_col_0-852x479.jpg\" alt=\"White floating plaza in Venice by Carlo Ratti Associati\u00a0and H\u00f6weler + Yoon Architecture \" width=\"2364\" height=\"1330\"  \/>The floating plaza has floors that slope down to the water surface<\/p>\n<p>The structure holds and releases water to maintain a continuous level with the water it is floating in, and a rectangular cut-out creates a water feature in the centre of the sloped floor.<\/p>\n<p>&#8220;AquaPra\u00e7a shows how architecture can engage with the future by responding to climate and engaging with nature rather than resisting it,&#8221; said Ratti.<\/p>\n<p><img loading=\"lazy\" decoding=\"async\" class=\"wp-image-2246738 size-full\" src=\"https:\/\/www.europesays.com\/uk\/wp-content\/uploads\/2025\/09\/sq-aquapraca-carlo-ratti-howeler-and-yoon-venice_dezeen_2364_col_3-852x852.jpg\" alt=\"White plaza being towed in Venice\" width=\"2364\" height=\"2364\"  \/>It was launched at the Venice Architecture Biennale before it journeys to Brazil for COP30. Photo courtesy of Cimolai<\/p>\n<p>The Venice Architecture Biennale opened on 10 May. Other projects at the event that respond to the waterside location include a structure that <a href=\"https:\/\/www.dezeen.com\/2025\/05\/12\/diller-scofidio-renfro-canal-cafe-venice-architecture-biennale\/\" target=\"_blank\" rel=\"noopener\">transforms canal water into coffee<\/a>, designed by US practice Diller Scofidio + Renfro, and\u00a0<a href=\"https:\/\/www.dezeen.com\/2025\/05\/09\/norman-foster-foundation-porsche-gateway-venice-waterway\/\" target=\"_blank\" rel=\"noopener\">a metallic bridge and transport hub<\/a> created by car brand Porsche and the Norman Foster Foundation.<\/p>\n<p>Other floating architecture recently featured on Dezeen include <a href=\"https:\/\/www.dezeen.com\/2025\/07\/03\/fjord-floating-sauna-shipping-containers-san-francisco-bay\/\" target=\"_blank\" rel=\"noopener\">a sauna in California made from shipping containers<\/a> and\u00a0<a href=\"https:\/\/www.dezeen.com\/2025\/05\/23\/largest-floating-housing-development-europe-rotterdam-mast\/\" target=\"_blank\" rel=\"noopener\">a residential neighbourhood in Rotterdam<\/a>.<\/p>\n<p>The photography is by Peter White unless stated.<\/p>\n","protected":false},"excerpt":{"rendered":"Italian studio Carlo Ratti Associati\u00a0and US firm\u00a0H\u00f6weler + Yoon Architecture have debuted a floating plaza with sloping floors&hellip;\n","protected":false},"author":2,"featured_media":418381,"comment_status":"","ping_status":"","sticky":false,"template":"","format":"standard","meta":{"footnotes":""},"categories":[3939],"tags":[143333,4021,4020,15699,4022,77,58162,143332,2199,143331,143330,128284,55536,126129,126130,16,15,22961,22960],"class_list":{"0":"post-418380","1":"post","2":"type-post","3":"status-publish","4":"format-standard","5":"has-post-thumbnail","7":"category-arts-and-design","8":"tag-architecture-videos","9":"tag-arts","10":"tag-arts-and-design","11":"tag-carlo-ratti-associati","12":"tag-design","13":"tag-entertainment","14":"tag-floating-architecture","15":"tag-hu00f6weler-yoon-architecture","16":"tag-italy","17":"tag-piazzas-and-squares","18":"tag-plazas","19":"tag-public-and-leisure","20":"tag-public-space","21":"tag-sectionall","22":"tag-sectionarchitecture","23":"tag-uk","24":"tag-united-kingdom","25":"tag-venice","26":"tag-venice-architecture-biennale"},"share_on_mastodon":{"url":"https:\/\/pubeurope.com\/@uk\/115191216167421838","error":""},"_links":{"self":[{"href":"https:\/\/www.europesays.com\/uk\/wp-json\/wp\/v2\/posts\/418380","targetHints":{"allow":["GET"]}}],"collection":[{"href":"https:\/\/www.europesays.com\/uk\/wp-json\/wp\/v2\/posts"}],"about":[{"href":"https:\/\/www.europesays.com\/uk\/wp-json\/wp\/v2\/types\/post"}],"author":[{"embeddable":true,"href":"https:\/\/www.europesays.com\/uk\/wp-json\/wp\/v2\/users\/2"}],"replies":[{"embeddable":true,"href":"https:\/\/www.europesays.com\/uk\/wp-json\/wp\/v2\/comments?post=418380"}],"version-history":[{"count":0,"href":"https:\/\/www.europesays.com\/uk\/wp-json\/wp\/v2\/posts\/418380\/revisions"}],"wp:featuredmedia":[{"embeddable":true,"href":"https:\/\/www.europesays.com\/uk\/wp-json\/wp\/v2\/media\/418381"}],"wp:attachment":[{"href":"https:\/\/www.europesays.com\/uk\/wp-json\/wp\/v2\/media?parent=418380"}],"wp:term":[{"taxonomy":"category","embeddable":true,"href":"https:\/\/www.europesays.com\/uk\/wp-json\/wp\/v2\/categories?post=418380"},{"taxonomy":"post_tag","embeddable":true,"href":"https:\/\/www.europesays.com\/uk\/wp-json\/wp\/v2\/tags?post=418380"}],"curies":[{"name":"wp","href":"https:\/\/api.w.org\/{rel}","templated":true}]}}