{"id":421853,"date":"2025-09-13T19:35:16","date_gmt":"2025-09-13T19:35:16","guid":{"rendered":"https:\/\/www.europesays.com\/uk\/421853\/"},"modified":"2025-09-13T19:35:16","modified_gmt":"2025-09-13T19:35:16","slug":"the-world-this-week-india-welcomes-formation-of-nepals-interim-govt-trade-talks-with-eu-reach-a-crucial-stage-israel-intensifies-regional-offensive","status":"publish","type":"post","link":"https:\/\/www.europesays.com\/uk\/421853\/","title":{"rendered":"The world this week | India welcomes formation of Nepal\u2019s interim govt; trade talks with EU reach a crucial stage; Israel intensifies regional offensive"},"content":{"rendered":"<p>Nepal\u2019s interim PM, Sushila Karki, has a herculean task to accomplish, the most urgent being to mend deep divisions in the society, primarily political. India-EU trade talks have reached a decisive stage, but agriculture, dairy and the Carbon Border Adjustment Mechanism (CBAM) remain some of the contentious areas. US President Donald Trump says he is \u201cvery unhappy\u201d about Israel\u2019s targeting of Qatar, which disrupts negotiations for a ceasefire in Gaza \u2013 here is the weekly roundup of key global news.<\/p>\n<p>Nepal on Friday installed former Supreme Court Chief Justice Sushila Karki, 73, as the interim Prime Minister, days after protests over corruption and social media ban racked the Himalayan nation. Karki is the first woman to head the country\u2019s government.<\/p>\n<p><img class=\"lazyloading\" decoding=\"async\" data-lazy-type=\"lazyloading-image\" src=\"https:\/\/www.europesays.com\/uk\/wp-content\/uploads\/2025\/04\/track_1x1.jpg\" data-lazy-src=\"https:\/\/www.europesays.com\/uk\/wp-content\/uploads\/2025\/04\/track_1x1.jpg\" alt=\"\" width=\"1px\" height=\"1px\" style=\"display:none;\"\/><\/p>\n<p>President Ram Chandra Poudel also dissolved Parliament and asked the interim government to hold elections within six months. Nepal had its last legislative elections in 2022.\u00a0<\/p>\n<p>Story continues below this ad<\/p>\n<p>Calling Nepal \u201c<a href=\"https:\/\/indianexpress.com\/article\/world\/sushila-karki-announced-as-new-pm-of-nepal-10246259\/\" target=\"_blank\" rel=\"noopener\">a close neighbour, a fellow democracy and a long term development partner<\/a>\u201d, India welcomed the formation of the interim government and reaffirmed that it will continue to work closely with Kathmandu for the well-being and prosperity of both nations and their peoples.\u00a0<\/p>\n<p>The protests, led by \u201cGen Z\u201d, began on Monday (September 8) in response to a government ban on social media. The ban ignited fears that speech could be curtailed for Nepal\u2019s 30 million people and cut off some two million Nepali workers, a major source of remittances, abroad from their families. Nepal\u2019s economy is heavily reliant on remittances, which amount to over 33 per cent of Nepal\u2019s Gross Domestic Product.<\/p>\n<p>Although it was the social media ban that lit the fuse, the protests expanded rapidly into a larger campaign against corruption, inequality and unemployment, prompting Prime Minister Khadga Prasad Oli to resign on Tuesday.\u00a0<\/p>\n<p>The demonstrations soon turned violent, with police opening fire and protesters torching Parliament, the Supreme Court, political residences, and media offices. The violence left at least 51 people dead.\u00a0<\/p>\n<p>Story continues below this ad<\/p>\n<p>Karki, known for her stance on corruption and women\u2019s rights, said she accepted to lead the interim government at the request of \u201cyoung boys and girls\u201d. She, however, has a herculean task to accomplish, the most important among them being to mend deep divisions in the society, primarily political, alongside ethnic, class and regional divides.<\/p>\n<p>Notably, major political parties, including the Maoist Centre led by Pushpa Kamal Dahal \u2018Prachanda\u2019, Nepali Congress under Sher Bahadur Deuba and the CPN (UML) of Oli, stayed away from the swearing-in ceremony of Karki, signalling their opposition to President Paudel\u2019s decision.<\/p>\n<p>Nepal\u2019s political instability can be traced back to at least the 1990s when Maoist insurgency sprang up aimed at toppling the monarchy. The century-old monarchy was formally abolished in 2008, and a new Constitution was promulgated in 2015, declaring Nepal a secular, federal democratic republic. However, since the 1990s, the Himalayan nation has seen 13 heads of government across 30 separate tenures.\u00a0<\/p>\n<p><b>India-EU trade talks at crucial stage<\/b><\/p>\n<p>While uncertainties over the US tariffs linger on, India and the European Union (EU) are engaged in \u201cintensive\u201d negotiations to finalise a Free Trade Agreement (FTA) by the end of this year.\u00a0\u00a0\u00a0<\/p>\n<p>Story continues below this ad<\/p>\n<p>European Commissioner for Trade, Maros \u0160ef\u010dovi\u010d, said on Friday (September 12) that as major democracies, there are many areas where India and the EU can work together. He added that his goal is to ensure that the FTA facilitates two-way trade flows between India and the EU.<\/p>\n<p>The 27-member bloc is India\u2019s largest trading partner, with bilateral trade in goods standing at $137.41 billion in 2023-24. In the past decade, trade between the two economies has grown by around 90 per cent.\u00a0\u00a0<\/p>\n<p>India and the EU are currently working through at least 26 chapters of the agreement, of which 11 have been finalised. \u0160ef\u010dovi\u010d underlined that the <a href=\"https:\/\/indianexpress.com\/article\/business\/india-eu-wont-agree-on-everything-but-plenty-of-areas-to-collaborate-eu-trade-commissioner-10245603\/\" target=\"_blank\" rel=\"noopener\">automotive sector, which powers the economies of both India and the EU<\/a>, should be at the centre of the partnership.\u00a0<\/p>\n<p>He added that by combining the power of our automotive markets \u2013 the world\u2019s third and fourth largest \u2013 both countries can lead the charge in developing cutting-edge combustion engines as well as electric vehicles with advanced battery technologies and smart mobility solutions.<\/p>\n<p>Story continues below this ad<\/p>\n<p>However, agriculture, dairy and the Carbon Border Adjustment Mechanism (CBAM) are some of the contentious areas. CBAM imposes a tariff on imports linked to \u201ccarbon emissions\u201d and will come into effect from January 1, 2026, potentially affecting a range of sectors like steel, cement, and automobiles.<\/p>\n<p>The EU has refused to make CBAM part of the trade negotiations, insisting it is central to its broader climate goals. But in its recent trade deal with the US, the EU demonstrated flexibility on CBAM, raising hope that similar concessions may be possible for India.<\/p>\n<p>This week also witnessed a thaw in India-US ties, with US ambassador-designate to India Sergio Gor saying on Thursday (September 11) that President <a rel=\"noamphtml noopener\" class=\"keywordtourl\" href=\"https:\/\/indianexpress.com\/about\/donald-trump\/\" target=\"_blank\">Donald Trump<\/a> has invited India\u2019s commerce and trade ministers next week, and that the specifics of the bilateral trade deal will get resolved in the \u201cnext few weeks\u201d.<\/p>\n<p>While the US tariffs hurt Indian exporters, it has negative <a href=\"https:\/\/indianexpress.com\/article\/opinion\/columns\/what-trumps-tariffs-dont-achieve-and-what-they-do-10236225\/?utm_source=Express_Newsletter&amp;utm_medium=email&amp;utm_campaign=newsletterid-2,newslettername-ie-morning-newsletter,itemposition-0,\" target=\"_blank\" rel=\"noopener\">impacts on American shoppers<\/a> too as everyday essentials in the US are getting more expensive.\u00a0<\/p>\n<p>Story continues below this ad<\/p>\n<p>The US has imposed a 50 per cent tariff on India \u2013 25 per cent reciprocal tariff and another 25 per cent for buying oil from Russia. At the same time, Trump has reportedly asked the EU and the G-7 members to impose more tariffs on purchasers of Russian oil.<\/p>\n<p>A US Treasury spokesperson called on G7 and European Union allies to impose \u201cmeaningful tariffs\u201d on goods from China and India to pressure them to halt their purchases of Russian oil, Reuters reported.<\/p>\n<p>Nonetheless, Prime Minister <a rel=\"noamphtml noopener\" class=\"keywordtourl\" href=\"https:\/\/indianexpress.com\/about\/narendra-modi\/\" target=\"_blank\">Narendra Modi<\/a> responded to Trump\u2019s overtures by reiterating that India and the US were \u201cclose friends\u201d, and teams on both sides were \u201cworking to conclude these (trade) discussions at the earliest.\u201d\u00a0<\/p>\n<p><b>Israel\u2019s reckless offensives<\/b><\/p>\n<p>Intensifying its attack on Gaza City, Israel attacked shelters and aid seekers in which more than 30 Palestinians were killed on Saturday. Israel has ramped up its offensive in recent weeks on the largest Palestinian city, which it says is Hamas\u2019s last stronghold, and has ordered Palestinians to evacuate.\u00a0<\/p>\n<p>Story continues below this ad<\/p>\n<p>Israel even targeted Hamas\u2019s negotiating team inside Qatar, where they had convened to discuss the latest US ceasefire proposal. The attack, in which five Hamas members and a member of Qatar\u2019s internal security were killed but Hamas\u2019s leadership survived, drew global criticism, with Doha describing the unprecedented violation of its sovereignty as \u201cstate terrorism\u201d.<\/p>\n<p>Qatar has <a href=\"https:\/\/indianexpress.com\/article\/explained\/israels-attack-on-doha-why-it-was-carried-out-possible-fallout-10242645\/?ref=explained_pg\" class=\"\" target=\"_blank\" rel=\"noopener\">\u201creserved its right to respond\u201d<\/a> to Israel\u2019s attacks, while Saudi Arabia has pledged to place \u201call capabilities\u201d at Qatar\u2019s disposal to respond to the \u201cbrutal Israeli aggression\u201d.<\/p>\n<p>On Friday (September 12), Qatar\u2019s Prime Minister Sheikh Mohammed bin Abdulrahman bin Jassim Al Thani met US President Trump in New York in the wake of Israel\u2019s strike. Qatar is a key ally of the US and hosts its largest military base in the region, Al Ubeid airbase.\u00a0<\/p>\n<p>Trump has already said he was \u201cvery unhappy\u201d about Israel\u2019s targeting of Qatar, which appeared designed to derail ongoing Israel-Hamas ceasefire talks. But Israeli Prime Minister <a rel=\"noamphtml noopener\" class=\"keywordtourl\" href=\"https:\/\/indianexpress.com\/about\/benjamin-netanyahu\/\" target=\"_blank\">Benjamin Netanyahu<\/a> defended the attack, saying it targeted Hamas\u2019s political leadership in retaliation for the Jerusalem shooting on September 8 that killed six people, and an assault on an Israeli army camp in Gaza that left four soldiers dead.\u00a0<\/p>\n<p>Story continues below this ad<\/p>\n<p>Notably, Israel has of late targeted multiple nations \u2013 such as Iran, Lebanon, Syria, Yemen, and Iraq \u2013 in violation of sovereignty. However, its attack on Qatar is largely seen as an attempt to disrupt the ceasefire negotiations, as it remains intransigent on its plan to occupy Gaza City, where more than a million famine-stricken Palestinians have been forced to seek refuge.<\/p>\n<p>At least 32 people, including 12 children, were killed across Gaza City in a barrage of airstrikes by Israel, The Associated Press reported on Saturday citing medical staff.\u00a0<\/p>\n<p>The offensive came even as Israelis protested against Netanyahu\u2019s approach towards the release of hostages. In addition, some Western nations, like the UK, France, Australia, Belgium, and Canada, are expected to recognise the Palestinian state at the UN General Assembly (UNGA), which began on September 9.\u00a0<\/p>\n<p>On Friday, the UNGA overwhelmingly voted to endorse a declaration outlining \u201ctangible, timebound, and irreversible steps\u201d towards a two-state solution between Israel and the Palestinians, Reuters reported. The declaration is the result of an international conference at the UN in July, hosted by Saudi Arabia and France.<\/p>\n<p>Story continues below this ad<\/p>\n<p>Israel\u2019s war on Gaza has killed at least 64,756 people and wounded 164,059 since October 2023. Thousands more are believed to be under the rubble. A total of 1,139 people were killed in Israel during the October 7 attacks, and about 200 were taken captive.<\/p>\n<p><strong>Send your feedback and ideas to ashiya.parveen@<a class=\"keywordtourl\" href=\"https:\/\/indianexpress.com\/\" target=\"_blank\" rel=\"noopener\">indianexpress.com<\/a>.<\/strong><\/p>\n","protected":false},"excerpt":{"rendered":"Nepal\u2019s interim PM, Sushila Karki, has a herculean task to accomplish, the most urgent being to mend deep&hellip;\n","protected":false},"author":2,"featured_media":421854,"comment_status":"","ping_status":"","sticky":false,"template":"","format":"standard","meta":{"footnotes":""},"categories":[5174],"tags":[9409,144230,2000,299,5187,1699,144224,144232,2348,95193,144223,144225,144227,144228,144222,144233,144221,144229,144226,144231,77847,129391,5572],"class_list":{"0":"post-421853","1":"post","2":"type-post","3":"status-publish","4":"format-standard","5":"has-post-thumbnail","7":"category-eu","8":"tag-current-affairs","9":"tag-current-affairs-2025","10":"tag-eu","11":"tag-europe","12":"tag-european","13":"tag-european-union","14":"tag-gen-z-protests-in-nepal","15":"tag-gs1-and-gs-2","16":"tag-history","17":"tag-india-us-trade-talks","18":"tag-india-welcomes-nepals-interim-government-formation","19":"tag-india-eu-trade-deal-at-a-decisive-stage","20":"tag-israel-attacks-qatar","21":"tag-israeli-offensive-in-gaza","22":"tag-nepals-interim-government","23":"tag-psir-optional","24":"tag-sushila-karki","25":"tag-the-indian-express-for-upsc","26":"tag-trump-signals-thaw-in-india-us-ties","27":"tag-upsc-art-and-culture","28":"tag-upsc-current-affairs-2025","29":"tag-upsc-mains-2025","30":"tag-upsc-news"},"share_on_mastodon":{"url":"","error":"Validation failed: Text character limit of 500 exceeded"},"_links":{"self":[{"href":"https:\/\/www.europesays.com\/uk\/wp-json\/wp\/v2\/posts\/421853","targetHints":{"allow":["GET"]}}],"collection":[{"href":"https:\/\/www.europesays.com\/uk\/wp-json\/wp\/v2\/posts"}],"about":[{"href":"https:\/\/www.europesays.com\/uk\/wp-json\/wp\/v2\/types\/post"}],"author":[{"embeddable":true,"href":"https:\/\/www.europesays.com\/uk\/wp-json\/wp\/v2\/users\/2"}],"replies":[{"embeddable":true,"href":"https:\/\/www.europesays.com\/uk\/wp-json\/wp\/v2\/comments?post=421853"}],"version-history":[{"count":0,"href":"https:\/\/www.europesays.com\/uk\/wp-json\/wp\/v2\/posts\/421853\/revisions"}],"wp:featuredmedia":[{"embeddable":true,"href":"https:\/\/www.europesays.com\/uk\/wp-json\/wp\/v2\/media\/421854"}],"wp:attachment":[{"href":"https:\/\/www.europesays.com\/uk\/wp-json\/wp\/v2\/media?parent=421853"}],"wp:term":[{"taxonomy":"category","embeddable":true,"href":"https:\/\/www.europesays.com\/uk\/wp-json\/wp\/v2\/categories?post=421853"},{"taxonomy":"post_tag","embeddable":true,"href":"https:\/\/www.europesays.com\/uk\/wp-json\/wp\/v2\/tags?post=421853"}],"curies":[{"name":"wp","href":"https:\/\/api.w.org\/{rel}","templated":true}]}}