{"id":423415,"date":"2025-09-14T10:08:11","date_gmt":"2025-09-14T10:08:11","guid":{"rendered":"https:\/\/www.europesays.com\/uk\/423415\/"},"modified":"2025-09-14T10:08:11","modified_gmt":"2025-09-14T10:08:11","slug":"sheffield-united-to-reappoint-chris-wilder-as-manager-after-sacking-selles-sheffield-united","status":"publish","type":"post","link":"https:\/\/www.europesays.com\/uk\/423415\/","title":{"rendered":"Sheffield United to reappoint Chris Wilder as manager after sacking Sell\u00e9s | Sheffield United"},"content":{"rendered":"<p class=\"dcr-130mj7b\">Chris Wilder is poised to make a surprise return at Sheffield United and manage his boyhood club for a third time after the Blades sacked Rub\u00e9n Sell\u00e9s following six defeats from six games. United acted after Sell\u00e9s\u2019s side <a href=\"https:\/\/www.theguardian.com\/football\/2025\/sep\/12\/ipswich-sheffield-united-championship-match-report\" data-link-name=\"in body link\" target=\"_blank\" rel=\"noopener\">were dismantled 5-0 at Ipswich<\/a> on Friday.<\/p>\n<p class=\"dcr-130mj7b\">Wilder was dismissed after losing the Championship playoff final at Wembley and <a href=\"https:\/\/www.theguardian.com\/football\/2025\/jun\/18\/ruben-selles-sheffield-united-new-manager-chris-wilder-exit\" data-link-name=\"in body link\" target=\"_blank\" rel=\"noopener\">the Blades turned to Sell\u00e9s<\/a>, who narrowly avoided relegation with Hull City last season.<\/p>\n<p class=\"dcr-130mj7b\">Sell\u00e9s attended United\u2019s playoff semi-final first-leg win at Bristol City and was hastily appointed after talks with their US owners, the COH sports group consortium.<\/p>\n<p class=\"dcr-130mj7b\">It is thought Wilder will return to Bramall Lane empowered, given the manager previously clashed with the ownership around their shift in transfer strategy. United\u2019s owners\u2019 attempts to implement artificial intelligence-led recruitment have so far backfired.<\/p>\n<p class=\"dcr-130mj7b\">The Spaniard Sell\u00e9s, who also coached at Southampton and Reading, was an unpopular appointment and endured a disastrous spell in Sheffield. He lost all six matches in charge, five in the league, and his side had not scored a goal in their past four fixtures.<\/p>\n<p><a data-ignore=\"global-link-styling\" href=\"#EmailSignup-skip-link-5\" class=\"dcr-jzxpee\">skip past newsletter promotion<\/a><\/p>\n<p class=\"dcr-1sbse14\">Sign up to Football Daily<\/p>\n<p class=\"dcr-1xjndtj\">Kick off your evenings with the Guardian&#8217;s take on the world of football<\/p>\n<p><strong>Privacy Notice: <\/strong>Newsletters may contain information about charities, online ads, and content funded by outside parties. If you do not have an account, we will create a guest account for you on <a data-ignore=\"global-link-styling\" href=\"https:\/\/www.theguardian.com\" rel=\"noreferrer noopener\" class=\"dcr-1rjy2q9\" target=\"_blank\">theguardian.com<\/a> to send you this newsletter. You can complete full registration at any time. For more information about how we use your data see our <a data-ignore=\"global-link-styling\" href=\"https:\/\/www.theguardian.com\/help\/privacy-policy\" rel=\"noreferrer noopener\" class=\"dcr-1rjy2q9\" target=\"_blank\">Privacy Policy<\/a>. We use Google reCaptcha to protect our website and the Google <a data-ignore=\"global-link-styling\" href=\"https:\/\/policies.google.com\/privacy\" rel=\"noreferrer noopener\" class=\"dcr-1rjy2q9\" target=\"_blank\">Privacy Policy<\/a> and <a data-ignore=\"global-link-styling\" href=\"https:\/\/policies.google.com\/terms\" rel=\"noreferrer noopener\" class=\"dcr-1rjy2q9\" target=\"_blank\">Terms of Service<\/a> apply.<\/p>\n<p id=\"EmailSignup-skip-link-5\" tabindex=\"0\" aria-label=\"after newsletter promotion\" role=\"note\" class=\"dcr-jzxpee\">after newsletter promotion<\/p>\n<p class=\"dcr-130mj7b\">The Blades recognised the need to sack Sell\u00e9s after Friday\u2019s humiliation at Portman Road. United\u2019s co-chairman Steven Rosen is understood to have been in attendance for that capitulation at Ipswich.<\/p>\n","protected":false},"excerpt":{"rendered":"Chris Wilder is poised to make a surprise return at Sheffield United and manage his boyhood club for&hellip;\n","protected":false},"author":2,"featured_media":423416,"comment_status":"","ping_status":"","sticky":false,"template":"","format":"standard","meta":{"footnotes":""},"categories":[8817],"tags":[748,393,4884,1620,16,15],"class_list":{"0":"post-423415","1":"post","2":"type-post","3":"status-publish","4":"format-standard","5":"has-post-thumbnail","7":"category-sheffield","8":"tag-britain","9":"tag-england","10":"tag-great-britain","11":"tag-sheffield","12":"tag-uk","13":"tag-united-kingdom"},"share_on_mastodon":{"url":"https:\/\/pubeurope.com\/@uk\/115202104191306804","error":""},"_links":{"self":[{"href":"https:\/\/www.europesays.com\/uk\/wp-json\/wp\/v2\/posts\/423415","targetHints":{"allow":["GET"]}}],"collection":[{"href":"https:\/\/www.europesays.com\/uk\/wp-json\/wp\/v2\/posts"}],"about":[{"href":"https:\/\/www.europesays.com\/uk\/wp-json\/wp\/v2\/types\/post"}],"author":[{"embeddable":true,"href":"https:\/\/www.europesays.com\/uk\/wp-json\/wp\/v2\/users\/2"}],"replies":[{"embeddable":true,"href":"https:\/\/www.europesays.com\/uk\/wp-json\/wp\/v2\/comments?post=423415"}],"version-history":[{"count":0,"href":"https:\/\/www.europesays.com\/uk\/wp-json\/wp\/v2\/posts\/423415\/revisions"}],"wp:featuredmedia":[{"embeddable":true,"href":"https:\/\/www.europesays.com\/uk\/wp-json\/wp\/v2\/media\/423416"}],"wp:attachment":[{"href":"https:\/\/www.europesays.com\/uk\/wp-json\/wp\/v2\/media?parent=423415"}],"wp:term":[{"taxonomy":"category","embeddable":true,"href":"https:\/\/www.europesays.com\/uk\/wp-json\/wp\/v2\/categories?post=423415"},{"taxonomy":"post_tag","embeddable":true,"href":"https:\/\/www.europesays.com\/uk\/wp-json\/wp\/v2\/tags?post=423415"}],"curies":[{"name":"wp","href":"https:\/\/api.w.org\/{rel}","templated":true}]}}