{"id":426981,"date":"2025-09-15T19:10:15","date_gmt":"2025-09-15T19:10:15","guid":{"rendered":"https:\/\/www.europesays.com\/uk\/426981\/"},"modified":"2025-09-15T19:10:15","modified_gmt":"2025-09-15T19:10:15","slug":"the-album-roger-waters-thought-was-his-most-emotional","status":"publish","type":"post","link":"https:\/\/www.europesays.com\/uk\/426981\/","title":{"rendered":"The album Roger Waters thought was his most emotional"},"content":{"rendered":"<p> <img width=\"1140\" height=\"855\" src=\"https:\/\/www.europesays.com\/uk\/wp-content\/uploads\/2025\/09\/The-Pink-Floyd-song-written-about-Roger-Waters-father-1140x855.jpg\" class=\"attachment-single-feature size-single-feature wp-post-image\" alt=\"The Pink Floyd song written about Roger Waters' father\" layout=\"fill\"  style=\"object-position: 50% 50%\" loading=\"eager\" fetchpriority=\"high\" decoding=\"async\" \/><\/p>\n<p>(Credit: Alamy)<\/p>\n<p> Mon 15 September 2025 18:00, UK <\/p>\n<p>If there\u2019s one thing that anchors <a href=\"https:\/\/faroutmagazine.co.uk\/tags\/roger-waters\/\" target=\"_blank\" rel=\"noopener\" title=\"\">Roger Waters<\/a>\u2019 artistry, be it Pink Floyd or his solo work, it\u2019s a restless pursuit of new creative terrain.<\/p>\n<p>As the 1970s rolled along, Waters\u2019 emerging principal songwriting and conceptual steer across Pink Floyd\u2019s golden album run would end the decade on a completely different plane of visionary inspiration than how they started it, shuffling around in aimless circles on 1970\u2019s Atom Heart Mother, to weaving gripping rock operas on 1979\u2019s The Wall.<\/p>\n<p>Greater success and album high marks came with deeper fractures. With cracks forming in Pink Floyd\u2019s foundations as early as the mammoth-selling The Dark Side of the Moon, relationships between Waters and the rest of the band hit a breaking point after The Wall Tour, limping on for 1983\u2019s The Final Cut\u2014minus keyboardist Richard Wright\u2014before Waters officially disbanding two years later. Respective guitarist and drummer David Gilmour and Nick Mason, with Wright back in the fold, ploughed on under the Pink Floyd name from then on.<\/p>\n<p>Yet, it was Waters\u2019 work that possessed the frissons of vitality that used to spark Pink Floyd\u2019s classic material. While Pink Floyd under Gilmour\u2019s captaincy would drop the soggy A Momentary Lapse of Reason and the marginally better The Division Bell, Waters would dream up innovative multi-media projects such as 1987\u2019s <a href=\"https:\/\/faroutmagazine.co.uk\/roger-waters-on-the-album-that-was-doomed-to-failure\/\" target=\"_blank\" rel=\"noopener\" title=\"\">Radio KAOS<\/a>, conjuring a captivating critique of nuclear threat set to a rock narrative as cohesively realised as The Wall, matched with a live extravaganza that beat U2 to the media overload arena spectacle they\u2019d unleash on their Zoo TV Tour by five years.<\/p>\n<p>Waters would resurrect the Pink Floyd canon, dusting off The Wall for frequent live shows and even revisiting The Dark Side of the Moon for his own \u2018redux\u2019 release, but a bolder intuition for new projects guided Waters to a degree that seemed to elude the remaining Pink Floyd members. Such a strident step into the unknown was evident in Waters\u2019 embrace of opera.<\/p>\n<p>First completed and recorded in 1988, with an official CD release arriving in 2005, \u00c7a Ira saw Waters compose an 82-piece orchestra work on the French Revolution, based on the libretto by chanson writers \u00c9tienne and Nadine Roda-Gil. Despite garnering some high-profile fans, the then-president, Fran\u00e7ois Mitterrand, pushing the Paris Opera to stage the show for its bicentennial celebrations of the revolution, critical reception was mixed, \u00c7a Ira facing criticisms of its narrative flow and conservative score. Waters was prepared for the shade thrown by classical connoisseurs, however.<\/p>\n<p>\u201cI understand the knives will come out\u2014that\u2019s inevitable,\u201d Waters confessed to CDNow in 1999. \u201cBut one of the problems that people in the classical world have is how many recordings of Mahler or Beethoven symphonies can you make? They\u2019re always looking for new music, but many of the new serious composers are into academic forms, which strike some people as sterile and cold.\u201d<\/p>\n<p>He added, \u201cI think I\u2019ve made a work that is melodic and emotional; I think I\u2019ve done something that can move people. The libretto is very much relatable to my earlier work because it has that humane element.\u201d<\/p>\n<p>Grand narratives and compositional scope were nothing new to Waters. Honing keen conceptual arcs to Pink Floyd\u2019s defining albums, the leap into the world of classical opera is a more obvious project for an artist of the progressive world than <a href=\"https:\/\/faroutmagazine.co.uk\/when-paul-mccartney-went-classical\/\" target=\"_blank\" rel=\"noopener\" title=\"\">Paul McCartney<\/a> or Billy Joel\u2019s forays into respective symphony or concerto works.<\/p>\n<p>Yet, unconcerned with chasing the plaudits of classical elite gatekeepers, Waters\u2019 drawing of the French Revolution\u2019s liberatory themes in such a heartfelt way stands \u00c7a Ira as one of the former Pink Floyd bassist\u2019s most hopeful creations of his career.<\/p>\n<\/p>\n<p>Related Topics<\/p>\n","protected":false},"excerpt":{"rendered":"(Credit: Alamy) Mon 15 September 2025 18:00, UK If there\u2019s one thing that anchors Roger Waters\u2019 artistry, be&hellip;\n","protected":false},"author":2,"featured_media":419732,"comment_status":"","ping_status":"","sticky":false,"template":"","format":"standard","meta":{"footnotes":""},"categories":[3936],"tags":[16925,77,269,26420,44624,16,15],"class_list":{"0":"post-426981","1":"post","2":"type-post","3":"status-publish","4":"format-standard","5":"has-post-thumbnail","7":"category-music","8":"tag-classical-music","9":"tag-entertainment","10":"tag-music","11":"tag-pink-floyd","12":"tag-roger-waters","13":"tag-uk","14":"tag-united-kingdom"},"share_on_mastodon":{"url":"https:\/\/pubeurope.com\/@uk\/115209897594396730","error":""},"_links":{"self":[{"href":"https:\/\/www.europesays.com\/uk\/wp-json\/wp\/v2\/posts\/426981","targetHints":{"allow":["GET"]}}],"collection":[{"href":"https:\/\/www.europesays.com\/uk\/wp-json\/wp\/v2\/posts"}],"about":[{"href":"https:\/\/www.europesays.com\/uk\/wp-json\/wp\/v2\/types\/post"}],"author":[{"embeddable":true,"href":"https:\/\/www.europesays.com\/uk\/wp-json\/wp\/v2\/users\/2"}],"replies":[{"embeddable":true,"href":"https:\/\/www.europesays.com\/uk\/wp-json\/wp\/v2\/comments?post=426981"}],"version-history":[{"count":0,"href":"https:\/\/www.europesays.com\/uk\/wp-json\/wp\/v2\/posts\/426981\/revisions"}],"wp:featuredmedia":[{"embeddable":true,"href":"https:\/\/www.europesays.com\/uk\/wp-json\/wp\/v2\/media\/419732"}],"wp:attachment":[{"href":"https:\/\/www.europesays.com\/uk\/wp-json\/wp\/v2\/media?parent=426981"}],"wp:term":[{"taxonomy":"category","embeddable":true,"href":"https:\/\/www.europesays.com\/uk\/wp-json\/wp\/v2\/categories?post=426981"},{"taxonomy":"post_tag","embeddable":true,"href":"https:\/\/www.europesays.com\/uk\/wp-json\/wp\/v2\/tags?post=426981"}],"curies":[{"name":"wp","href":"https:\/\/api.w.org\/{rel}","templated":true}]}}