{"id":434995,"date":"2025-09-19T02:10:13","date_gmt":"2025-09-19T02:10:13","guid":{"rendered":"https:\/\/www.europesays.com\/uk\/434995\/"},"modified":"2025-09-19T02:10:13","modified_gmt":"2025-09-19T02:10:13","slug":"tough-line-on-israel-provides-boost-for-spains-beleaguered-sanchez-politico","status":"publish","type":"post","link":"https:\/\/www.europesays.com\/uk\/434995\/","title":{"rendered":"Tough line on Israel provides boost for Spain\u2019s beleaguered S\u00e1nchez \u2013 POLITICO"},"content":{"rendered":"<p>\u201cHe\u2019s at a critical juncture, the worst moment of his tenure, and he has managed to use this issue as a way of reconnecting with his voters and filling a political void,\u201d said Llu\u00eds Orriols, a political scientist at Carlos III University.<\/p>\n<p>In June, S\u00e1nchez was forced to apologize after the release of audio recordings featuring his party\u2019s No. 3, Santos Cerd\u00e1n, that appeared to implicate him in a vast kickbacks-for-contracts scheme. Another former senior Socialist and close S\u00e1nchez ally, Jos\u00e9 Luis \u00c1balos, who had been transport minister, had already been implicated, although he insists he became unwittingly involved in the alleged scheme. Both have been forced to leave the party; Cerd\u00e1n\u00a0is in preventive custody.<\/p>\n<p>Meanwhile, a judge has been investigating S\u00e1nchez\u2019s wife, Bego\u00f1a G\u00f3mez, for alleged business irregularities, and his brother, David, is expected to go on trial for charges that include influence peddling. Attorney General \u00c1lvaro Garc\u00eda Ortiz is due to face trial for revealing confidential information. All deny any wrongdoing.<\/p>\n<p><img loading=\"lazy\" decoding=\"async\" width=\"1024\" height=\"683\" src=\"https:\/\/www.europesays.com\/uk\/wp-content\/uploads\/2025\/09\/GettyImages-2233532899-1024x683.jpg\" alt=\"\" class=\"wp-image-7186788\"  \/>S\u00e1nchez praised pro-Palestinian protesters who repeatedly disrupted the Vuelta a Espa\u00f1a cycling race over the involvement of an Israeli team. | Dario Belingheri\/Getty Images<\/p>\n<p>The government has cast the cases implicating S\u00e1nchez\u2019s family members and Garc\u00eda Ortiz as politically motivated. However, the scandals have still dominated the political agenda, giving the impression that the prime minister could fall at any moment.<\/p>\n<p>But now the focus has switched \u2014 to Gaza. <\/p>\n<p>With 82 percent of Spaniards deeming Israel\u2019s actions in Gaza to be genocide, according to the <a href=\"https:\/\/www.realinstitutoelcano.org\/notas-de-prensa\/el-real-instituto-elcano-publica-la-45-oleada-de-su-barometro-brie\/\" data-type=\"link\" data-id=\"https:\/\/www.realinstitutoelcano.org\/notas-de-prensa\/el-real-instituto-elcano-publica-la-45-oleada-de-su-barometro-brie\/\" target=\"_blank\" rel=\"noopener\">Royal Elcano Institute<\/a>, a bold stance on the issue makes political sense for the government.<\/p>\n","protected":false},"excerpt":{"rendered":"\u201cHe\u2019s at a critical juncture, the worst moment of his tenure, and he has managed to use this&hellip;\n","protected":false},"author":2,"featured_media":434996,"comment_status":"","ping_status":"","sticky":false,"template":"","format":"standard","meta":{"footnotes":""},"categories":[5312],"tags":[113856,6505,6178,2000,299,837,1815,1814,5338,104,47982],"class_list":{"0":"post-434995","1":"post","2":"type-post","3":"status-publish","4":"format-standard","5":"has-post-thumbnail","7":"category-spain","8":"tag-alberto-nunez-feijoo","9":"tag-benjamin-netanyahu","10":"tag-conflict","11":"tag-eu","12":"tag-europe","13":"tag-israel","14":"tag-israel-hamas-war","15":"tag-palestine","16":"tag-pedro-sanchez","17":"tag-spain","18":"tag-spanish-politics"},"share_on_mastodon":{"url":"https:\/\/pubeurope.com\/@uk\/115228536283984423","error":""},"_links":{"self":[{"href":"https:\/\/www.europesays.com\/uk\/wp-json\/wp\/v2\/posts\/434995","targetHints":{"allow":["GET"]}}],"collection":[{"href":"https:\/\/www.europesays.com\/uk\/wp-json\/wp\/v2\/posts"}],"about":[{"href":"https:\/\/www.europesays.com\/uk\/wp-json\/wp\/v2\/types\/post"}],"author":[{"embeddable":true,"href":"https:\/\/www.europesays.com\/uk\/wp-json\/wp\/v2\/users\/2"}],"replies":[{"embeddable":true,"href":"https:\/\/www.europesays.com\/uk\/wp-json\/wp\/v2\/comments?post=434995"}],"version-history":[{"count":0,"href":"https:\/\/www.europesays.com\/uk\/wp-json\/wp\/v2\/posts\/434995\/revisions"}],"wp:featuredmedia":[{"embeddable":true,"href":"https:\/\/www.europesays.com\/uk\/wp-json\/wp\/v2\/media\/434996"}],"wp:attachment":[{"href":"https:\/\/www.europesays.com\/uk\/wp-json\/wp\/v2\/media?parent=434995"}],"wp:term":[{"taxonomy":"category","embeddable":true,"href":"https:\/\/www.europesays.com\/uk\/wp-json\/wp\/v2\/categories?post=434995"},{"taxonomy":"post_tag","embeddable":true,"href":"https:\/\/www.europesays.com\/uk\/wp-json\/wp\/v2\/tags?post=434995"}],"curies":[{"name":"wp","href":"https:\/\/api.w.org\/{rel}","templated":true}]}}