{"id":439224,"date":"2025-09-20T19:30:13","date_gmt":"2025-09-20T19:30:13","guid":{"rendered":"https:\/\/www.europesays.com\/uk\/439224\/"},"modified":"2025-09-20T19:30:13","modified_gmt":"2025-09-20T19:30:13","slug":"hungary-urges-eu-to-designate-antifa-as-a-terrorist-group-news","status":"publish","type":"post","link":"https:\/\/www.europesays.com\/uk\/439224\/","title":{"rendered":"Hungary urges EU to designate antifa as a \u2018terrorist\u2019 group | News"},"content":{"rendered":"<p class=\"article__subhead\">Foreign Minister Peter Szijjarto urges EU alignment with the US calling the anti-fascist group a \u2018grave threat\u2019.<\/p>\n<p>Published On 20 Sep 202520 Sep 2025<\/p>\n<p>Click here to share on social media<\/p>\n<p>share2<\/p>\n<p class=\"rich-share__social-text\">Share<\/p>\n<p>Hungary\u2019s foreign minister demanded that the European Union classify <a href=\"https:\/\/www.aljazeera.com\/news\/2025\/9\/18\/what-is-antifa-what-does-trumps-major-terrorist-label-mean\" target=\"_blank\" rel=\"noopener\">antifa as a \u201cterrorist\u201d group<\/a>, citing a series of incidents across Europe allegedly linked to the anti-fascist movement.<\/p>\n<p>On Friday, Peter Szijjarto, in a post on X, released excerpts from a letter he sent to the EU foreign affairs chief Kaja Kallas demanding action against antifa.<\/p>\n<p>Recommended Stories list of 3 itemsend of list<\/p>\n<p>\u201cIndividuals and groups linked to the so-called Antifa ideology have carried out numerous terrorist attacks across the European Union, including in Germany, France, and Italy,\u201d he wrote.<\/p>\n<p>\u201cThis violent far-left network has carried out brutal attacks across Europe, including in Budapest. To our great regret, suspects later avoided justice by finding refuge in EU states,\u201d Szijjarto said.<\/p>\n<p>Szijjarto highlighted the case of Italian Ilaria Salis, who he said \u201cgained immunity after becoming an MEP\u201d.<\/p>\n<p>In February 2023, Salis was arrested with other activists in Budapest while taking part in a demonstration against an annual commemoration by neo-Nazis.<\/p>\n<p>One year later, she was elected to the European Parliament, leading to the end of her house arrest in the Hungarian capital.<\/p>\n<blockquote class=\"twitter-tweet\">\n<p lang=\"en\" dir=\"ltr\">In my letter to <a href=\"https:\/\/twitter.com\/kajakallas?ref_src=twsrc%5Etfw\" target=\"_blank\" rel=\"noopener\">@kajakallas<\/a> I urged the EU to follow <a href=\"https:\/\/twitter.com\/realDonaldTrump?ref_src=twsrc%5Etfw\" target=\"_blank\" rel=\"noopener\">@realDonaldTrump<\/a>\u2019s lead and classify Antifa as a terrorist organisation. <\/p>\n<p>This violent far-left network has carried out brutal attacks across Europe, including in Budapest.<\/p>\n<p>To our great regret, suspects later avoided justice\u2026 <a href=\"https:\/\/t.co\/StM6jKzU3q\">pic.twitter.com\/StM6jKzU3q<\/a><\/p>\n<p>\u2014 P\u00e9ter Szijj\u00e1rt\u00f3 (@FM_Szijjarto) <a href=\"https:\/\/twitter.com\/FM_Szijjarto\/status\/1969401276757918085?ref_src=twsrc%5Etfw\" target=\"_blank\" rel=\"noopener\">September 20, 2025<\/a><\/p>\n<\/blockquote>\n<p>\u201cThese appalling acts illustrate beyond doubt that the Antifa movement constitutes a grave threat,\u201d he asserted.<\/p>\n<p>The foreign minister cited US President Donald Trump\u2019s recent move to label antifa as a \u201cmajor terrorist organisation\u201d as a reason Europe should take similar actions.<\/p>\n<p>Szijjarto said that the government was \u201cconvinced that on such a crucial matter Europe must align its steps with the US, the leading force in the global fight against terrorism\u201d.<\/p>\n<p>During his first term, Trump also\u00a0<a href=\"https:\/\/www.aljazeera.com\/news\/2020\/5\/31\/trump-says-us-will-designate-antifa-terrorist-organisation\" target=\"_blank\" rel=\"noopener\">threatened to designate antifa<\/a> a terrorist organisation in the wake of widespread protests across the US in response to the killing of unarmed Black man George Floyd in May 2020.<\/p>\n<p>Antifa, short for \u201canti-fascists,\u201d is not one unified group but rather a loosely connected, decentralised network of left-wing activists and organisations in the US that confront right-wing and fascist movements.<\/p>\n<p><script async src=\"https:\/\/platform.twitter.com\/widgets.js\" charset=\"utf-8\"><\/script><\/p>\n","protected":false},"excerpt":{"rendered":"Foreign Minister Peter Szijjarto urges EU alignment with the US calling the anti-fascist group a \u2018grave threat\u2019. Published&hellip;\n","protected":false},"author":2,"featured_media":439225,"comment_status":"","ping_status":"","sticky":false,"template":"","format":"standard","meta":{"footnotes":""},"categories":[5174],"tags":[2000,299,5187,1699,2190,12],"class_list":{"0":"post-439224","1":"post","2":"type-post","3":"status-publish","4":"format-standard","5":"has-post-thumbnail","7":"category-eu","8":"tag-eu","9":"tag-europe","10":"tag-european","11":"tag-european-union","12":"tag-hungary","13":"tag-news"},"share_on_mastodon":{"url":"https:\/\/pubeurope.com\/@uk\/115238287673494196","error":""},"_links":{"self":[{"href":"https:\/\/www.europesays.com\/uk\/wp-json\/wp\/v2\/posts\/439224","targetHints":{"allow":["GET"]}}],"collection":[{"href":"https:\/\/www.europesays.com\/uk\/wp-json\/wp\/v2\/posts"}],"about":[{"href":"https:\/\/www.europesays.com\/uk\/wp-json\/wp\/v2\/types\/post"}],"author":[{"embeddable":true,"href":"https:\/\/www.europesays.com\/uk\/wp-json\/wp\/v2\/users\/2"}],"replies":[{"embeddable":true,"href":"https:\/\/www.europesays.com\/uk\/wp-json\/wp\/v2\/comments?post=439224"}],"version-history":[{"count":0,"href":"https:\/\/www.europesays.com\/uk\/wp-json\/wp\/v2\/posts\/439224\/revisions"}],"wp:featuredmedia":[{"embeddable":true,"href":"https:\/\/www.europesays.com\/uk\/wp-json\/wp\/v2\/media\/439225"}],"wp:attachment":[{"href":"https:\/\/www.europesays.com\/uk\/wp-json\/wp\/v2\/media?parent=439224"}],"wp:term":[{"taxonomy":"category","embeddable":true,"href":"https:\/\/www.europesays.com\/uk\/wp-json\/wp\/v2\/categories?post=439224"},{"taxonomy":"post_tag","embeddable":true,"href":"https:\/\/www.europesays.com\/uk\/wp-json\/wp\/v2\/tags?post=439224"}],"curies":[{"name":"wp","href":"https:\/\/api.w.org\/{rel}","templated":true}]}}