{"id":449800,"date":"2025-09-25T06:49:13","date_gmt":"2025-09-25T06:49:13","guid":{"rendered":"https:\/\/www.europesays.com\/uk\/449800\/"},"modified":"2025-09-25T06:49:13","modified_gmt":"2025-09-25T06:49:13","slug":"is-this-the-transport-of-the-future-madrid-tests-first-driverless-bus-made-in-spain","status":"publish","type":"post","link":"https:\/\/www.europesays.com\/uk\/449800\/","title":{"rendered":"Is this the transport of the future? Madrid tests first driverless bus &#8216;made in Spain&#8217;"},"content":{"rendered":"<p class=\"mb-4 text-lg md:leading-8 break-words\">A park in Madrid has a new temporary tenant: a fully autonomous electric minibus that aims to bring the mobility of the future closer and alleviate driver shortages worrying many parts of Europe.<\/p>\n<p class=\"mb-4 text-lg md:leading-8 break-words\">The minibus, which was manufactured in Spain, has been circulating in the Casa de Campo park since 15 September as part of a pilot project by the Municipal Transport Company (EMT) and the Automotive Technology Centre of Galicia (CTAG). The project aims to test this technology in real open traffic conditions.<\/p>\n<p class=\"mb-4 text-lg md:leading-8 break-words\">The vehicle, with a capacity for 12 passengers, operates from Monday to Friday between 12 p.m. and 5 p.m., and will complete a circular route of 1.8 kilometres with six stops. The service is free of charge and will be available until 24 October as part of European Mobility Week activities.<\/p>\n<p class=\"mb-4 text-lg md:leading-8 break-words\">Expectation has been evident in the first few days: passengers who came to try it out acknowledged the excitement of travelling on a driverless bus, while EMT employees showed pride and enthusiasm for taking part in a pioneering project in the city.<\/p>\n<p class=\"mb-4 text-lg md:leading-8 break-words\">&#8220;This bus is one of the best I have ever tested,&#8221; C\u00e9sar Omar Chac\u00f3n Fern\u00e1ndez, head of the EMT&#8217;s Rolling Stock Planning Division, told Euronews.<\/p>\n<p class=\"mb-4 text-lg md:leading-8 break-words\">&#8220;It behaves very well dynamically. Let&#8217;s say that the technology is very well integrated, it doesn&#8217;t behave erratically or robotically like other buses,&#8221; he added.<\/p>\n<blockquote class=\"mb-4 border-l-2 pl-5 italic text-tertiary\">\n<p class=\"mb-4 text-lg md:leading-8 break-words\">This type of vehicle should provide a solution to a major problem in Europe, which is the lack of drivers.<\/p>\n<\/blockquote>\n<p class=\"mb-4 text-lg md:leading-8 break-words\">The vehicle is 100 per cent electric, although a large part of its technological components come from abroad. The assembly, software, and systems integration were developed in Galicia in northern Spain, where CTAG has installed sensors, cameras, GPS, and a central processing unit (CPU) that acts as the &#8220;brain&#8221; of the vehicle.<\/p>\n<p class=\"mb-4 text-lg md:leading-8 break-words\">The aim of EMT and CTAG is not to replace drivers, but to explore how this technology can complement public transport. Elsewhere in Europe, the lack of professional drivers is a growing challenge, and experts say autonomous buses could alleviate that shortage.<\/p>\n<p class=\"mb-4 text-lg md:leading-8 break-words\">&#8220;In Madrid we don&#8217;t have that staffing problem, but we do see an opportunity in improving the safety and efficiency of our buses,&#8221; Chac\u00f3n said, adding that &#8220;this type of technology can cover the so-called &#8216;hot spots&#8217; where this problem is very apparent&#8221;.<\/p>\n<p class=\"mb-4 text-lg md:leading-8 break-words\">European cities such as Paris, Stockholm, and Hamburg are also experimenting with autonomous mobility.<\/p>\n<p class=\"mb-4 text-lg md:leading-8 break-words\">In Madrid, some residents have expressed doubts about the reliability of the project, but EMT says the system is safe and has been in development for years.<\/p>\n<p class=\"mb-4 text-lg md:leading-8 break-words\">&#8220;This is not the first time we have tested this technology: we have been working with autonomous vehicles for four or five years and this is one of the most reliable we have tested,&#8221; he said.<\/p>\n<blockquote class=\"mb-4 border-l-2 pl-5 italic text-tertiary\">\n<p class=\"mb-4 text-lg md:leading-8 break-words\">The vehicle detects any object, from a bicycle to an animal, and reacts accordingly.<\/p>\n<\/blockquote>\n<p class=\"mb-4 text-lg md:leading-8 break-words\">The bus integrates an advanced system that monitors speed, acceleration, trajectory, door status, accessibility ramps, and indicators in real time. Integral control optimises safety and improves driving efficiency.<\/p>\n<p class=\"mb-4 text-lg md:leading-8 break-words\">The autonomous driving system works at level 4 automation: the minibus recognises roads, traffic lights, cyclists, and pedestrians, and decides for itself when to accelerate, brake, or turn.<\/p>\n<p class=\"mb-4 text-lg md:leading-8 break-words\">&#8220;The vehicle detects any object, from a bicycle to an animal, and reacts accordingly to avoid collisions,&#8221; Chac\u00f3n said.<\/p>\n<p class=\"mb-4 text-lg md:leading-8 break-words\">In addition, a safety operator is always on board. His role is to monitor the journey and act in case of emergency, either by opening doors or manually braking.<\/p>\n<p class=\"mb-4 text-lg md:leading-8 break-words\">&#8220;It is a fully autonomous line, but we never leave anything to chance,&#8221; he said.<\/p>\n","protected":false},"excerpt":{"rendered":"A park in Madrid has a new temporary tenant: a fully autonomous electric minibus that aims to bring&hellip;\n","protected":false},"author":2,"featured_media":449801,"comment_status":"","ping_status":"","sticky":false,"template":"","format":"standard","meta":{"footnotes":""},"categories":[5312],"tags":[151294,60790,151297,151293,151292,2000,299,151295,151298,151296,104],"class_list":{"0":"post-449800","1":"post","2":"type-post","3":"status-publish","4":"format-standard","5":"has-post-thumbnail","7":"category-spain","8":"tag-automotive-technology-centre-of-galicia","9":"tag-autonomous-vehicles","10":"tag-cesar-omar-chacon-fernandez","11":"tag-ctag","12":"tag-emt","13":"tag-eu","14":"tag-europe","15":"tag-municipal-transport-company","16":"tag-omar-chacon","17":"tag-project-aims","18":"tag-spain"},"share_on_mastodon":{"url":"https:\/\/pubeurope.com\/@uk\/115263607192231756","error":""},"_links":{"self":[{"href":"https:\/\/www.europesays.com\/uk\/wp-json\/wp\/v2\/posts\/449800","targetHints":{"allow":["GET"]}}],"collection":[{"href":"https:\/\/www.europesays.com\/uk\/wp-json\/wp\/v2\/posts"}],"about":[{"href":"https:\/\/www.europesays.com\/uk\/wp-json\/wp\/v2\/types\/post"}],"author":[{"embeddable":true,"href":"https:\/\/www.europesays.com\/uk\/wp-json\/wp\/v2\/users\/2"}],"replies":[{"embeddable":true,"href":"https:\/\/www.europesays.com\/uk\/wp-json\/wp\/v2\/comments?post=449800"}],"version-history":[{"count":0,"href":"https:\/\/www.europesays.com\/uk\/wp-json\/wp\/v2\/posts\/449800\/revisions"}],"wp:featuredmedia":[{"embeddable":true,"href":"https:\/\/www.europesays.com\/uk\/wp-json\/wp\/v2\/media\/449801"}],"wp:attachment":[{"href":"https:\/\/www.europesays.com\/uk\/wp-json\/wp\/v2\/media?parent=449800"}],"wp:term":[{"taxonomy":"category","embeddable":true,"href":"https:\/\/www.europesays.com\/uk\/wp-json\/wp\/v2\/categories?post=449800"},{"taxonomy":"post_tag","embeddable":true,"href":"https:\/\/www.europesays.com\/uk\/wp-json\/wp\/v2\/tags?post=449800"}],"curies":[{"name":"wp","href":"https:\/\/api.w.org\/{rel}","templated":true}]}}