{"id":450955,"date":"2025-09-25T18:15:35","date_gmt":"2025-09-25T18:15:35","guid":{"rendered":"https:\/\/www.europesays.com\/uk\/450955\/"},"modified":"2025-09-25T18:15:35","modified_gmt":"2025-09-25T18:15:35","slug":"felicity-jones-cuts-a-chic-figure-in-a-navy-blue-shirt-dress-as-she-joins-stylish-carey-mulligan-heading-to-the-prada-show-at-milan-fashion-week","status":"publish","type":"post","link":"https:\/\/www.europesays.com\/uk\/450955\/","title":{"rendered":"Felicity Jones cuts a chic figure in a navy blue shirt dress as she joins stylish Carey Mulligan heading to the Prada show at Milan Fashion Week"},"content":{"rendered":"<p class=\"mol-para-with-font\"><a style=\"font-weight: bold;\" target=\"_self\" href=\"https:\/\/www.dailymail.co.uk\/tvshowbiz\/felicity-jones\/index.html\" id=\"mol-1df29960-9a1e-11f0-9883-05ce51a49844\" rel=\"noopener\">Felicity Jones<\/a> and <a style=\"font-weight: bold;\" target=\"_self\" href=\"https:\/\/www.dailymail.co.uk\/tvshowbiz\/carey-mulligan\/index.html\" id=\"mol-1de83920-9a1e-11f0-9883-05ce51a49844\" rel=\"noopener\">Carey Mulligan<\/a> were among the stylish arrivals as they headed to the Prada show on the third day of <a style=\"font-weight: bold;\" target=\"_self\" href=\"https:\/\/www.dailymail.co.uk\/tvshowbiz\/milan-fashion-week\/index.html\" id=\"mol-1e2a4b30-9a1e-11f0-9883-05ce51a49844\" rel=\"noopener\">Milan Fashion Week<\/a> on Thursday.<\/p>\n<p class=\"mol-para-with-font\">The actress, 41, opted for a chic navy blue shirt dress as she headed to the runway event at the Italian hotspot.<\/p>\n<p class=\"mol-para-with-font\">No stranger to impressing with her chic looks, Felicty opted for the simple all-blue look as she arrived for the show with her husband, film director Charles Guard.<\/p>\n<p class=\"mol-para-with-font\">The Brutalist star accessorised her look with black pointed-toe heels with a white bow detailing, and a simple black handbag.<\/p>\n<p class=\"mol-para-with-font\">Carey opted for a more androgynous outfit as she headed to the show in a white buttoned jacket, a pale blue shirt and loose-fitting black trousers.<\/p>\n<p class=\"mol-para-with-font\">As ever, Prada was tipped as one of the most hotly-anticipated shows at this year&#8217;s Fashion Week.<\/p>\n<p>  <img decoding=\"async\" id=\"i-51393aa356deb9fe\" src=\"https:\/\/www.europesays.com\/uk\/wp-content\/uploads\/2025\/09\/102449865-15133751-Felicity_Jones_and_Carey_Mulligan_were_among_the_stylish_arrival-m-65_17588116089.jpeg\" height=\"580\" width=\"306\" alt=\"Felicity Jones was among the stylish arrivals at the Prada show on the third day of Milan Fashion Week on Thursday\" class=\"blkBorder img-share\" style=\"max-width:100%\" loading=\"lazy\" \/>    <img decoding=\"async\" id=\"i-d935bf7ecb464db8\" src=\"https:\/\/www.europesays.com\/uk\/wp-content\/uploads\/2025\/09\/102449897-15133751-image-a-66_1758811614036.jpg\" height=\"580\" width=\"306\" alt=\"Carey Mulligan opted for a more androgynous look as she left her hotel to head to the show\" class=\"blkBorder img-share\" style=\"max-width:100%\" loading=\"lazy\" \/>  <\/p>\n<p class=\"imageCaption\">Felicity Jones (left) and Carey Mulligan were among the stylish arrivals as they headed to the Prada show on the third day of Milan Fashion Week on Thursday<\/p>\n<p>   <img decoding=\"async\" id=\"i-9607a5b2d8a184\" src=\"https:\/\/www.europesays.com\/uk\/wp-content\/uploads\/2025\/09\/102449857-15133751-image-a-67_1758811771999.jpg\" height=\"951\" width=\"634\" alt=\"The actress opted for a chic navy blue shirt dress as she headed to the runway event at the Italian hotspot\" class=\"blkBorder img-share\" style=\"max-width:100%\" loading=\"lazy\" \/>   <\/p>\n<p class=\"imageCaption\">The actress opted for a chic navy blue shirt dress as she headed to the runway event at the Italian hotspot<\/p>\n<p class=\"mol-para-with-font\">With creative directors\u00a0Miuccia Prada and Raf Simons at the helm, they pair combined their contrasting looks,\u00a0fuss-free silhouettes and &#8216;ugly chic&#8217;, to create the Spring\/Summer 2026 collection.<\/p>\n<p class=\"mol-para-with-font\">Felicity recently discussed &#8216;pushing back on expectations&#8217; and gender imbalance in the film industry as she graced the cover on Marie Claire in December.<\/p>\n<p class=\"mol-para-with-font\">In the accompanying interview with the magazine, Felicity, who recently started her own production company said: &#8216;There are always expectations about how one should be and it\u2019s about pushing back on those.&#8217;<\/p>\n<p class=\"mol-para-with-font\">After rising to fame in 2011&#8217;s Like Crazy, she recalled the &#8216;profound gender imbalance&#8217; during her early career likening it to &#8216;walking onto a building site.&#8217;<\/p>\n<p class=\"mol-para-with-font\">Felicity added: &#8216;Young actresses could get easily pigeonholed. There would often be descriptions relating to appearance rather than character in scripts, but I have noticed people are more conscious of that.&#8217;<\/p>\n<p class=\"mol-para-with-font\">She continued: &#8216;Female directors need to have the funds to make films. But it\u2019s been an extraordinary shift.&#8217;<\/p>\n<p class=\"mol-para-with-font\">Last year, Felicity starred as Erzs\u00e9bet T\u00f3th in historical drama, The Brutalist, a post-war epic about a Holocaust survivor attempting to rebuild a life in America.<\/p>\n<p class=\"mol-para-with-font\">The actress was nominated for the Best Actress in a Supporting Role Oscar at the 97th Academy Awards for her performance in the film.\u00a0<\/p>\n<p>   <img decoding=\"async\" id=\"i-ff33391b58f7af87\" src=\"https:\/\/www.europesays.com\/uk\/wp-content\/uploads\/2025\/09\/102449853-15133751-The_Brutalist_star_accessorised_her_look_with_black_pointed_toe_-m-70_17588118553.jpeg\" height=\"951\" width=\"634\" alt=\"The Brutalist star accessorised her look with black pointed-toe heels with a white bow detailing, and a simple black handbag\" class=\"blkBorder img-share\" style=\"max-width:100%\" loading=\"lazy\" \/>   <\/p>\n<p class=\"imageCaption\">The Brutalist star accessorised her look with black pointed-toe heels with a white bow detailing, and a simple black handbag<\/p>\n<p>   <img decoding=\"async\" id=\"i-e09132a51af495cc\" src=\"https:\/\/www.europesays.com\/uk\/wp-content\/uploads\/2025\/09\/102449861-15133751-image-a-69_1758811791807.jpg\" height=\"951\" width=\"634\" alt=\"No stranger to impressing with her chic looks, Felicty opted for the simple all-blue look as she arrived for the show with her husband, film director Charles Guard\" class=\"blkBorder img-share\" style=\"max-width:100%\" loading=\"lazy\" \/>   <\/p>\n<p class=\"imageCaption\">No stranger to impressing with her chic looks, Felicty opted for the simple all-blue look as she arrived for the show with her husband, film director Charles Guard\u00a0<\/p>\n<p>   <img decoding=\"async\" id=\"i-a60860d60ff88cd2\" src=\"https:\/\/www.europesays.com\/uk\/wp-content\/uploads\/2025\/09\/102449891-15133751-image-m-82_1758812104361.jpg\" height=\"950\" width=\"634\" alt=\"Carey opted for a more androgynous outfit as she headed to the show in a white buttoned jacket, a pale blue shirt and loose-fitting black trousers\" class=\"blkBorder img-share\" style=\"max-width:100%\" loading=\"lazy\" \/>   <\/p>\n<p class=\"imageCaption\">Carey opted for a more androgynous outfit as she headed to the show in a white buttoned jacket, a pale blue shirt and loose-fitting black trousers<\/p>\n<p>   <img decoding=\"async\" id=\"i-9776710d2d2bea4b\" src=\"https:\/\/www.europesays.com\/uk\/wp-content\/uploads\/2025\/09\/102449887-15133751-image-m-84_1758812117142.jpg\" height=\"794\" width=\"634\" alt=\"The actress showed off her elegant sense of style with the simple outfit\" class=\"blkBorder img-share\" style=\"max-width:100%\" loading=\"lazy\" \/>   <\/p>\n<p class=\"imageCaption\">The actress showed off her elegant sense of style with the simple outfit<\/p>\n<p>   <img decoding=\"async\" id=\"i-afc58cd65be91c6d\" src=\"https:\/\/www.europesays.com\/uk\/wp-content\/uploads\/2025\/09\/102449843-15133751-image-a-85_1758812166586.jpg\" height=\"954\" width=\"634\" alt=\"Actress Eiza Gonzalez was joined by her boyfriend\u00a0Grigor Dimitrov, with the actress posing in a sporty bomber jacket and a grey suede skirt\" class=\"blkBorder img-share\" style=\"max-width:100%\" loading=\"lazy\" \/>   <\/p>\n<p class=\"imageCaption\">Actress Eiza Gonzalez was joined by her boyfriend\u00a0Grigor Dimitrov, with the actress posing in a sporty bomber jacket and a grey suede skirt<\/p>\n<p>   <img decoding=\"async\" id=\"i-9035ca7f1183e679\" src=\"https:\/\/www.europesays.com\/uk\/wp-content\/uploads\/2025\/09\/102449869-15133751-image-a-76_1758811899257.jpg\" height=\"951\" width=\"634\" alt=\"Stranger Things star Sadie Sink was dressed in a far more laid-back look as she headed to the show, after the release of the fifth and final season of the Netflix hit\" class=\"blkBorder img-share\" style=\"max-width:100%\" loading=\"lazy\" \/>   <\/p>\n<p class=\"imageCaption\">Stranger Things star Sadie Sink was dressed in a far more laid-back look as she headed to the show, after the release of the fifth and final season of the Netflix hit<\/p>\n<p>   <img decoding=\"async\" id=\"i-85e3c81287413db2\" src=\"https:\/\/www.europesays.com\/uk\/wp-content\/uploads\/2025\/09\/102449867-15133751-image-a-75_1758811896063.jpg\" height=\"951\" width=\"634\" alt=\"The actress was dressed in wide-legged jeans, a black jumper and a white collared shirt, accessorising with pointed-toe heels\" class=\"blkBorder img-share\" style=\"max-width:100%\" loading=\"lazy\" \/>   <\/p>\n<p class=\"imageCaption\">The actress was dressed in wide-legged jeans, a black jumper and a white collared shirt, accessorising with pointed-toe heels<\/p>\n<p>   <img decoding=\"async\" id=\"i-19d22abbc88a50d0\" src=\"https:\/\/www.europesays.com\/uk\/wp-content\/uploads\/2025\/09\/102449833-15133751-image-m-86_1758812259854.jpg\" height=\"952\" width=\"634\" alt=\"Kerry Washington showed off her quirky fashion sense, as she departed her hotel for the show in a grey embroidered skirt\" class=\"blkBorder img-share\" style=\"max-width:100%\" loading=\"lazy\" \/>   <\/p>\n<p class=\"imageCaption\">Kerry Washington showed off her quirky fashion sense, as she departed her hotel for the show in a grey embroidered skirt<\/p>\n<p>   <img decoding=\"async\" id=\"i-4d59dfafed2d22e7\" src=\"https:\/\/www.europesays.com\/uk\/wp-content\/uploads\/2025\/09\/102449829-15133751-image-m-80_1758811947102.jpg\" height=\"966\" width=\"634\" alt=\"The Scandal star teamed her outfit with a fuzzy brown jacket, a white handbag and burgundy leather heels\" class=\"blkBorder img-share\" style=\"max-width:100%\" loading=\"lazy\" \/>   <\/p>\n<p class=\"imageCaption\">The Scandal star teamed her outfit with a fuzzy brown jacket, a white handbag and burgundy leather heels<\/p>\n<p>   <img decoding=\"async\" id=\"i-eab4c5a4c59e4cdb\" src=\"https:\/\/www.europesays.com\/uk\/wp-content\/uploads\/2025\/09\/102449831-15133751-image-m-79_1758811941320.jpg\" height=\"808\" width=\"634\" alt=\"Arriving on the arm of her husband\u00a0Nnamdi Asomugha, Kerry was in high spirits as she headed to the show\" class=\"blkBorder img-share\" style=\"max-width:100%\" loading=\"lazy\" \/>   <\/p>\n<p class=\"imageCaption\">Arriving on the arm of her husband\u00a0Nnamdi Asomugha, Kerry was in high spirits as she headed to the show<\/p>\n<p>   <img decoding=\"async\" id=\"i-59ca907fb03ffbfb\" src=\"https:\/\/www.europesays.com\/uk\/wp-content\/uploads\/2025\/09\/102449877-15133751-image-m-78_1758811908036.jpg\" height=\"951\" width=\"634\" alt=\"Maya Hawke displayed her endless pins in a tiny grey mini skirt, and a brown cropped top\" class=\"blkBorder img-share\" style=\"max-width:100%\" loading=\"lazy\" \/>   <\/p>\n<p class=\"imageCaption\">Maya Hawke displayed her endless pins in a tiny grey mini skirt, and a brown cropped top<\/p>\n<p>   <img decoding=\"async\" id=\"i-88cf86d4893d2a29\" src=\"https:\/\/www.europesays.com\/uk\/wp-content\/uploads\/2025\/09\/102449873-15133751-image-m-89_1758812442505.jpg\" height=\"1006\" width=\"634\" alt=\"The actress carried a pale grey handbag, and black pointed-toe heels\" class=\"blkBorder img-share\" style=\"max-width:100%\" loading=\"lazy\" \/>   <\/p>\n<p class=\"imageCaption\">The actress carried a pale grey handbag, and black pointed-toe heels<\/p>\n<p>   <img decoding=\"async\" id=\"i-603c29d5a5388baa\" src=\"https:\/\/www.europesays.com\/uk\/wp-content\/uploads\/2025\/09\/102449851-15133751-image-m-90_1758812616660.jpg\" height=\"931\" width=\"634\" alt=\"TikTok star\u00a0Emma Chamberlain looked every inch the fashionista in a white mini skirt with a matching shirt, teamed with brown accessories\" class=\"blkBorder img-share\" style=\"max-width:100%\" loading=\"lazy\" \/>   <\/p>\n<p class=\"imageCaption\">TikTok star\u00a0Emma Chamberlain looked every inch the fashionista in a white mini skirt with a matching shirt, teamed with brown accessories<\/p>\n<p class=\"mol-para-with-font\">Inspired by the Jean-Louis Cohen&#8217;s book Architecture in Uniform, the film stars Adrien Brody as a Hungarian architect with Felicity playing his wife.<\/p>\n<p class=\"mol-para-with-font\">Spanning decades, The Brutalist tells the story of L\u00e1szl\u00f3 T\u00f3th and his attempts to pursue his art after the war in America.<\/p>\n<p class=\"mol-para-with-font\">Adrien plays T\u00f3th. He lives in near-poverty until a wealthy industrialist, Harrison Lee Van Buren (Guy Pearce), gives him an important contract. Joe and Alessandro Nivola also star.<\/p>\n<p class=\"mol-para-with-font\">The actor said it was a character and a story he felt an &#8216;immediate kinship and understanding for.&#8217;<\/p>\n<p class=\"mol-para-with-font\">His mother, photographer Sylvia Plachy, was a Hungarian immigrant who fled in 1956 during the anti-Soviet revolution to restart and attempt to build a life as an artist.<\/p>\n","protected":false},"excerpt":{"rendered":"Felicity Jones and Carey Mulligan were among the stylish arrivals as they headed to the Prada show on&hellip;\n","protected":false},"author":2,"featured_media":450956,"comment_status":"","ping_status":"","sticky":false,"template":"","format":"standard","meta":{"footnotes":""},"categories":[3940],"tags":[151742,4080,92,77,132620,130792,813,16,15],"class_list":{"0":"post-450955","1":"post","2":"type-post","3":"status-publish","4":"format-standard","5":"has-post-thumbnail","7":"category-celebrities","8":"tag-carey-mulligan","9":"tag-celebrities","10":"tag-dailymail","11":"tag-entertainment","12":"tag-felicity-jones","13":"tag-milan-fashion-week","14":"tag-tvshowbiz","15":"tag-uk","16":"tag-united-kingdom"},"share_on_mastodon":{"url":"https:\/\/pubeurope.com\/@uk\/115266305040245682","error":""},"_links":{"self":[{"href":"https:\/\/www.europesays.com\/uk\/wp-json\/wp\/v2\/posts\/450955","targetHints":{"allow":["GET"]}}],"collection":[{"href":"https:\/\/www.europesays.com\/uk\/wp-json\/wp\/v2\/posts"}],"about":[{"href":"https:\/\/www.europesays.com\/uk\/wp-json\/wp\/v2\/types\/post"}],"author":[{"embeddable":true,"href":"https:\/\/www.europesays.com\/uk\/wp-json\/wp\/v2\/users\/2"}],"replies":[{"embeddable":true,"href":"https:\/\/www.europesays.com\/uk\/wp-json\/wp\/v2\/comments?post=450955"}],"version-history":[{"count":0,"href":"https:\/\/www.europesays.com\/uk\/wp-json\/wp\/v2\/posts\/450955\/revisions"}],"wp:featuredmedia":[{"embeddable":true,"href":"https:\/\/www.europesays.com\/uk\/wp-json\/wp\/v2\/media\/450956"}],"wp:attachment":[{"href":"https:\/\/www.europesays.com\/uk\/wp-json\/wp\/v2\/media?parent=450955"}],"wp:term":[{"taxonomy":"category","embeddable":true,"href":"https:\/\/www.europesays.com\/uk\/wp-json\/wp\/v2\/categories?post=450955"},{"taxonomy":"post_tag","embeddable":true,"href":"https:\/\/www.europesays.com\/uk\/wp-json\/wp\/v2\/tags?post=450955"}],"curies":[{"name":"wp","href":"https:\/\/api.w.org\/{rel}","templated":true}]}}