{"id":458850,"date":"2025-09-28T21:57:12","date_gmt":"2025-09-28T21:57:12","guid":{"rendered":"https:\/\/www.europesays.com\/uk\/458850\/"},"modified":"2025-09-28T21:57:12","modified_gmt":"2025-09-28T21:57:12","slug":"%f0%9f%9a%a8-spain-kick-off-u20-world-cup-with-this-starting-xi","status":"publish","type":"post","link":"https:\/\/www.europesays.com\/uk\/458850\/","title":{"rendered":"\ud83d\udea8 Spain kick off U20 World Cup with this starting XI"},"content":{"rendered":"<p>The U-20 World Cup begins today for Spain against Morocco, runners-up of the Africa Cup.<\/p>\n<p>With Jon Mart\u00edn out due to injury, this is how Spain lines up in Chile<\/p>\n<p><strong>Spain<\/strong>: Fran Gonz\u00e1lez; Cristian David, Pau Navarro, Andr\u00e9s Cuenca, Julio D\u00edaz; Peio Canales, Rodrigo Mendoza; Rayane, Mella, Joel Roca; Iker Bravo.<\/p>\n<p>Advertisement<\/p>\n<p><img alt=\"\" loading=\"lazy\" width=\"960\" height=\"1200\" decoding=\"async\" data-nimg=\"1\" class=\"standard-img\" style=\"color:transparent\" src=\"https:\/\/www.europesays.com\/uk\/wp-content\/uploads\/2025\/09\/68e11652a6a62c07d8320a236d2d719b.jpeg\"\/><\/p>\n<p><strong>Morocco<\/strong>: Benchaouch; Maamar, Baouf, Zahouani, Bakhty; Essadak, El Haddad, Khalifi; Maamma, Yassine, Zabiri.<\/p>\n<p>This article was translated into English by Artificial Intelligence. <a href=\"https:\/\/onefootball.com\/es\/noticias\/espana-debuta-en-el-mundial-sub20-con-este-once-41732564\" rel=\"nofollow noopener\" target=\"_blank\" data-ylk=\"slk:You can read the original version in \ud83c\uddea\ud83c\uddf8 here.;elm:context_link;itc:0;sec:content-canvas\" class=\"link \">You can read the original version in \ud83c\uddea\ud83c\uddf8 here.<\/a><\/p>\n<p>\ud83d\udcf8 Pool &#8211; 2020 Getty Images<\/p>\n","protected":false},"excerpt":{"rendered":"The U-20 World Cup begins today for Spain against Morocco, runners-up of the Africa Cup. With Jon Mart\u00edn&hellip;\n","protected":false},"author":2,"featured_media":458851,"comment_status":"","ping_status":"","sticky":false,"template":"","format":"standard","meta":{"footnotes":""},"categories":[5312],"tags":[153752,2000,299,153754,153759,153760,153756,153755,6489,153758,153757,153753,104,153403],"class_list":{"0":"post-458850","1":"post","2":"type-post","3":"status-publish","4":"format-standard","5":"has-post-thumbnail","7":"category-spain","8":"tag-cristian-david","9":"tag-eu","10":"tag-europe","11":"tag-fran-gonzalez","12":"tag-iker-bravo","13":"tag-joel-roca","14":"tag-jon-martin","15":"tag-julio-diaz","16":"tag-morocco","17":"tag-pau-navarro","18":"tag-peio-canales","19":"tag-rodrigo-mendoza","20":"tag-spain","21":"tag-u20-world-cup"},"share_on_mastodon":{"url":"https:\/\/pubeurope.com\/@uk\/115284164905389403","error":""},"_links":{"self":[{"href":"https:\/\/www.europesays.com\/uk\/wp-json\/wp\/v2\/posts\/458850","targetHints":{"allow":["GET"]}}],"collection":[{"href":"https:\/\/www.europesays.com\/uk\/wp-json\/wp\/v2\/posts"}],"about":[{"href":"https:\/\/www.europesays.com\/uk\/wp-json\/wp\/v2\/types\/post"}],"author":[{"embeddable":true,"href":"https:\/\/www.europesays.com\/uk\/wp-json\/wp\/v2\/users\/2"}],"replies":[{"embeddable":true,"href":"https:\/\/www.europesays.com\/uk\/wp-json\/wp\/v2\/comments?post=458850"}],"version-history":[{"count":0,"href":"https:\/\/www.europesays.com\/uk\/wp-json\/wp\/v2\/posts\/458850\/revisions"}],"wp:featuredmedia":[{"embeddable":true,"href":"https:\/\/www.europesays.com\/uk\/wp-json\/wp\/v2\/media\/458851"}],"wp:attachment":[{"href":"https:\/\/www.europesays.com\/uk\/wp-json\/wp\/v2\/media?parent=458850"}],"wp:term":[{"taxonomy":"category","embeddable":true,"href":"https:\/\/www.europesays.com\/uk\/wp-json\/wp\/v2\/categories?post=458850"},{"taxonomy":"post_tag","embeddable":true,"href":"https:\/\/www.europesays.com\/uk\/wp-json\/wp\/v2\/tags?post=458850"}],"curies":[{"name":"wp","href":"https:\/\/api.w.org\/{rel}","templated":true}]}}