{"id":462694,"date":"2025-09-30T09:18:13","date_gmt":"2025-09-30T09:18:13","guid":{"rendered":"https:\/\/www.europesays.com\/uk\/462694\/"},"modified":"2025-09-30T09:18:13","modified_gmt":"2025-09-30T09:18:13","slug":"irish-judge-elected-president-of-eu-general-court-chamber","status":"publish","type":"post","link":"https:\/\/www.europesays.com\/uk\/462694\/","title":{"rendered":"Irish judge elected president of EU General Court chamber"},"content":{"rendered":"<p>                <img decoding=\"async\" src=\"https:\/\/www.europesays.com\/uk\/wp-content\/uploads\/2025\/09\/JudgeSuzanneKingston.jpg\" alt=\"Irish judge elected president of EU General Court chamber\" class=\"w-100\"\/><\/p>\n<p>Judge Suzanne Kingston has been elected as president of one of the 10 chambers of the General Court of the Court of Justice of the European Union (CJEU).<\/p>\n<p>The Irish judge, who has sat on the EU bench since 2021, now presides over the Ninth Chamber, which comprises judges Maria Jos\u00e9 Costeira, Tiham\u00e9r T\u00f3th, Beatrix Ricziov\u00e1 and Louise Spangsberg Gr\u00f8nfeldt.<\/p>\n<p>The other Irish judge, Colm Mac Eochaidh, is a member of the Fourth Chamber, presided over by Judge Geert De Baere.<\/p>\n<p>The General Court is comprised of 10 chambers, seven of which are responsible for cases relating to intellectual property law and three of which are responsible for cases relating to the civil service.<\/p>\n<p>The two chambers responsible for requests for a preliminary ruling form part of the seven chambers responsible for cases relating to intellectual property rights.<\/p>\n","protected":false},"excerpt":{"rendered":"Judge Suzanne Kingston has been elected as president of one of the 10 chambers of the General Court&hellip;\n","protected":false},"author":2,"featured_media":462695,"comment_status":"","ping_status":"","sticky":false,"template":"","format":"standard","meta":{"footnotes":""},"categories":[5174],"tags":[2000,299,5187,1699],"class_list":{"0":"post-462694","1":"post","2":"type-post","3":"status-publish","4":"format-standard","5":"has-post-thumbnail","7":"category-eu","8":"tag-eu","9":"tag-europe","10":"tag-european","11":"tag-european-union"},"share_on_mastodon":{"url":"https:\/\/pubeurope.com\/@uk\/115292504822555989","error":""},"_links":{"self":[{"href":"https:\/\/www.europesays.com\/uk\/wp-json\/wp\/v2\/posts\/462694","targetHints":{"allow":["GET"]}}],"collection":[{"href":"https:\/\/www.europesays.com\/uk\/wp-json\/wp\/v2\/posts"}],"about":[{"href":"https:\/\/www.europesays.com\/uk\/wp-json\/wp\/v2\/types\/post"}],"author":[{"embeddable":true,"href":"https:\/\/www.europesays.com\/uk\/wp-json\/wp\/v2\/users\/2"}],"replies":[{"embeddable":true,"href":"https:\/\/www.europesays.com\/uk\/wp-json\/wp\/v2\/comments?post=462694"}],"version-history":[{"count":0,"href":"https:\/\/www.europesays.com\/uk\/wp-json\/wp\/v2\/posts\/462694\/revisions"}],"wp:featuredmedia":[{"embeddable":true,"href":"https:\/\/www.europesays.com\/uk\/wp-json\/wp\/v2\/media\/462695"}],"wp:attachment":[{"href":"https:\/\/www.europesays.com\/uk\/wp-json\/wp\/v2\/media?parent=462694"}],"wp:term":[{"taxonomy":"category","embeddable":true,"href":"https:\/\/www.europesays.com\/uk\/wp-json\/wp\/v2\/categories?post=462694"},{"taxonomy":"post_tag","embeddable":true,"href":"https:\/\/www.europesays.com\/uk\/wp-json\/wp\/v2\/tags?post=462694"}],"curies":[{"name":"wp","href":"https:\/\/api.w.org\/{rel}","templated":true}]}}