{"id":465118,"date":"2025-10-01T06:53:22","date_gmt":"2025-10-01T06:53:22","guid":{"rendered":"https:\/\/www.europesays.com\/uk\/465118\/"},"modified":"2025-10-01T06:53:22","modified_gmt":"2025-10-01T06:53:22","slug":"modular-city-on-water-among-proposals-from-the-university-of-panama","status":"publish","type":"post","link":"https:\/\/www.europesays.com\/uk\/465118\/","title":{"rendered":"&#8220;Modular city on water&#8221; among proposals from the University of Panama"},"content":{"rendered":"<p><a href=\"https:\/\/www.dezeen.com\/schoolshows\/\" target=\"_blank\" rel=\"noopener\"><strong>Dezeen School Shows:<\/strong><\/a> a floating city built with <a href=\"https:\/\/www.dezeen.com\/tag\/renewable-energy\/\" target=\"_blank\" rel=\"noopener\">renewable energy<\/a> resources and low-impact materials is among the student projects from the <a href=\"https:\/\/www.dezeen.com\/tag\/university-of-panama\/\" target=\"_blank\" rel=\"noopener\">University of Panama<\/a>. <\/p>\n<p>Also featured is an <a href=\"https:\/\/www.dezeen.com\/tag\/education-tag\/\" target=\"_blank\" rel=\"noopener\">educational<\/a> centre for communities in hard-to-reach areas, and a proposal for a botanical research garden.<\/p>\n<p style=\"text-align: left;\"><strong>Institution:<\/strong> <a href=\"https:\/\/facarquitectura.up.ac.pa\" target=\"_blank\" rel=\"noopener\">University of Panama<\/a><br \/><strong>School:<\/strong> School of Architecture<br \/><strong>Courses:<\/strong> Undergraduate thesis projects<br \/><strong>Tutors:<\/strong> Delf\u00edn Del Busto, Nora Castillo, Melannie Fossatti, Federico Rodr\u00edguez, Sa\u00fal Serv\u00edn, Tatiana Sousa and Linette Yanisselly<\/p>\n<p><strong>School statement:<\/strong><\/p>\n<p>&#8220;Since 1943, the School of Architecture at the University of Panama has been the largest school of architecture in the Republic of Panama. Today, it is a vibrant space for creation, innovation and knowledge, dedicated to the comprehensive development of its students.<\/p>\n<p>&#8220;We foster academic and personal growth through relevant curricular programmes, continuous faculty and staff development and the integration of technologies and infrastructures that enrich the educational experience.<\/p>\n<p>&#8220;We look toward the future with the vision of becoming a prestigious faculty recognised for shaping socially sensitive, technically responsible professionals in architecture and design who can transform Panamanian society.<\/p>\n<p>&#8220;Our values \u2013 excellence, integrity, honesty, responsibility, justice, respect, tolerance, pluralism, equity, innovation and solidarity \u2013 guide every project and action, ensuring an education that inspires, motivates and transcends the classroom.<\/p>\n<p>&#8220;At the School of Architecture, we cultivate a passion for designing and building in response to our tropical climate, creating a better environment. We believe that each student can be a catalyst for change and a visionary, ready to design the cities of tomorrow.&#8221;<\/p>\n<p><img loading=\"lazy\" decoding=\"async\" class=\"alignnone size-full wp-image-2252884\" src=\"https:\/\/www.europesays.com\/uk\/wp-content\/uploads\/2025\/10\/university-of-panama-dezeen-schoolshows_dezeen_2364_col_9-852x476.jpg\" alt=\"a visualisation of a building interior in tones of beige and orange\" width=\"2364\" height=\"1321\"  \/><\/p>\n<p><strong>Public Library Park in the Arraij\u00e1n District\u00a0by\u00a0Roxana Castillo<\/strong><\/p>\n<p>&#8220;The district of Arraij\u00e1n has become a hostile and fragmented city for its inhabitants, as a result of a lack of urban planning, a shortage of public spaces and high illiteracy rates.<\/p>\n<p>&#8220;Given this reality, the proposal for a library park has been put forward as a model inspired by the strategy of the Mayor&#8217;s Office of Medell\u00edn, which demonstrated that this type of space not only serves to house books, but also becomes a meeting point for the community.<\/p>\n<p>&#8220;This approach seeks to generate social transformation, promote inclusion and turn the project into a symbolic place for Arraij\u00e1n.&#8221;<\/p>\n<p><strong>Student:<\/strong> Roxana Castillo<br \/><strong>Course:<\/strong> Undergraduate thesis project<br \/><strong>Tutor:<\/strong> Delf\u00edn Del Busto<br \/><strong>Email:<\/strong> roxanacastillo2198[at]gmail.com<\/p>\n<p><img loading=\"lazy\" decoding=\"async\" class=\"alignnone size-full wp-image-2252879\" src=\"https:\/\/www.europesays.com\/uk\/wp-content\/uploads\/2025\/10\/university-of-panama-dezeen-schoolshows_dezeen_2364_col_4-852x658.jpg\" alt=\"a diagram of buildings in tones of grey, white and green\" width=\"2364\" height=\"1827\"  \/><\/p>\n<p><strong>School with a Contemporary Vision of Education in Don Bosco\u00a0by\u00a0David Riquelme<\/strong><\/p>\n<p>&#8220;Education is an essential pillar of social development, but in our country, it faces challenges that require attention.<\/p>\n<p>&#8220;This raises the need to reflect on the role of architecture in education, as school infrastructure is key to the comprehensive development of students.<\/p>\n<p>&#8220;Poor infrastructure can demotivate and increase dropout rates, while a well-designed environment inspires and enriches learning. This project analyses how architectural design can be a strategic tool for strengthening education and proposing innovative solutions.&#8221;<\/p>\n<p><strong>Student:<\/strong> David Riquelme<br \/><strong>Course:<\/strong> Undergraduate thesis project<br \/><strong>Tutor:<\/strong> Sa\u00fal Serv\u00edn<br \/><strong>Email:<\/strong> davidriquelme702[at]gmail.com<\/p>\n<p><img loading=\"lazy\" decoding=\"async\" class=\"alignnone size-full wp-image-2252876\" src=\"https:\/\/www.europesays.com\/uk\/wp-content\/uploads\/2025\/10\/university-of-panama-dezeen-schoolshows_dezeen_2364_col_1-852x500.jpg\" alt=\"a visualisation of a building in tones of green and white\" width=\"2364\" height=\"1388\"  \/><\/p>\n<p><strong>The School of My Dreams: Prototype Educational Centre for Hard-to-Reach Areas\u00a0by\u00a0Ang\u00e9lica Newsan<\/strong><\/p>\n<p>&#8220;The School of My Dreams is a prototype educational centre designed for communities in hard-to-reach areas.<\/p>\n<p>&#8220;The modular, transportable and adaptable design allows for rapid, efficient construction that is sensitive to the natural and cultural environment.<\/p>\n<p>&#8220;Through the use of lightweight materials, sustainable techniques and community participation, functional, safe and flexible spaces are created that respond to local needs. The design includes classrooms, dormitories, bathrooms and common areas connected by modules that are raised on stilts, adapting to the terrain.<\/p>\n<p>&#8220;This school seeks to promote learning in dignified, resilient environments with identity, strengthening the link between architecture and community.&#8221;<\/p>\n<p><strong>Student:<\/strong> Ang\u00e9lica Newsan<br \/><strong>Course:<\/strong> Undergraduate thesis project<br \/><strong>Tutor:<\/strong> Linette Yanisselly<br \/><strong>Email:<\/strong> angelicanewsan[at]gmail.com<\/p>\n<p><img loading=\"lazy\" decoding=\"async\" class=\"alignnone size-full wp-image-2252881\" src=\"https:\/\/www.europesays.com\/uk\/wp-content\/uploads\/2025\/10\/university-of-panama-dezeen-schoolshows_dezeen_2364_col_6-852x454.jpg\" alt=\"a visualisation of an outdoor structure in tones of brown\" width=\"2364\" height=\"1261\"  \/><\/p>\n<p><strong>Bamboo Eco-Construction Training Centre in Potrerillos, Chiriqu\u00ed\u00a0by\u00a0Jennia Monrroy<\/strong><\/p>\n<p>&#8220;This refuge for learning promotes the appreciation and use of bamboo as a locally-sourced construction material.<\/p>\n<p>&#8220;The exploration began with an inventory of species and the geometric, physical and mechanical characterisation of Guadua angustifolia.<\/p>\n<p>&#8220;Based on these studies, community interviews and site analysis, a master plan was designed that includes built infrastructure, modules or &#8220;nodes&#8221; that adapt to the topography and function of the spaces.<\/p>\n<p>&#8220;In turn, the living infrastructure includes the existing forest and garden, and proposes a bamboo plantation. The centre grows in stages, evocatively, alongside the planted bamboo and community knowledge.&#8221;<\/p>\n<p><strong>Student:<\/strong> Jennia Monrroy<br \/><strong>Course:<\/strong> Undergraduate thesis project<br \/><strong>Tutor:<\/strong> Linette Yanisselly<br \/><strong>Email:<\/strong> jmonrroy15[at]gmail.com<\/p>\n<p><img loading=\"lazy\" decoding=\"async\" class=\"alignnone wp-image-2252878 size-full\" src=\"https:\/\/www.europesays.com\/uk\/wp-content\/uploads\/2025\/10\/university-of-panama-dezeen-schoolshows_dezeen_2364_col_3-852x479.jpg\" alt=\"a visualisation of a building on water\" width=\"2364\" height=\"1330\"  \/><\/p>\n<p><strong>Migratory Shorebird and Panama Bay Wetland Visitor Centre\u00a0by\u00a0Christian Lasso<\/strong><\/p>\n<p>&#8220;The thesis proposes a Migratory Shorebird visitor centre in the wetlands of the Bay of Panama, inspired by the behaviour of the western sandpiper (Calidris mauri).<\/p>\n<p>&#8220;Through digital analysis, flight patterns and flock densities of migratory shorebirds were studied to generate an architectural approach that interprets their movements.<\/p>\n<p>&#8220;The proposal takes the form of an elevated platform between mangroves and mudflats, designed as a viewpoint and educational space.<\/p>\n<p>&#8220;Its open design, integrated into the landscape, seeks to raise awareness of the importance of wetlands, highlight their biodiversity and promote the conservation of migratory shorebirds.&#8221;<\/p>\n<p><strong>Student:<\/strong> Christian Lasso<br \/><strong>Course:<\/strong> Undergraduate thesis project<br \/><strong>Tutor:<\/strong> Federico Rodr\u00edguez<br \/><strong>Email:<\/strong> chris009lasso[at]gmail.com<\/p>\n<p><img loading=\"lazy\" decoding=\"async\" class=\"alignnone wp-image-2252875 size-full\" src=\"https:\/\/www.europesays.com\/uk\/wp-content\/uploads\/2025\/10\/university-of-panama-dezeen-schoolshows_dezeen_2364_col_0-852x479.jpg\" alt=\"a visualisation of a university campus in tones of white\" width=\"2364\" height=\"1330\"  \/><\/p>\n<p><strong>Applied Research Centre for the University of Panama by Anderson Florez<\/strong><\/p>\n<p>&#8220;The campus of the University of Panama is inspired by the tenets of modern architecture and sheltered by the greenery of the tropics.<\/p>\n<p>&#8220;The proposal is a centre with a folded architecture that yields to the site, hides itself and stimulates the crossing of zones and paths to generate curiosity: a space that encourages encounters.<\/p>\n<p>&#8220;The architectural typology is built on four activities: collect, use, disseminate and research. The building integrates solutions for runoff management, solar energy use, natural ventilation and ecological materials.<\/p>\n<p>&#8220;Wind, light and rain are used to transform the experience of the place over time.&#8221;<\/p>\n<p><strong>Student:<\/strong> Anderson Florez<br \/><strong>Course:<\/strong> Undergraduate thesis project<br \/><strong>Tutor:<\/strong> Linette Yanisselly<br \/><strong>Email:<\/strong> andtlok[at]gmail.com<\/p>\n<p><img loading=\"lazy\" decoding=\"async\" class=\"alignnone wp-image-2252880 size-full\" src=\"https:\/\/www.europesays.com\/uk\/wp-content\/uploads\/2025\/10\/university-of-panama-dezeen-schoolshows_dezeen_2364_col_5-852x479.jpg\" alt=\"a visualisation of a food market building in tones of white and grey \" width=\"2364\" height=\"1330\"  \/><\/p>\n<p><strong>Municipal Food Market with Sustainable Vertical Hydroponic Gardens in Juan Diaz by Gabriel Trujillo<\/strong><\/p>\n<p>&#8220;How do you imagine food markets in 2050? This project is designed not only to address current difficulties, but also to meet future challenges.<\/p>\n<p>&#8220;The project is not only structured around the traditional elements of a market, but also takes into account the characteristics of its surroundings and seeks to create a symbiosis within the urban fabric.<\/p>\n<p>&#8220;The market includes a vertical hydroponic garden with an area of 1,200 metres-squared in the main atrium, which has a capacity equal to 8,000 metres-squared of traditional planting.&#8221;<\/p>\n<p><strong>Student:<\/strong> Gabriel Trujillo<br \/><strong>Course:<\/strong> Undergraduate thesis project<br \/><strong>Tutor:<\/strong> Linette Yanisselly<br \/><strong>Email:<\/strong> gabrieltswork[at]gmail.com<\/p>\n<p><img loading=\"lazy\" decoding=\"async\" class=\"alignnone size-full wp-image-2252883\" src=\"https:\/\/www.europesays.com\/uk\/wp-content\/uploads\/2025\/10\/university-of-panama-dezeen-schoolshows_dezeen_2364_col_8-852x1065.jpg\" alt=\"a visualisation of a grey pathway running through a park\" width=\"1891\" height=\"2364\"  \/><\/p>\n<p><strong>Exhibition and Training Centre for the Visual Arts\u00a0by\u00a0Mar\u00eda del Carmen Lamela<\/strong><\/p>\n<p>&#8220;Conceived as a cultural catalyst, this project seeks to promote and raise awareness of artistic production in Panama, coordinating training, creation and exhibition processes in an environment that fosters the careers of creators.<\/p>\n<p>&#8220;Located in Panama City, its design engages with the memory of the place and is conceived from the relationship between being inside and outside, generating a modulation that applies contrasts in colour, light, shadow and texture.<\/p>\n<p>&#8220;The proposal uses timeless materials that guarantee versatility and permanence, such as pigmented concrete, steel, aluminium louvers, tempered glass, breeze blocks, perforated metal and solid and alveolar polycarbonate panels.&#8221;<\/p>\n<p><strong>Student:<\/strong> Mar\u00eda del Carmen Lamela<br \/><strong>Course:<\/strong> Undergraduate thesis project<br \/><strong>Tutor:<\/strong> Nora Castillo<br \/><strong>Email:<\/strong> mariclamela[at]gmail.com<\/p>\n<p><img loading=\"lazy\" decoding=\"async\" class=\"alignnone size-full wp-image-2252882\" src=\"https:\/\/www.europesays.com\/uk\/wp-content\/uploads\/2025\/10\/university-of-panama-dezeen-schoolshows_dezeen_2364_col_7-852x479.jpg\" alt=\"a visualisation of a building in tones of white and beige \" width=\"2364\" height=\"1330\"  \/><\/p>\n<p><strong>Guarar\u00e9 Botanical Garden\u00a0by\u00a0Marcos Gonz\u00e1lez<\/strong><\/p>\n<p>&#8220;The project included the development of buildings for botanical research and administrative areas, greenhouses for growing species and compositional proposals of the five themed gardens and the tropical forest covering more than 65,000 square metres, along with a list of recommended species.<\/p>\n<p>&#8220;In addition, a cost analysis for the development of the project was included, with a general financing proposal.&#8221;<\/p>\n<p><strong>Student:<\/strong> Marcos Gonz\u00e1lez<br \/><strong>Course:<\/strong> Undergraduate thesis project<br \/><strong>Tutor:<\/strong> Melannie Fossatti<br \/><strong>Email:<\/strong> marcosg0195jose[at]gmail.com<\/p>\n<p><img loading=\"lazy\" decoding=\"async\" class=\"alignnone wp-image-2252877 size-full\" src=\"https:\/\/www.europesays.com\/uk\/wp-content\/uploads\/2025\/10\/university-of-panama-dezeen-schoolshows_dezeen_2364_col_2-852x662.jpg\" alt=\"a visualisation of an architectural structure built over water\" width=\"2364\" height=\"1838\"  \/><\/p>\n<p><strong>Modular City on the Water by David Beltr\u00e1n and Samuel Bonilla<\/strong><\/p>\n<p>&#8220;The Modular City on Water project is based on floating and adaptable architecture as a direct response to climate change and sea level rise threatening the indigenous region of Guna Yala, in the Caribbean coast of Panama.<\/p>\n<p>&#8220;Theoretically, it integrates sustainability principles, using renewable energy technologies and low environmental impact materials to ensure self-sufficiency.<\/p>\n<p>&#8220;In addition, it prioritises cultural respect of the traditions of the Guna people, offering a housing solution that maintains the community lifestyle and aquatic activities, seeking to comply with the UN Sustainable Development Goals.&#8221;<\/p>\n<p><strong>Students:<\/strong> David Beltr\u00e1n and Samuel Bonilla<br \/><strong>Course:<\/strong> Undergraduate thesis project<br \/><strong>Tutor:<\/strong> Tatiana Sousa<br \/><strong>Emails:<\/strong> davidbeltran2711[at]gmail.com and sbonilla1994[at]gmail.com<\/p>\n<p><strong>Partnership content<\/strong><\/p>\n<p>This school show is a partnership between Dezeen and the <a href=\"https:\/\/www.dezeen.com\/tag\/university-of-panama\/\" target=\"_blank\" rel=\"noopener\">University of Panama<\/a>. Find out more about Dezeen partnership content <a href=\"https:\/\/www.dezeen.com\/partnerships\/\" target=\"_blank\" rel=\"noopener\">here<\/a>.<\/p>\n","protected":false},"excerpt":{"rendered":"Dezeen School Shows: a floating city built with renewable energy resources and low-impact materials is among the student&hellip;\n","protected":false},"author":2,"featured_media":465119,"comment_status":"","ping_status":"","sticky":false,"template":"","format":"standard","meta":{"footnotes":""},"categories":[3939],"tags":[4021,4020,4022,77,83856,126129,144380,144379,16,15,155333],"class_list":{"0":"post-465118","1":"post","2":"type-post","3":"status-publish","4":"format-standard","5":"has-post-thumbnail","7":"category-arts-and-design","8":"tag-arts","9":"tag-arts-and-design","10":"tag-design","11":"tag-entertainment","12":"tag-graduates","13":"tag-sectionall","14":"tag-sectionschool-shows","15":"tag-student-projects","16":"tag-uk","17":"tag-united-kingdom","18":"tag-university-of-panama"},"share_on_mastodon":{"url":"https:\/\/pubeurope.com\/@uk\/115297597242702012","error":""},"_links":{"self":[{"href":"https:\/\/www.europesays.com\/uk\/wp-json\/wp\/v2\/posts\/465118","targetHints":{"allow":["GET"]}}],"collection":[{"href":"https:\/\/www.europesays.com\/uk\/wp-json\/wp\/v2\/posts"}],"about":[{"href":"https:\/\/www.europesays.com\/uk\/wp-json\/wp\/v2\/types\/post"}],"author":[{"embeddable":true,"href":"https:\/\/www.europesays.com\/uk\/wp-json\/wp\/v2\/users\/2"}],"replies":[{"embeddable":true,"href":"https:\/\/www.europesays.com\/uk\/wp-json\/wp\/v2\/comments?post=465118"}],"version-history":[{"count":0,"href":"https:\/\/www.europesays.com\/uk\/wp-json\/wp\/v2\/posts\/465118\/revisions"}],"wp:featuredmedia":[{"embeddable":true,"href":"https:\/\/www.europesays.com\/uk\/wp-json\/wp\/v2\/media\/465119"}],"wp:attachment":[{"href":"https:\/\/www.europesays.com\/uk\/wp-json\/wp\/v2\/media?parent=465118"}],"wp:term":[{"taxonomy":"category","embeddable":true,"href":"https:\/\/www.europesays.com\/uk\/wp-json\/wp\/v2\/categories?post=465118"},{"taxonomy":"post_tag","embeddable":true,"href":"https:\/\/www.europesays.com\/uk\/wp-json\/wp\/v2\/tags?post=465118"}],"curies":[{"name":"wp","href":"https:\/\/api.w.org\/{rel}","templated":true}]}}