{"id":471309,"date":"2025-10-03T14:42:19","date_gmt":"2025-10-03T14:42:19","guid":{"rendered":"https:\/\/www.europesays.com\/uk\/471309\/"},"modified":"2025-10-03T14:42:19","modified_gmt":"2025-10-03T14:42:19","slug":"experts-call-for-rapid-european-rearmament-on-35th-anniversary-of-german-unification","status":"publish","type":"post","link":"https:\/\/www.europesays.com\/uk\/471309\/","title":{"rendered":"Experts call for rapid European rearmament on 35th anniversary of German unification"},"content":{"rendered":"<p>          <img decoding=\"async\" class=\"c-ad__placeholder__logo\" src=\"https:\/\/static.euronews.com\/website\/images\/logos\/logo-euronews-stacked-outlined-72x72-grey-9.svg\" width=\"72\" height=\"72\" alt=\"\" loading=\"lazy\"\/><br \/>\n          ADVERTISEMENT<\/p>\n<p>Germany and its allies must act together quickly to bolster Europe&#8217;s military capabilities in the face of the threat posed by Russia, security experts have said as European leaders marked the 35th anniversary of German reunification.  <\/p>\n<p>The warning follows US President Donald Trump&#8217;s clear stance that his country will play a less direct role in Europe.  <\/p>\n<p>&#8220;We are under enormous pressure,&#8221; said Dr Patrick Keller, head of the Security and Defence Centre at the German Council on Foreign Relations (DGAP).<\/p>\n<p>&#8220;Relying on America no longer works as it once did&#8221;, he told Euronews, adding that Europe must take responsibility for its own security and unity.<\/p>\n<p>His words came as European leaders travelled to Saarbr\u00fccken in the German state of Saarland for an event on Friday marking the end of the division of Germany. <\/p>\n<p>From the late 1940s until 1990, the country was officially divided into the Soviet-occupied communist German Democratic Republic (GDR) and the democratic Federal Republic of Germany (FRG). <\/p>\n<p>At the anniversary event on Friday, German Chancellor Friedrich Merz and Federal President Frank-Walter Steinmeier were joined by guests including French President Emmanuel Macron and Ma\u0142gorzata Kidawa-B\u0142o\u0144ska, Marshal of the Polish Senate. <\/p>\n<p>Experts emphasised how important the alliance between France, Germany and Poland is for Europe&#8217;s collective security. <\/p>\n<p>However, they also noted that national ambitions would have to put aside, citing a recent industry dispute over a billion-euro German-French fighter jet project.  <\/p>\n<p>Can Germany secure European unity with France and Poland?<\/p>\n<p>Founded in 1991 by the foreign ministers of Germany, France and Poland, the &#8220;Weimar Triangle&#8221; is considered a &#8220;motor&#8221; of Europe.<\/p>\n<p>Gunther Krichbaum, Germany&#8217;s State Minister for Europe, told Euronews that the alliance was critical for ensuring European unity.<\/p>\n<p>&#8220;The oft-cited German-French engine is more important than ever because the challenges have never been greater,&#8221; said Krichbaum. &#8220;But naturally, we need Poland as a Central European partner and ally.&#8221; <\/p>\n<p>&#8220;Nothing will move forward in Europe if Germany and France don\u2019t pull together. Together with Poland, we are now setting decisive impulses for the EU,&#8221; Krichbaum added. <\/p>\n<p>Keller, the security expert at the DGAP, said that Germany has &#8220;a very special significance&#8221; because it is strategically located, and has the largest population and is the wealthiest country in Europe. <\/p>\n<p>Nevertheless, Germany must, like other European nations, &#8220;rapidly acquire more military capabilities&#8221;, Keller told Euronews.<\/p>\n<p>Although a large-scale invasion is not the likeliest scenario for Germany and Central Europe, the expert warned of &#8220;pinpricks that become increasingly toxic and severe&#8221;, referring to the potential sabotage of energy supplies as well as damage caused by Russian drones.<\/p>\n<p>&#8220;We need to prepare for these now,&#8221; he said, arguing that Germany should improve its ability to detect drones and develop capabilities to intercept and neutralise them. <\/p>\n<p>&#8220;The equipment of the Bundeswehr [the German army] and police is not yet where it should be,&#8221; he said. &#8220;Much remains to be done.&#8221; <\/p>\n<p>Keller also stressed that German ammunition reserves were depleted and needed to be built up again. <\/p>\n<p>&#8220;We thought we were in a time of eternal peace in a united, liberated Europe surrounded by friends \u2014 a historically unprecedented, almost paradisiacal situation for Germany,&#8221; Keller explained. &#8220;We did not see how this had not taken hold elsewhere in the world.&#8221;<\/p>\n<p>&#8220;We were under American protection and felt comfortable. Instead, we invested in education and our welfare state. But those times are over,&#8221; Keller said. &#8220;We must now catch up on what we refused to consider possible for 25 years.&#8221;<\/p>\n<p>The challenge of joint European projects<\/p>\n<p>State Minister Krichbaum spoke of the need for Europe to expand its sovereignty through &#8220;joint projects&#8221;. <\/p>\n<p>He mentioned several that are currently underway, including the Future Combat Air System (FCAS), which is focused on developing a new fighter jet, and the Main Ground Combat System (MGCS), which aims to replace the Leopard 2 tank. <\/p>\n<p>&#8220;Ideally, we want to solve these projects together,&#8221; Krichbaum told Euronews.<\/p>\n<p>&#8220;We must move beyond the fragmentation of numerous European weapons systems and coordinate much better,&#8221; he said. <\/p>\n<p>The experts said the challenge was in prioritising European cooperation over national ambitions.<\/p>\n<p>This discrepancy is evident in FCAS, the billion-euro German-French fighter jet project, according to Krichbaum. <\/p>\n<p>&#8220;Recently, the French industry demanded about 80% of the project share, which was originally discussed differently. We must now see how to move forward,&#8221; he said. <\/p>\n<p>Keller also discussed the issue. &#8220;Especially Dassault, the French company, believes it can build the future fighter jet alone and does not need German involvement. This attitude is growing stronger in France,&#8221; he said. <\/p>\n<p>Cooperation seems better in other projects like MGCS, the &#8220;tank of the future&#8221;, Keller added. <\/p>\n<p>Both Keller and Krichbaum reiterated the strong need for unity. <\/p>\n<p>&#8220;It is essential to think about security and defence policy together in Europe, always within NATO. Only then can we preserve our deterrence capability,&#8221; Krichbaum said. <\/p>\n","protected":false},"excerpt":{"rendered":"ADVERTISEMENT Germany and its allies must act together quickly to bolster Europe&#8217;s military capabilities in the face of&hellip;\n","protected":false},"author":2,"featured_media":471310,"comment_status":"","ping_status":"","sticky":false,"template":"","format":"standard","meta":{"footnotes":""},"categories":[5310],"tags":[2595,34,2000,299,1945,146788,1824,332,156954],"class_list":{"0":"post-471309","1":"post","2":"type-post","3":"status-publish","4":"format-standard","5":"has-post-thumbnail","7":"category-germany","8":"tag-drones","9":"tag-emmanuel-macron","10":"tag-eu","11":"tag-europe","12":"tag-friedrich-merz","13":"tag-german-reunification","14":"tag-germany","15":"tag-russia","16":"tag-saarland"},"share_on_mastodon":{"url":"https:\/\/pubeurope.com\/@uk\/115310765438749331","error":""},"_links":{"self":[{"href":"https:\/\/www.europesays.com\/uk\/wp-json\/wp\/v2\/posts\/471309","targetHints":{"allow":["GET"]}}],"collection":[{"href":"https:\/\/www.europesays.com\/uk\/wp-json\/wp\/v2\/posts"}],"about":[{"href":"https:\/\/www.europesays.com\/uk\/wp-json\/wp\/v2\/types\/post"}],"author":[{"embeddable":true,"href":"https:\/\/www.europesays.com\/uk\/wp-json\/wp\/v2\/users\/2"}],"replies":[{"embeddable":true,"href":"https:\/\/www.europesays.com\/uk\/wp-json\/wp\/v2\/comments?post=471309"}],"version-history":[{"count":0,"href":"https:\/\/www.europesays.com\/uk\/wp-json\/wp\/v2\/posts\/471309\/revisions"}],"wp:featuredmedia":[{"embeddable":true,"href":"https:\/\/www.europesays.com\/uk\/wp-json\/wp\/v2\/media\/471310"}],"wp:attachment":[{"href":"https:\/\/www.europesays.com\/uk\/wp-json\/wp\/v2\/media?parent=471309"}],"wp:term":[{"taxonomy":"category","embeddable":true,"href":"https:\/\/www.europesays.com\/uk\/wp-json\/wp\/v2\/categories?post=471309"},{"taxonomy":"post_tag","embeddable":true,"href":"https:\/\/www.europesays.com\/uk\/wp-json\/wp\/v2\/tags?post=471309"}],"curies":[{"name":"wp","href":"https:\/\/api.w.org\/{rel}","templated":true}]}}