{"id":478847,"date":"2025-10-06T20:16:10","date_gmt":"2025-10-06T20:16:10","guid":{"rendered":"https:\/\/www.europesays.com\/uk\/478847\/"},"modified":"2025-10-06T20:16:10","modified_gmt":"2025-10-06T20:16:10","slug":"czech-elections-babis-will-pave-his-own-way-in-the-eu-observers-say","status":"publish","type":"post","link":"https:\/\/www.europesays.com\/uk\/478847\/","title":{"rendered":"Czech elections: Babi\u0161 will pave his own way in the EU, observers say"},"content":{"rendered":"<p>          <img decoding=\"async\" class=\"c-ad__placeholder__logo\" src=\"https:\/\/static.euronews.com\/website\/images\/logos\/logo-euronews-stacked-outlined-72x72-grey-9.svg\" width=\"72\" height=\"72\" alt=\"\" loading=\"lazy\"\/><br \/>\n          ADVERTISEMENT<\/p>\n<p>Czech billionaire businessman Andrej Babi\u0161 is expected to move to form a government in Prague after his catch-all <a href=\"https:\/\/www.euronews.com\/video\/2025\/10\/04\/andrej-babis-ano-movement-set-to-win-czech-parliamentary-elections\" target=\"_blank\" rel=\"noopener\"><strong>ANO party won 35 % of the votes at the general elections<\/strong><\/a><strong>,<\/strong> in a significant political shift for central and eastern Europe as well as the EU as a whole.<\/p>\n<p>Babi\u0161 does not have a majority alone in the parliament, and he is likely to open coalition talks with the anti-Green Deal Motorists for Themselves and the anti-immigrant Freedom and Direct Democracy party, or attempt to form a minority government.<\/p>\n<p>The European political scene is now gauging to what extent the former Czech prime minister\u2019s election campaign statements and political views will turn into concrete action and in which direction.<\/p>\n<p>Euronews reached out to political analyst Ji\u0159\u00ed Pehe, the director of the New York University in Prague, and to D\u00e1niel Heged\u0171s, the regional director of the German Marshall Fund of the US, to discuss the potential shift in EU-Czech relations in case of Babi\u0161 becoming the Czech Republic&#8217;s new prime minister. <\/p>\n<p>&#8216;No Czexit in sight, more anti-EU rhetoric expected&#8217;<\/p>\n<p>Both experts said that, despite calls from the far right for a referendum on the country&#8217;s EU and NATO membership, Babi\u0161 is committed to maintaining the <a href=\"https:\/\/www.euronews.com\/video\/2025\/10\/05\/babis-pledges-loyalty-to-europe-as-czech-coalition-talks-begin\" target=\"_blank\" rel=\"noopener\">euro-Atlantic ties. <\/a><\/p>\n<p>&#8220;Babi\u0161 has said very clearly that he does not want to leave the European Union and NATO, and he&#8217;s even refusing a referendum on Czexit and on leaving NATO, which really puts him on a collision course with the Freedom and Direct Democracy Party, which is demanding a referendum,&#8221; Ji\u0159\u00ed Pehe said. <\/p>\n<p>Pehe sees the politician to be more pragmatic in the European Union than Hungary&#8217;s PM Viktor Orb\u00e1n or Slovakia&#8217;s Robert Fico. He reminded that Babi\u0161 has many companies in western Europe which receive EU subsidies. <\/p>\n<p>&#8220;He doesn&#8217;t want to go into an open war with the European Union. So we will probably see a lot of anti-EU rhetoric and criticism at home, but when he goes to Brussels, he will not create the same kinds of conflict that we see in the  case of Orb\u00e1n, for example,&#8221; Pehe said.<\/p>\n<p>Heged\u0171s agreed that Babi\u0161 will insist on his country&#8217;s membership in the EU and NATO, adding that the Czech politician has no far-right mindset.  <\/p>\n<p>&#8220;Babi\u0161 is not necessarily someone with very pro-Russian or pro-Chinese policies. He&#8217;s not an ideologue. He doesn&#8217;t even necessarily have a far-right mindset,&#8221; Heged\u0171s said. <\/p>\n<p>In Heged\u0171s&#8217; words, Babi\u0161 is &#8220;a populist entrepreneur, both in a political and business sense, and most of his business interests are in western Europe.&#8221;<\/p>\n<p>President Petr Pavel, who must approve the future cabinet according to Czech law, has already stated that he will not endorse any ministers questioning the country&#8217;s EU membership.  <\/p>\n<p>A possible Orb\u00e1n-Babi\u0161 axis to challenge Brussels<\/p>\n<p>Hungary&#8217;s right-wing, eurosceptic PM Orb\u00e1n welcomed Babi\u0161&#8217; election victory. The two politicians are friends and political allies, and their parties sit in the same European Parliament political group, Patriots for Europe (PfE).<\/p>\n<p>If Babi\u0161 succeeds in forming a government, the PfE would have two prime ministers at the European Council. <\/p>\n<p>Heged\u0171s estimated that the expectations that Babi\u0161 could form a central European alliance with Orb\u00e1n and Slovakia&#8217;s Fico to slow down future EU decision-making are half-guaranteed. <\/p>\n<p>&#8220;Of course, we know that Babi\u0161 has a critical position about certain EU policies, particularly the EU accession of Ukraine, providing further support to the country,&#8221;  Heged\u0171s said.<\/p>\n<p>&#8220;Or the exiting of internal combustion engine cars by 2035. So there will be a certain blockade expected from the Czech side,&#8221; he added. <\/p>\n<p>Pehe stated that Babi\u0161 could also emulate Orb\u00e1n&#8217;s tactics to curb the independence of the Czech public broadcaster, but the comparison stops here, as Pehe does not think &#8220;he can go as far as Orb\u00e1n or Fico.&#8221;  <\/p>\n<p>Yet, according to Pehe, Babis could protect his ally Orb\u00e1n from potential sanctions with his veto. <\/p>\n<p>&#8220;As for his cooperation with Orb\u00e1n, yes, he has confessed for a long time that Orb\u00e1n is his ally and that he is inspired by Orb\u00e1n,&#8221; Pehe said. <\/p>\n<p>&#8220;But certainly, if there were a vote in the European Council on for example, suspending the voting rights of Hungary, where you need unanimity, Babi\u0161 would block it.&#8221;<\/p>\n<p>Support for Ukraine likely to remain a priority<\/p>\n<p>Pehe said Babi\u0161 is unlikely to follow Orb\u00e1n&#8217;s stance on Russia and Ukraine and would support further sanctions against Moscow, and that Babi\u0161 is clearly not anti-Kyiv.<\/p>\n<p>&#8220;Babi\u0161 is not anti-Ukrainian,&#8221; Pehe stated. <\/p>\n<p>&#8220;I think he basically used the Ukrainian card mainly to attract a certain segment of voters when he was saying: &#8216;We should not be spending so much on Ukraine because we need the money for our own people&#8217; So that was basically a populist call, but at the same time, he is not overly pro-Russian,&#8221; he explained.<\/p>\n<p>As Prague has already stopped Russian energy imports, Babi\u0161 as prime minister would now have a free rein over his policies when it comes to Russia. Furthermore, he is expected to be more pragmatic with Czech decisions on Ukraine. <\/p>\n<p>&#8220;During the electoral campaign, he was saying he wants to cancel the Czech Ammunition Initiative of the outgoing government. But now it seems that he is changing his tone, and he says, well, maybe we don&#8217;t have to cancel it, maybe just change it,&#8221; Pehe said.<\/p>\n<p>&#8220;And this is typical Babi\u0161, because he now sees that there may be an opportunity for him and for his companies as well,&#8221; he explained.<\/p>\n<p>Heged\u0171s agreed on this point of ammunition support for Ukraine, expecting a pragmatic decision from Prague, as the scheme could benefit Czech industries. <\/p>\n<p>&#8220;The Czech ammunition industry and defence industry are benefiting a lot from these purchases in the framework of this ammunition scheme,&#8221; he said. &#8220;And Babi\u0161 being a businessman, I could hardly imagine the Czech Republic completely drawn from that setup.&#8221; <\/p>\n<p>&#8220;It might be the case that the Czech budget is not dedicating extra resources, and I don&#8217;t see why, actually, Babi\u0161 would break that very fruitful business scheme for the Czech defence sector,&#8221; Heged\u0171s stated.<\/p>\n<p>EU&#8217;s Green Deal to be criticised as well<\/p>\n<p>Another area where the Czech Republic could be more critical of the EU is the Green Deal, which aims to phase out internal combustion car production by 2035. <\/p>\n<p>&#8220;We consider the importance of the car industry for the Czech economy, representing approximately 10% of the country&#8217;s GDP and 25% of its exports,&#8221; Pehe said. <\/p>\n<p>&#8220;Then we can understand why it&#8217;s becoming such a central issue for a part of the Czech population as well.&#8221;<\/p>\n<p>&#8220;However, from an individual perspective, what I would add is that this is not necessarily what would keep the Czech car industry competitive in the future,&#8221; Pehe explained, adding that most of the car manufacturers in the country are producing electric cars.<\/p>\n<p>Earlier, Europe&#8217;s largest carmakers lobbied the European Commission<a href=\"https:\/\/www.euronews.com\/my-europe\/2025\/09\/08\/car-industry-seeks-eu-life-support-from-near-death-experience\" target=\"_blank\" rel=\"noopener\"> to water down <\/a>the rules coming their way in 2035. <\/p>\n","protected":false},"excerpt":{"rendered":"ADVERTISEMENT Czech billionaire businessman Andrej Babi\u0161 is expected to move to form a government in Prague after his&hellip;\n","protected":false},"author":2,"featured_media":478848,"comment_status":"","ping_status":"","sticky":false,"template":"","format":"standard","meta":{"footnotes":""},"categories":[5174],"tags":[71115,19832,2000,299,5187,1699],"class_list":{"0":"post-478847","1":"post","2":"type-post","3":"status-publish","4":"format-standard","5":"has-post-thumbnail","7":"category-eu","8":"tag-andrej-babis","9":"tag-czechia","10":"tag-eu","11":"tag-europe","12":"tag-european","13":"tag-european-union"},"share_on_mastodon":{"url":"","error":""},"_links":{"self":[{"href":"https:\/\/www.europesays.com\/uk\/wp-json\/wp\/v2\/posts\/478847","targetHints":{"allow":["GET"]}}],"collection":[{"href":"https:\/\/www.europesays.com\/uk\/wp-json\/wp\/v2\/posts"}],"about":[{"href":"https:\/\/www.europesays.com\/uk\/wp-json\/wp\/v2\/types\/post"}],"author":[{"embeddable":true,"href":"https:\/\/www.europesays.com\/uk\/wp-json\/wp\/v2\/users\/2"}],"replies":[{"embeddable":true,"href":"https:\/\/www.europesays.com\/uk\/wp-json\/wp\/v2\/comments?post=478847"}],"version-history":[{"count":0,"href":"https:\/\/www.europesays.com\/uk\/wp-json\/wp\/v2\/posts\/478847\/revisions"}],"wp:featuredmedia":[{"embeddable":true,"href":"https:\/\/www.europesays.com\/uk\/wp-json\/wp\/v2\/media\/478848"}],"wp:attachment":[{"href":"https:\/\/www.europesays.com\/uk\/wp-json\/wp\/v2\/media?parent=478847"}],"wp:term":[{"taxonomy":"category","embeddable":true,"href":"https:\/\/www.europesays.com\/uk\/wp-json\/wp\/v2\/categories?post=478847"},{"taxonomy":"post_tag","embeddable":true,"href":"https:\/\/www.europesays.com\/uk\/wp-json\/wp\/v2\/tags?post=478847"}],"curies":[{"name":"wp","href":"https:\/\/api.w.org\/{rel}","templated":true}]}}