{"id":481186,"date":"2025-10-07T20:33:12","date_gmt":"2025-10-07T20:33:12","guid":{"rendered":"https:\/\/www.europesays.com\/uk\/481186\/"},"modified":"2025-10-07T20:33:12","modified_gmt":"2025-10-07T20:33:12","slug":"eu-to-match-u-s-steel-tariffs-raising-angst-among-u-k-companies","status":"publish","type":"post","link":"https:\/\/www.europesays.com\/uk\/481186\/","title":{"rendered":"EU to match U.S. steel tariffs, raising angst among U.K. companies"},"content":{"rendered":"<p>Stephane Sejourne, European Commission&#8217;s executive vice-president for prosperity and industrial strategy, said Tuesday during a press conference that a move to raise EU steel tariffs is an effort to protect the steel industry in Europe. Photo by Christophe Petit Tesson\/EPA<\/p>\n<p>Oct. 7 (UPI) &#8212; The European Union has announced it will match President <a href=\"https:\/\/www.upi.com\/topic\/Donald_Trump\/\" target=\"_blank\" title=\"Donald Trump\" class=\"tpstyle\" rel=\"noopener\">Donald Trump<\/a>&#8216;s tariffs on steel, causing the United Kingdom&#8217;s steel industry to quake.<\/p>\n<p>The new tariffs would cause a crisis in the U.K. steel industry, as 80% of British exports are to the EU, according to a lobbying group representing the sector. Unions said the tariffs could kill the industry, The Guardian <a href=\"https:\/\/www.theguardian.com\/business\/2025\/oct\/07\/eu-plan-to-match-trump-steel-tariffs-spurs-existential-threat-to-uk-steel-industry\" target=\"_blank\" rel=\"noopener\">reported<\/a>.\n<\/p>\n<p>The European Commission&#8217;s plan would sharply cut the amount of steel that can be imported to the EU without tariffs to 18.3 million tons a year, an almost 50% drop, and would almost double the tariff rate to 50%.<\/p>\n<p>The EU&#8217;s goal is to cut down on global overcapacity, which brings cheap steel from China and hurts steel jobs in Europe, the New York Times <a href=\"https:\/\/www.nytimes.com\/2025\/10\/07\/business\/eu-steel-tariffs-quotas.html\" target=\"_blank\" rel=\"noopener\">reported<\/a>. It is also a reaction to Trump&#8217;s tariffs on EU steel, which could increase the likelihood that global producers will send their steel to Europe, flooding the market.\n<\/p>\n<p>&#8220;Global overcapacity is damaging our industry,&#8221; European Commission President Ursula von der Leyen said in a statement.<\/p>\n<p>&#8220;We have global overcapacity, unfair competition, state aid, and undercutting in prices, and we are reacting to that,&#8221; St\u00e9phane S\u00e9journ\u00e9, the European Commission&#8217;s executive vice president for prosperity and industrial strategy, <a href=\"https:\/\/www.bbc.com\/news\/articles\/cwy875px79po#:~:text=We%20have%20global%20over%20capacity\" target=\"_blank\" rel=\"noopener\">said at a news conference<\/a> at the European Parliament in Strasbourg, France. &#8220;Eighteen thousand jobs were lost in the steel sector in 2024. That&#8217;s too many, and we had to put a stop to that.\n<\/p>\n<p>&#8220;The European steel industry was on the verge of collapse &#8212; we are protecting it so that it can invest, decarbonize, and become competitive again,&#8221; S\u00e9journ\u00e9 said.<\/p>\n<p>U.K. Prime Minister Keir Starmer told reporters during a flight to India that officials were in discussions with the EU about the tariffs, according to The Guardian.<\/p>\n<p>&#8220;In relation to the question of tariffs or other measures, as you&#8217;d expect, we are in discussions with the EU about this, as we&#8217;re in discussions with the U.S. about it,&#8221; Starmer said. &#8220;So I&#8217;ll be able to tell you more in due course, but we are in discussions as you&#8217;d expect.&#8221;<\/p>\n<p>The U.K. government took control of Chinese-owned plants in Scunthorpe, England, earlier this year, while Liberty Steel plants in Rotherham and Stocksbridge, England, fell into government control last month.<\/p>\n<p>U.K. industry minister Chris McDonald said it was &#8220;vital&#8221; to &#8220;protect trade flows between the U.K. and EU&#8221; and that he would meet with industry leaders on Thursday. He said he was &#8220;pushing the European Commission for urgent clarification of the impact of this move on the U.K.&#8221;<\/p>\n<p>Charlotte Brumpton-Childs, U.K. national officer with the GMB trade union, called the tariffs a &#8220;hammer blow&#8221; that &#8220;could end steelmaking in the U.K. if safeguards aren&#8217;t secured,&#8221; according to The Guardian.<\/p>\n","protected":false},"excerpt":{"rendered":"Stephane Sejourne, European Commission&#8217;s executive vice-president for prosperity and industrial strategy, said Tuesday during a press conference that&hellip;\n","protected":false},"author":2,"featured_media":481187,"comment_status":"","ping_status":"","sticky":false,"template":"","format":"standard","meta":{"footnotes":""},"categories":[3,4],"tags":[748,51,32,393,4884,1144,285,712,14,1017,16,15,1764],"class_list":{"0":"post-481186","1":"post","2":"type-post","3":"status-publish","4":"format-standard","5":"has-post-thumbnail","7":"category-uk","8":"category-united-kingdom","9":"tag-britain","10":"tag-business","11":"tag-donald-trump","12":"tag-england","13":"tag-great-britain","14":"tag-northern-ireland","15":"tag-politics","16":"tag-scotland","17":"tag-top-stories","18":"tag-u-s","19":"tag-uk","20":"tag-united-kingdom","21":"tag-wales"},"share_on_mastodon":{"url":"https:\/\/pubeurope.com\/@uk\/115334795116292246","error":""},"_links":{"self":[{"href":"https:\/\/www.europesays.com\/uk\/wp-json\/wp\/v2\/posts\/481186","targetHints":{"allow":["GET"]}}],"collection":[{"href":"https:\/\/www.europesays.com\/uk\/wp-json\/wp\/v2\/posts"}],"about":[{"href":"https:\/\/www.europesays.com\/uk\/wp-json\/wp\/v2\/types\/post"}],"author":[{"embeddable":true,"href":"https:\/\/www.europesays.com\/uk\/wp-json\/wp\/v2\/users\/2"}],"replies":[{"embeddable":true,"href":"https:\/\/www.europesays.com\/uk\/wp-json\/wp\/v2\/comments?post=481186"}],"version-history":[{"count":0,"href":"https:\/\/www.europesays.com\/uk\/wp-json\/wp\/v2\/posts\/481186\/revisions"}],"wp:featuredmedia":[{"embeddable":true,"href":"https:\/\/www.europesays.com\/uk\/wp-json\/wp\/v2\/media\/481187"}],"wp:attachment":[{"href":"https:\/\/www.europesays.com\/uk\/wp-json\/wp\/v2\/media?parent=481186"}],"wp:term":[{"taxonomy":"category","embeddable":true,"href":"https:\/\/www.europesays.com\/uk\/wp-json\/wp\/v2\/categories?post=481186"},{"taxonomy":"post_tag","embeddable":true,"href":"https:\/\/www.europesays.com\/uk\/wp-json\/wp\/v2\/tags?post=481186"}],"curies":[{"name":"wp","href":"https:\/\/api.w.org\/{rel}","templated":true}]}}