{"id":487094,"date":"2025-10-10T01:24:16","date_gmt":"2025-10-10T01:24:16","guid":{"rendered":"https:\/\/www.europesays.com\/uk\/487094\/"},"modified":"2025-10-10T01:24:16","modified_gmt":"2025-10-10T01:24:16","slug":"germany-u21-updates-nurnbergs-tim-drexler-and-dynamo-dresdens-julian-pauli-earn-late-call-ups","status":"publish","type":"post","link":"https:\/\/www.europesays.com\/uk\/487094\/","title":{"rendered":"Germany U21 updates\u00a0|\u00a0N\u00fcrnberg&#8217;s Tim Drexler and Dynamo Dresden&#8217;s Julian Pauli earn late call-ups"},"content":{"rendered":"<p>\t\t\t\t\t5<\/p>\n<p>With Eintracht Frankfurt defender Nnamdi Collins still struggling with illness, Germany U21 head coach Antonio Di Salvo has opted to invoke his privilege to call up two more players for his team\u2019s two qualifying matches.<\/p>\n<p><a href=\"https:\/\/www.getfootballnewsgermany.com\/2025\/germany-u21-updates-three-players-depart-camp-injured-dennis-seimen-and-tom-bischof-guaranteed-starts\/\" target=\"_blank\" rel=\"noopener\">No further call ups were planned despite the fact that three players departed camp injured this week.<\/a> The fact that Collins might now mist both matches nevertheless forced Di Salvo\u2019s hand.\u00a0<\/p>\n<p>FC N\u00fcrnberg fullback Tim Drexler and Dynamo Dresden centre-back Julian Pauli are on their way from the Germany U20s, who are actually not currently participating in the ongoing FIFA U20 World Cup in Chile. Neither Drexler nor Pauli (both 20) have been capped at U21 level before.<\/p>\n<p>Di Salvo is already without Brighton\u2019s Brajan Grada, Union Berlin\u2019s Aljoscha Kemlein, and Hertha\u2019s Linus Gechter. Eintracht Frankfurt fullback Elias Baum and Dynamo Dresden midfielder Kofi Amoako have been called up to replace Kemlein and Gechter.\u00a0<\/p>\n<p>Di Salvo explained his reasoning at a Thursday press event, explaining that missing too many players left him unable to run 11-aside training sessions. Collins remains eligible, but the squad still looks rather different than <a href=\"https:\/\/www.getfootballnewsgermany.com\/2025\/october-international-break-talking-points-from-the-germany-u21-squad-selection\/\" target=\"_blank\" rel=\"noopener\">it did seven days ago.<\/a><\/p>\n<p>The Full squad<\/p>\n<p><b>Goalkeepers:<\/b><\/p>\n<p>Dennis Seimen (SC Paderborn), Max Wei\u00df (FC Burnley), Leon-Oumar Wechsel (GKS Tychy)<\/p>\n<p><b>Defenders:<\/b><\/p>\n<p>Hendry Blank (Hannover 96), Nnamdi Collins (Eintracht Frankfurt), Julian Pauli (Dynamo Dresden), Tim Drexler (1. FC N\u00fcrnberg), Leandro Morgalla (VfL Bochum), Joshua Quarshie (FC Southampton), Tom Rothe (Union Berlin), Elias Baum (Eintracht Frankfurt), Lukas Ullrich (Borussia M\u00f6nchengladbach)<\/p>\n<p><b>Midfielders:<\/b><\/p>\n<p>Noel Aseko Nkili (Hannover 96), Muhammmed Damar (TSG Hoffenheim), Said El Mala (1. FC K\u00f6ln), Kofi Amoako (Dynamo Dresden), Mert K\u00f6m\u00fcr (FC Augsburg), Paul Wanner (PSV Eindhoven), Tom Bischof (Bayern Munich), Assan Ou\u00e9draogo (RB Leipzig)<\/p>\n<p><b>Forwards:<\/b><\/p>\n<p>Ilyas Ansah (Union Berlin), Dzenan Pejcinovic (VfL Wolfsburg), Nicolo Tresoldi (Club Brugge), Nelson Weiper (Mainz 05)<\/p>\n<p style=\"font-weight: 400\"><a href=\"https:\/\/www.getfootballnewsgermany.com\/\" target=\"_blank\" rel=\"noopener\">GGFN<\/a>\u00a0|\u00a0<a href=\"https:\/\/x.com\/PeterVicey\"><strong>Peter Weis<\/strong><\/a><\/p>\n","protected":false},"excerpt":{"rendered":"5 With Eintracht Frankfurt defender Nnamdi Collins still struggling with illness, Germany U21 head coach Antonio Di Salvo&hellip;\n","protected":false},"author":2,"featured_media":487095,"comment_status":"","ping_status":"","sticky":false,"template":"","format":"standard","meta":{"footnotes":""},"categories":[5310],"tags":[2000,299,1824],"class_list":{"0":"post-487094","1":"post","2":"type-post","3":"status-publish","4":"format-standard","5":"has-post-thumbnail","7":"category-germany","8":"tag-eu","9":"tag-europe","10":"tag-germany"},"share_on_mastodon":{"url":"https:\/\/pubeurope.com\/@uk\/115347263663167697","error":""},"_links":{"self":[{"href":"https:\/\/www.europesays.com\/uk\/wp-json\/wp\/v2\/posts\/487094","targetHints":{"allow":["GET"]}}],"collection":[{"href":"https:\/\/www.europesays.com\/uk\/wp-json\/wp\/v2\/posts"}],"about":[{"href":"https:\/\/www.europesays.com\/uk\/wp-json\/wp\/v2\/types\/post"}],"author":[{"embeddable":true,"href":"https:\/\/www.europesays.com\/uk\/wp-json\/wp\/v2\/users\/2"}],"replies":[{"embeddable":true,"href":"https:\/\/www.europesays.com\/uk\/wp-json\/wp\/v2\/comments?post=487094"}],"version-history":[{"count":0,"href":"https:\/\/www.europesays.com\/uk\/wp-json\/wp\/v2\/posts\/487094\/revisions"}],"wp:featuredmedia":[{"embeddable":true,"href":"https:\/\/www.europesays.com\/uk\/wp-json\/wp\/v2\/media\/487095"}],"wp:attachment":[{"href":"https:\/\/www.europesays.com\/uk\/wp-json\/wp\/v2\/media?parent=487094"}],"wp:term":[{"taxonomy":"category","embeddable":true,"href":"https:\/\/www.europesays.com\/uk\/wp-json\/wp\/v2\/categories?post=487094"},{"taxonomy":"post_tag","embeddable":true,"href":"https:\/\/www.europesays.com\/uk\/wp-json\/wp\/v2\/tags?post=487094"}],"curies":[{"name":"wp","href":"https:\/\/api.w.org\/{rel}","templated":true}]}}