{"id":487767,"date":"2025-10-10T07:38:11","date_gmt":"2025-10-10T07:38:11","guid":{"rendered":"https:\/\/www.europesays.com\/uk\/487767\/"},"modified":"2025-10-10T07:38:11","modified_gmt":"2025-10-10T07:38:11","slug":"why-is-ousmane-dembele-not-playing-for-france-in-october","status":"publish","type":"post","link":"https:\/\/www.europesays.com\/uk\/487767\/","title":{"rendered":"Why Is Ousmane Demb\u00e9l\u00e9 Not Playing for France in October?"},"content":{"rendered":"<p class=\"tagStyle_1mfvp8o-o_O-style_mxvz7o-o_O-style_12bse5w-o_O-style_6s3kpz\" data-mm-id=\"_u1s9liqn8\">France continue their 2026 FIFA World Cup qualification campaign during the October international break but will have to cope without their Ballon d&#8217;Or winner Ousmane Demb\u00e9l\u00e9. <\/p>\n<p class=\"tagStyle_1mfvp8o-o_O-style_mxvz7o-o_O-style_12bse5w-o_O-style_6s3kpz\" data-mm-id=\"_1oy4185n8\">Les Bleus were victorious in their first two qualifiers during the September break, beating Ukraine and Iceland to edge towards next summer\u2019s tournament. <\/p>\n<p class=\"tagStyle_1mfvp8o-o_O-style_mxvz7o-o_O-style_12bse5w-o_O-style_6s3kpz\" data-mm-id=\"_dln32f0y2\">They have the opportunity to maintain their perfect record when they host Azerbaijan and then visit Iceland, but Didier Deschamps is unable to call upon Paris Saint-Germain star Demb\u00e9le for crucial clashes. <\/p>\n<p class=\"tagStyle_1mfvp8o-o_O-style_mxvz7o-o_O-style_12bse5w-o_O-style_6s3kpz\" data-mm-id=\"_r055y09tv\">But why is the versatile forward missing for France? <\/p>\n<blockquote class=\"mm-content-embed\" data-type=\"StoryLink\" data-embed-name=\"US Newsletter\" data-call-to-action=\"FREE NEWSLETTER\" data-text=\"Sign Up to Get Informed With SI FC (US Only)\" data-theme=\"dark\" data-url=\"https:\/\/www.si.com\/newsletter-soccer\">\n<p lang=\"en\" dir=\"ltr\">US Newsletter. Sign Up to Get Informed With SI FC (US Only). dark. FREE NEWSLETTER<\/p>\n<\/blockquote>\n<p><img class=\"base_1emrqjj-o_O-initial_fzbddc-o_O-style_1a1csmw\" alt=\"Ousmane Demb\u00e9l\u00e9\" title=\"Ousmane Demb\u00e9l\u00e9\"\/><\/p>\n<p>Demb\u00e9l\u00e9 suffered an injury on international duty last month. \/ Mateusz Slodkowski\/Getty Images<\/p>\n<p class=\"tagStyle_1mfvp8o-o_O-style_mxvz7o-o_O-style_12bse5w-o_O-style_6s3kpz\" data-mm-id=\"_anxt08qyp\">Demb\u00e9l\u00e9 will miss France\u2019s October matches due to a hamstring injury sustained while representing his country in September. The 28-year-old featured in the 2\u20130 win over Ukraine last month, replacing injured clubmate D\u00e9sir\u00e9 Dou\u00e9, but was substituted himself in the 81st minute. <\/p>\n<p class=\"tagStyle_1mfvp8o-o_O-style_mxvz7o-o_O-style_12bse5w-o_O-style_6s3kpz\" data-mm-id=\"_3vvh7xru2\">PSG were left furious with the France Football Federation and released a strongly-worded statement in September criticising their conduct in regards to injuries suffered by Dou\u00e9 and Demb\u00e9l\u00e9.<\/p>\n<p class=\"tagStyle_1mfvp8o-o_O-style_mxvz7o-o_O-style_12bse5w-o_O-style_6s3kpz\" data-mm-id=\"_ii93n9i5r\">The<a class=\"tagStyle_1mfvp8o-o_O-style_aoxits\" href=\"https:\/\/www.psg.fr\/content\/le-paris-saint-germain-appelle-a-la-mise-en-place-dun-nouveau-protocole-de-coordination-medico-sportive-entre-clubs-et-selection-nationale\" rel=\"nofollow noopener\" target=\"_blank\"> statement<\/a> read: \u201cFollowing the confirmation of injuries to its players called up to the French national team, Ousmane Demb\u00e9l\u00e9 and D\u00e9sir\u00e9 Dou\u00e9\u2014with significant sporting consequences for the players and the club\u2014Paris Saint-Germain sent a letter to the French Football Federation urgently calling for a new medical-sports coordination protocol between clubs and the national team, more transparent and collaborative, to make the health of players and their medical support an absolute priority.<\/p>\n<p class=\"tagStyle_1mfvp8o-o_O-style_mxvz7o-o_O-style_12bse5w-o_O-style_6s3kpz\" data-mm-id=\"_wi9zxdytm\">\u201cParis Saint-Germain, which monitors its players\u2019 medical needs throughout the year and has access to precise and detailed information, had provided the Federation with concrete medical information, even before the start of the French national team\u2019s training session, on the workload its players could bear and the risk of injury. <\/p>\n<p class=\"tagStyle_1mfvp8o-o_O-style_mxvz7o-o_O-style_12bse5w-o_O-style_6s3kpz\" data-mm-id=\"_oly1rrkzb\">\u201cThe club deplores the fact that these medical recommendations were not taken into account by the French national team\u2019s medical staff, as well as the total lack of consultation and consultation with its medical teams.\u201d<\/p>\n<p class=\"tagStyle_1mfvp8o-o_O-style_mxvz7o-o_O-style_12bse5w-o_O-style_6s3kpz\" data-mm-id=\"_ihr6wupzf\">Demb\u00e9l\u00e9 is still missing with the injury sustained during last month\u2019s qualifiers and has missed six matches for the European champions since\u2014including one against his former employers Barcelona. <\/p>\n<p><img class=\"base_1emrqjj-o_O-initial_fzbddc-o_O-style_1a1csmw\" alt=\"Ousman\u00e9 Demb\u00e9l\u00e9\" title=\"Ousman\u00e9 Demb\u00e9l\u00e9\"\/><\/p>\n<p>Demb\u00e9l\u00e9 is closing in on a return. \/ Catherine Steenkeste\/Getty Images<\/p>\n<p class=\"tagStyle_1mfvp8o-o_O-style_mxvz7o-o_O-style_12bse5w-o_O-style_6s3kpz\" data-mm-id=\"_vf5jpp1hr\">Demb\u00e9l\u00e9 was given a recovery timeframe of approximately six weeks and could make his comeback after the October internationals. PSG return to action on Friday, Oct. 17 when they host Strasbourg in Ligue 1 and their leading attacker could be available in some capacity for the fixture. <\/p>\n<p class=\"tagStyle_1mfvp8o-o_O-style_mxvz7o-o_O-style_12bse5w-o_O-style_6s3kpz\" data-mm-id=\"_xxa7mhlso\">PSG will likely be cautious with Demb\u00e9l\u00e9\u2019s re-integration but have a hectic schedule during the remainder of October. After Strasbourg\u2019s visit, they visit Bayer Leverkusen in the Champions League before league matches at Brest and Lorient before the end of the month.<\/p>\n<p class=\"tagStyle_1mfvp8o-o_O-style_mxvz7o-o_O-style_12bse5w-o_O-style_6s3kpz\" data-mm-id=\"_jbcoy3ifr\">Demb\u00e9l\u00e9 appears likely to feature at some point in October, but his exact return date remains uncertain. <\/p>\n<p>READ THE LATEST SOCCER NEWS, TRANSFER RUMORS AND MATCH REACTION<\/p>\n","protected":false},"excerpt":{"rendered":"France continue their 2026 FIFA World Cup qualification campaign during the October international break but will have to&hellip;\n","protected":false},"author":2,"featured_media":487768,"comment_status":"","ping_status":"","sticky":false,"template":"","format":"standard","meta":{"footnotes":""},"categories":[5309],"tags":[2000,299,36],"class_list":{"0":"post-487767","1":"post","2":"type-post","3":"status-publish","4":"format-standard","5":"has-post-thumbnail","7":"category-france","8":"tag-eu","9":"tag-europe","10":"tag-france"},"share_on_mastodon":{"url":"","error":""},"_links":{"self":[{"href":"https:\/\/www.europesays.com\/uk\/wp-json\/wp\/v2\/posts\/487767","targetHints":{"allow":["GET"]}}],"collection":[{"href":"https:\/\/www.europesays.com\/uk\/wp-json\/wp\/v2\/posts"}],"about":[{"href":"https:\/\/www.europesays.com\/uk\/wp-json\/wp\/v2\/types\/post"}],"author":[{"embeddable":true,"href":"https:\/\/www.europesays.com\/uk\/wp-json\/wp\/v2\/users\/2"}],"replies":[{"embeddable":true,"href":"https:\/\/www.europesays.com\/uk\/wp-json\/wp\/v2\/comments?post=487767"}],"version-history":[{"count":0,"href":"https:\/\/www.europesays.com\/uk\/wp-json\/wp\/v2\/posts\/487767\/revisions"}],"wp:featuredmedia":[{"embeddable":true,"href":"https:\/\/www.europesays.com\/uk\/wp-json\/wp\/v2\/media\/487768"}],"wp:attachment":[{"href":"https:\/\/www.europesays.com\/uk\/wp-json\/wp\/v2\/media?parent=487767"}],"wp:term":[{"taxonomy":"category","embeddable":true,"href":"https:\/\/www.europesays.com\/uk\/wp-json\/wp\/v2\/categories?post=487767"},{"taxonomy":"post_tag","embeddable":true,"href":"https:\/\/www.europesays.com\/uk\/wp-json\/wp\/v2\/tags?post=487767"}],"curies":[{"name":"wp","href":"https:\/\/api.w.org\/{rel}","templated":true}]}}