{"id":490947,"date":"2025-10-11T12:17:15","date_gmt":"2025-10-11T12:17:15","guid":{"rendered":"https:\/\/www.europesays.com\/uk\/490947\/"},"modified":"2025-10-11T12:17:15","modified_gmt":"2025-10-11T12:17:15","slug":"ilkay-gundogan-makes-brutal-galatasaray-demand-after-man-city-exit","status":"publish","type":"post","link":"https:\/\/www.europesays.com\/uk\/490947\/","title":{"rendered":"Ilkay Gundogan makes brutal Galatasaray demand after Man City exit"},"content":{"rendered":"<p>Former Manchester City midfielder Ilkay Gundogan has made his mark on and off the pitch with new club Galatasaray<img decoding=\"async\" src=\"https:\/\/www.europesays.com\/uk\/wp-content\/uploads\/2025\/10\/0_GettyImages-2238397129.jpg\" alt=\"ISTANBUL, TURKEY - SEPTEMBER 30: \u0130lkay G\u00fcndo\u011fan of Galatasaray A.S. in action with Virgil van Dijk of Liverpool FC during the UEFA Champions League 2025\/26 League Phase MD2 match between Galatasaray A.S. and Liverpool FC at Ali Sami Yen Spor Kompleksi on September 30, 2025 in Istanbul, Turkey. (Photo by Samet Yalcin\/ dia images via Getty Images)\" loading=\"eager\"  \/>Ilkay Gundogan helped Galatasaray to beat Liverpool in the Champions League<\/p>\n<p class=\"Paragraph_paragraph-text__PVKlh \" data-tmdatatrack=\"content-unit\" data-tmdatatrack-type=\"paragraph\" publication=\"men\">Ilkay Gundogan has wasted no time in making his mark at Galatasaray after leaving <a class=\"TextLink_text-link__dBSS0 TextLink_enabled__dJF3l\" href=\"https:\/\/www.manchestereveningnews.co.uk\/all-about\/manchester-city-fc\" target=\"\" aria-label=\"\" tabindex=\"0\" rel=\"noopener\">Manchester City<\/a>.<\/p>\n<p class=\"Paragraph_paragraph-text__PVKlh \" data-tmdatatrack=\"content-unit\" data-tmdatatrack-type=\"paragraph\" publication=\"men\">The German midfielder was keen on staying at the Etihad this season after triggering a one-year contract extension with the number of games he played in last year. However, with <a class=\"TextLink_text-link__dBSS0 TextLink_enabled__dJF3l\" href=\"https:\/\/www.manchestereveningnews.co.uk\/all-about\/pep-guardiola\" target=\"\" aria-label=\"\" tabindex=\"0\" rel=\"noopener\">Pep Guardiola<\/a> wanting to cut down his squad Gundogan did not play a single minute of the first three City games and sorted a move to Galatasaray in early September.<\/p>\n<p class=\"Paragraph_paragraph-text__PVKlh \" data-tmdatatrack=\"content-unit\" data-tmdatatrack-type=\"paragraph\" publication=\"men\">In Istanbul he has settled instantly, starting six of seven games for the Turkish giants and coming off the bench in the other one. He was in the XI that beat <a class=\"TextLink_text-link__dBSS0 TextLink_enabled__dJF3l\" href=\"https:\/\/www.manchestereveningnews.co.uk\/all-about\/liverpool-fc\" target=\"\" aria-label=\"\" tabindex=\"0\" rel=\"noopener\">Liverpool<\/a> in the <a class=\"TextLink_text-link__dBSS0 TextLink_enabled__dJF3l\" href=\"https:\/\/www.manchestereveningnews.co.uk\/all-about\/uefa-champions-league\" target=\"\" aria-label=\"\" tabindex=\"0\" rel=\"noopener\">Champions League<\/a> a few weeks ago and he will be back at the Etihad in January for their last group game.<\/p>\n<p class=\"Paragraph_paragraph-text__PVKlh \" data-tmdatatrack=\"content-unit\" data-tmdatatrack-type=\"paragraph\" publication=\"men\">It isn&#8217;t just on the pitch that Gundogan has stamped his authority. BILD <a class=\"TextLink_text-link__dBSS0 TextLink_enabled__dJF3l\" href=\"https:\/\/sportbild.bild.de\/fussball\/internationaler-fussball\/ilkay-guendogan-verbietet-das-bei-galatasaray-klare-ansage-des-ex-dfb-kapitaens-68e8f777310b2a8e3e9725ce\" target=\"_self\" aria-label=\"\" tabindex=\"0\" rel=\"noopener\">report that the 34-year-old<\/a> was so horrified to see a jar of Nutella in the Galatasaray canteen that he ordered it to be thrown out.<\/p>\n<p class=\"Paragraph_paragraph-text__PVKlh \" data-tmdatatrack=\"content-unit\" data-tmdatatrack-type=\"paragraph\" publication=\"men\">Gundogan has not had sugar in his diet for years and does not eat anything after 8pm in an effort to keep playing at the highest level for as long as he can. The midfielder was one of the players most used by Guardiola last season despite an injury crisis running through the squad and said in summer he believes he can keep going for years.<\/p>\n<p class=\"Paragraph_paragraph-text__PVKlh \" data-tmdatatrack=\"content-unit\" data-tmdatatrack-type=\"paragraph\" publication=\"men\">On leaving City, Gundogan wrote an open letter to supporters in the Manchester Evening News thanking them for their support and the club for agreeing to rip up his contract so that he could join Galtasaray without any problems.<\/p>\n<p class=\"Paragraph_paragraph-text__PVKlh \" data-tmdatatrack=\"content-unit\" data-tmdatatrack-type=\"paragraph\" publication=\"men\">&#8220;Making this final step away from Manchester feels very hard, but I completely respect that the club wants to enter a new chapter. But on the other side I still feel very good and ready to play as many games as possible &#8211; that&#8217;s why I decided to move on,&#8221; he said.<\/p>\n<p class=\"Paragraph_paragraph-text__PVKlh \" data-tmdatatrack=\"content-unit\" data-tmdatatrack-type=\"paragraph\" publication=\"men\">&#8220;I get the opportunity to play again for a Champions League club \u2013 but not just any Champions League club \u2013 no, for my favourite club from childhood days!<\/p>\n<p class=\"Paragraph_paragraph-text__PVKlh \" data-tmdatatrack=\"content-unit\" data-tmdatatrack-type=\"paragraph\" publication=\"men\">&#8220;Manchester City has always acted with incredible professionalism and ambition, and I will never forget what this club has done for me over all these years. Even now they stuck to our gentleman agreement and made the departure without any complications possible &#8211; this is not always given these days in football.<\/p>\n<p class=\"Paragraph_paragraph-text__PVKlh \" data-tmdatatrack=\"content-unit\" data-tmdatatrack-type=\"paragraph\" publication=\"men\">&#8220;Looking back, most of my time here has been filled with joy, success, and unforgettable memories. Together, we\u2019ve achieved things I\u2019ll cherish forever and I\u2019ll always be proud to have played my part in this journey.&#8221;<\/p>\n<p class=\"Paragraph_paragraph-text__PVKlh \" data-tmdatatrack=\"content-unit\" data-tmdatatrack-type=\"paragraph\" publication=\"men\">&#8212;<\/p>\n<p class=\"Paragraph_paragraph-text__PVKlh \" data-tmdatatrack=\"content-unit\" data-tmdatatrack-type=\"paragraph\" publication=\"men\">Here at the Manchester Evening News, we\u2019re dedicated to bringing you the best Manchester City coverage and analysis.<\/p>\n<p class=\"Paragraph_paragraph-text__PVKlh \" data-tmdatatrack=\"content-unit\" data-tmdatatrack-type=\"paragraph\" publication=\"men\">Make sure you don\u2019t miss out on the latest City news by joining our free WhatsApp group. You can get all the breaking news and best analysis sent straight to your phone by clicking <a class=\"TextLink_text-link__dBSS0 TextLink_enabled__dJF3l\" href=\"https:\/\/chat.whatsapp.com\/KFbyQiILzrM6NIEa76Moy7\" target=\"_blank\" aria-label=\"[object Object]Link opens in a new tab.\" tabindex=\"0\" rel=\"noopener\">here<\/a> to subscribe.<\/p>\n<p class=\"Paragraph_paragraph-text__PVKlh \" data-tmdatatrack=\"content-unit\" data-tmdatatrack-type=\"paragraph\" publication=\"men\">You can also subscribe to our free newsletter service. Click <a class=\"TextLink_text-link__dBSS0 TextLink_enabled__dJF3l\" href=\"https:\/\/www.manchestereveningnews.co.uk\/newsletter-preference-centre\/?view=Solus&amp;mailingListId=0a51ba11-acfb-4945-b41a-16893319d494&amp;utm_source=solusarticle\" target=\"\" aria-label=\"\" tabindex=\"0\" rel=\"noopener\">here<\/a> to be sent all the day\u2019s biggest stories.<\/p>\n<p class=\"Paragraph_paragraph-text__PVKlh \" data-tmdatatrack=\"content-unit\" data-tmdatatrack-type=\"paragraph\" publication=\"men\">And finally, if you\u2019d rather listen to our expert analysis then make sure to check out our Talking City podcast. Our shows are available on all podcast platforms, including <a class=\"TextLink_text-link__dBSS0 TextLink_enabled__dJF3l\" href=\"https:\/\/open.spotify.com\/show\/6XtmZeu522aayn2YtC4IRx\" target=\"_blank\" aria-label=\"[object Object]Link opens in a new tab.\" tabindex=\"0\" rel=\"noopener\">Spotify<\/a> and <a class=\"TextLink_text-link__dBSS0 TextLink_enabled__dJF3l\" href=\"https:\/\/go.skimresources.com?id=76202X1528180&amp;xs=1&amp;url=https%3A%2F%2Fpodcasts.apple.com%2Fgb%2Fpodcast%2Ftalking-city-manchester-city-podcast%2Fid1264578379&amp;sref=https%3A%2F%2Fwww.manchestereveningnews.co.uk%2Fsport%2Ffootball%2Fman-city-could-use-forgotten-32440275\" target=\"_blank\" aria-label=\"[object Object]Link opens in a new tab.\" tabindex=\"0\" rel=\"noopener\">Apple Podcasts<\/a>, and you can also watch along on <a class=\"TextLink_text-link__dBSS0 TextLink_enabled__dJF3l\" href=\"https:\/\/www.youtube.com\/channel\/UCPcS5SnmGPOpETZ3IlvH5Sw\" target=\"_blank\" aria-label=\"[object Object]Link opens in a new tab.\" tabindex=\"0\" rel=\"noopener\">YouTube<\/a>.<\/p>\n","protected":false},"excerpt":{"rendered":"Former Manchester City midfielder Ilkay Gundogan has made his mark on and off the pitch with new club&hellip;\n","protected":false},"author":2,"featured_media":490948,"comment_status":"","ping_status":"","sticky":false,"template":"","format":"standard","meta":{"footnotes":""},"categories":[8813],"tags":[748,393,4884,27190,2465,1036,16,15],"class_list":{"0":"post-490947","1":"post","2":"type-post","3":"status-publish","4":"format-standard","5":"has-post-thumbnail","7":"category-manchester","8":"tag-britain","9":"tag-england","10":"tag-great-britain","11":"tag-ilkay-gundogan","12":"tag-manchester","13":"tag-manchester-city-fc","14":"tag-uk","15":"tag-united-kingdom"},"share_on_mastodon":{"url":"","error":""},"_links":{"self":[{"href":"https:\/\/www.europesays.com\/uk\/wp-json\/wp\/v2\/posts\/490947","targetHints":{"allow":["GET"]}}],"collection":[{"href":"https:\/\/www.europesays.com\/uk\/wp-json\/wp\/v2\/posts"}],"about":[{"href":"https:\/\/www.europesays.com\/uk\/wp-json\/wp\/v2\/types\/post"}],"author":[{"embeddable":true,"href":"https:\/\/www.europesays.com\/uk\/wp-json\/wp\/v2\/users\/2"}],"replies":[{"embeddable":true,"href":"https:\/\/www.europesays.com\/uk\/wp-json\/wp\/v2\/comments?post=490947"}],"version-history":[{"count":0,"href":"https:\/\/www.europesays.com\/uk\/wp-json\/wp\/v2\/posts\/490947\/revisions"}],"wp:featuredmedia":[{"embeddable":true,"href":"https:\/\/www.europesays.com\/uk\/wp-json\/wp\/v2\/media\/490948"}],"wp:attachment":[{"href":"https:\/\/www.europesays.com\/uk\/wp-json\/wp\/v2\/media?parent=490947"}],"wp:term":[{"taxonomy":"category","embeddable":true,"href":"https:\/\/www.europesays.com\/uk\/wp-json\/wp\/v2\/categories?post=490947"},{"taxonomy":"post_tag","embeddable":true,"href":"https:\/\/www.europesays.com\/uk\/wp-json\/wp\/v2\/tags?post=490947"}],"curies":[{"name":"wp","href":"https:\/\/api.w.org\/{rel}","templated":true}]}}