{"id":492307,"date":"2025-10-12T00:39:17","date_gmt":"2025-10-12T00:39:17","guid":{"rendered":"https:\/\/www.europesays.com\/uk\/492307\/"},"modified":"2025-10-12T00:39:17","modified_gmt":"2025-10-12T00:39:17","slug":"colombia-qualifies-to-the-u-20-world-cup-semi-finals","status":"publish","type":"post","link":"https:\/\/www.europesays.com\/uk\/492307\/","title":{"rendered":"Colombia Qualifies to the U-20 World Cup Semi Finals"},"content":{"rendered":"<p><img fetchpriority=\"high\" decoding=\"async\" width=\"1024\" height=\"672\" src=\"https:\/\/www.europesays.com\/uk\/wp-content\/uploads\/2025\/10\/colombia_panama_copa_america_2024_football_game_match_Medellin_tienda_society_crowd_national_team_pa.jpeg\" alt=\"Colombia Spain World Cup\"  \/><\/p>\n<p><a href=\"https:\/\/colombiaone.com\/colombia-news\/\" data-internallinksmanager029f6b8e52c=\"1\" title=\"Colombia news\" target=\"_blank\" rel=\"noopener\">Colombia<\/a> met Spain on Saturday and secured a spot in the semifinals of the U-20 World Cup for the first time since 2003. Credit: AP\/ColombiaOne<\/p>\n<p>Colombia has qualified to the U-20 World Cup semifinals after beating Spain 3-2 thanks to a hattrick by Neyser Villareal. This is the first time Colombia has reached this round since 2003, when a generation that included Abel Aguilar advanced to the semis. They will face the winners of the quarter finals game between Mexico and Argentina for a spot in the U-20 World Cup final.<\/p>\n<p>Coach Cesar Torres said his side, unbeaten through the tournament, is playing with ambition and balance as  his team broke a 22-year barrier. \u201cWe want to be true to our style,\u00a0pressure, intensity, and the ability to recover the ball quickly,\u201d Torres said, adding that the target remains the \u201cseventh match,\u201d the final.<\/p>\n<p>Colombia advanced to the quarterfinals after topping Group F with five points,\u00a0 a 1-0 win over Saudi Arabia, a 0-0 draw with Norway, and a 1-1 draw with Nigeria, and then beating South Africa 3-1 in the round of 16. Joel Canchimbo opened that win in the seventh minute, and Neyser Villarreal, the attack\u2019s form player and a leading scorer in the South American stage, added a second-half brace.<\/p>\n<p>Lineups for Colombia\u2019s quarter-final match against Spain in the U-20 World Cup\u00a0<\/p>\n<p>Colombia (4-3-3): Jordan Garc\u00eda; Carlos Sarabia, Juli\u00e1n Baz\u00e1n, Yeimar Mosquera, Juan Arizala; Elkin Rivero, Kener Gonzalez, Jordan Barrera; Joel Canchimbo, Oscar Perea, <a href=\"https:\/\/colombiaone.com\/2025\/02\/22\/colombia-athletes-2025\/\" target=\"_blank\" rel=\"noopener\">Neiser Villarreal<\/a>. Coach: Cesar Torres.<\/p>\n<p>Spain: Fran Gonzalez; Julio Diaz, Andr\u00e9s Cuenca, Izan Merino, Jesus Fortea; Thiago Pitarch, Rayyane Belaid, Rodrigo Mendoza; Jan Vigili, Iker Bravo, Pablo Garcia. Coach: Paco Gallardo.<\/p>\n<p>Simon Garcia, was the main absent for Colombia\u2019s Game against Spain\u00a0<\/p>\n<p>Torres must cope with one confirmed absence: Simon Garcia is suspended after accumulating yellow cards, forcing a likely change in central defense with Weimar Vivas or Julian Bazan in contention to start. <a href=\"https:\/\/colombiaone.com\/2024\/08\/23\/colombia-squad-world-cup\/\" target=\"_blank\" rel=\"noopener\">Colombia\u2019s<\/a> staff express confidence in the group\u2019s depth and collective work.<\/p>\n<p>Spain, coached by Paco Gallardo, arrived as one of the tournament\u2019s most technically gifted sides despite a disappointing group phase. La Roja recovered from an opening defeat by Morocco to draw with Mexico and then post wins over Brazil and Ukraine. Their lineup features players from top Spanish clubs, including <a href=\"https:\/\/colombiaone.com\/2024\/06\/01\/real-madrid-champions-league-winners\/\" target=\"_blank\" rel=\"noopener\">Real Madrid <\/a>and Atletico Madrid, and a possession-based approach with attacking fullbacks.<\/p>\n<p>The Colombian staff expect a tactical battle. Midfielder Kener Gonzalez is projected to provide balance in the center while Joel Canchimbo, Oscar Perea on the left and <a href=\"https:\/\/x.com\/FCFSeleccionCol\/status\/1977060030072426867\">Neiser Villarreal<\/a> lead the attack. Torres has stressed both pressing intensity and moments of direct play as keys to unsettling the Spanish game. The winner will face the victor of Mexico vs. Argentina in the semifinals.<\/p>\n","protected":false},"excerpt":{"rendered":"Colombia met Spain on Saturday and secured a spot in the semifinals of the U-20 World Cup for&hellip;\n","protected":false},"author":2,"featured_media":492308,"comment_status":"","ping_status":"","sticky":false,"template":"","format":"standard","meta":{"footnotes":""},"categories":[5312],"tags":[162246,2000,299,162247,82808,104,79,162248],"class_list":{"0":"post-492307","1":"post","2":"type-post","3":"status-publish","4":"format-standard","5":"has-post-thumbnail","7":"category-spain","8":"tag-colombian-football","9":"tag-eu","10":"tag-europe","11":"tag-neiser-villareal","12":"tag-newsfeed","13":"tag-spain","14":"tag-sports","15":"tag-sports-u-20-fifa-world-cup"},"share_on_mastodon":{"url":"https:\/\/pubeurope.com\/@uk\/115358412047919887","error":""},"_links":{"self":[{"href":"https:\/\/www.europesays.com\/uk\/wp-json\/wp\/v2\/posts\/492307","targetHints":{"allow":["GET"]}}],"collection":[{"href":"https:\/\/www.europesays.com\/uk\/wp-json\/wp\/v2\/posts"}],"about":[{"href":"https:\/\/www.europesays.com\/uk\/wp-json\/wp\/v2\/types\/post"}],"author":[{"embeddable":true,"href":"https:\/\/www.europesays.com\/uk\/wp-json\/wp\/v2\/users\/2"}],"replies":[{"embeddable":true,"href":"https:\/\/www.europesays.com\/uk\/wp-json\/wp\/v2\/comments?post=492307"}],"version-history":[{"count":0,"href":"https:\/\/www.europesays.com\/uk\/wp-json\/wp\/v2\/posts\/492307\/revisions"}],"wp:featuredmedia":[{"embeddable":true,"href":"https:\/\/www.europesays.com\/uk\/wp-json\/wp\/v2\/media\/492308"}],"wp:attachment":[{"href":"https:\/\/www.europesays.com\/uk\/wp-json\/wp\/v2\/media?parent=492307"}],"wp:term":[{"taxonomy":"category","embeddable":true,"href":"https:\/\/www.europesays.com\/uk\/wp-json\/wp\/v2\/categories?post=492307"},{"taxonomy":"post_tag","embeddable":true,"href":"https:\/\/www.europesays.com\/uk\/wp-json\/wp\/v2\/tags?post=492307"}],"curies":[{"name":"wp","href":"https:\/\/api.w.org\/{rel}","templated":true}]}}