{"id":492315,"date":"2025-10-12T00:43:11","date_gmt":"2025-10-12T00:43:11","guid":{"rendered":"https:\/\/www.europesays.com\/uk\/492315\/"},"modified":"2025-10-12T00:43:11","modified_gmt":"2025-10-12T00:43:11","slug":"nagelsmann-explains-bayern-and-dortmund-blocks-in-germany-national-team","status":"publish","type":"post","link":"https:\/\/www.europesays.com\/uk\/492315\/","title":{"rendered":"Nagelsmann explains Bayern and Dortmund blocks in Germany national team"},"content":{"rendered":"<p class=\"duet--article--dangerously-set-cms-markup duet--article--standard-paragraph _1nfb3k4i _16w9vov1 _16w9vov0 ls9zuh1\">Borussia Dortmund and Bayern Munich have had a history of providing the biggest contingents of Germany players since around 2010. The likes of Mario G\u00f6tze, \u0130lkay G\u00fcndo\u011fan, Marco Reus, Mats Hummels and Sven Bender (anyone remember the Bender brothers?) would compete against the likes of Mario Gomez, Phillip Lahm, Manuel Neuer and Bastian Schweinsteiger in league play but would have to work together when international fixtures rolled around. It makes sense, too. These were the two best teams in the Bundesliga during that time.<\/p>\n<p class=\"duet--article--dangerously-set-cms-markup duet--article--standard-paragraph _1nfb3k4i _16w9vov1 _16w9vov0 ls9zuh1\">But when Julian Nagelsmann joined as head coach, he notably ditched those old structures. Less Bayern and Dortmund players were called up and played while other German clubs experienced the opposite fortune. At one point, Bayern only had two first team players in the Germany squad. Meanwhile, the likes of VfB Stuttgart and Eintracht Frankfurt started providing more and more German internationals. It looked like Nagelsmann was going a fresh, bold direction with his Germany squads.<\/p>\n<p class=\"duet--article--dangerously-set-cms-markup duet--article--standard-paragraph _1nfb3k4i _16w9vov1 _16w9vov0 ls9zuh1\">But we are right back where we started, with Bayern and Dortmund again fielding the most international players to Germany. When asked about the many Bayern players in the squad, Nagelsmann had this to say: \u201cRight now we have the biggest blocks in the team from Bayern and Dortmund. Bayern are having an outstanding season. Of course players like [Harry] Kane and [Michael] Olise have a very important role, but the German players are also important,\u201d the former Bayern head coach explained, as captured by <a href=\"https:\/\/x.com\/iMiaSanMia\/status\/1976761521280893277\">@iMiaSanMia<\/a>. \u201cAleks [Pavlovic] has been playing more lately. Jona [Tah] needed some time but has now become more stable. Josh [Kimmich] has been playing at the same high level for years.\u201d<\/p>\n<p class=\"duet--article--dangerously-set-cms-markup duet--article--standard-paragraph _1nfb3k4i _16w9vov1 _16w9vov0 ls9zuh1\">Ultimately, what club players play for can matter (being club teammates helps build chemistry) but Nagelsmann has only been looking to nominate the most deserving players. Of course, Germany had significant Bayern and Dortmund contingents in 2014. Clearly, this can work.<\/p>\n<p class=\"duet--article--dangerously-set-cms-markup duet--article--standard-paragraph _1nfb3k4i _16w9vov1 _16w9vov0 ls9zuh1\">Germany was in need of a good performance and Luxembourg was the right squad for the moment.<\/p>\n<p class=\"duet--article--dangerously-set-cms-markup duet--article--standard-paragraph _1nfb3k4i _16w9vov1 _16w9vov0 ls9zuh1\">The team spirit appeared to be much higher than the last international where the German were flat and the renewed energy helped power the team to a 4-0 victory. An early red card played a massive role in the outcome, but Germany likely would have rolled easily even without being a man-up for three quarters of the match.<\/p>\n<p class=\"duet--article--dangerously-set-cms-markup duet--article--standard-paragraph _1nfb3k4i _16w9vov1 _16w9vov0 ls9zuh1\">Let\u2019s dive into all of the details from the match on this edition of the Bavarian Podcast Works \u2014 Postgame Show! This is what we have on tap:<\/p>\n<p class=\"duet--article--dangerously-set-cms-markup duet--article--standard-paragraph _1nfb3k4i _16w9vov1 _16w9vov0 ls9zuh1\">Also, be sure to stay tuned to Bavarian Podcast Works for all of your up to date coverage on Bayern Munich and Germany. Check us out on <a href=\"https:\/\/www.patreon.com\/BavarianPodcastWorks\" target=\"_blank\" rel=\"noopener\"><strong>Patreon<\/strong><\/a> and follow us on Twitter @BavarianFBWorks, @BavarianPodcast @TheBarrelBlog, @BFWCyler, @2012nonexistent, @TommyAdams71 and more.<\/p>\n","protected":false},"excerpt":{"rendered":"Borussia Dortmund and Bayern Munich have had a history of providing the biggest contingents of Germany players since&hellip;\n","protected":false},"author":2,"featured_media":492316,"comment_status":"","ping_status":"","sticky":false,"template":"","format":"standard","meta":{"footnotes":""},"categories":[5310],"tags":[2000,299,129072,1824],"class_list":{"0":"post-492315","1":"post","2":"type-post","3":"status-publish","4":"format-standard","5":"has-post-thumbnail","7":"category-germany","8":"tag-eu","9":"tag-europe","10":"tag-german-national-team-and-international-soccer","11":"tag-germany"},"share_on_mastodon":{"url":"https:\/\/pubeurope.com\/@uk\/115358427086745906","error":""},"_links":{"self":[{"href":"https:\/\/www.europesays.com\/uk\/wp-json\/wp\/v2\/posts\/492315","targetHints":{"allow":["GET"]}}],"collection":[{"href":"https:\/\/www.europesays.com\/uk\/wp-json\/wp\/v2\/posts"}],"about":[{"href":"https:\/\/www.europesays.com\/uk\/wp-json\/wp\/v2\/types\/post"}],"author":[{"embeddable":true,"href":"https:\/\/www.europesays.com\/uk\/wp-json\/wp\/v2\/users\/2"}],"replies":[{"embeddable":true,"href":"https:\/\/www.europesays.com\/uk\/wp-json\/wp\/v2\/comments?post=492315"}],"version-history":[{"count":0,"href":"https:\/\/www.europesays.com\/uk\/wp-json\/wp\/v2\/posts\/492315\/revisions"}],"wp:featuredmedia":[{"embeddable":true,"href":"https:\/\/www.europesays.com\/uk\/wp-json\/wp\/v2\/media\/492316"}],"wp:attachment":[{"href":"https:\/\/www.europesays.com\/uk\/wp-json\/wp\/v2\/media?parent=492315"}],"wp:term":[{"taxonomy":"category","embeddable":true,"href":"https:\/\/www.europesays.com\/uk\/wp-json\/wp\/v2\/categories?post=492315"},{"taxonomy":"post_tag","embeddable":true,"href":"https:\/\/www.europesays.com\/uk\/wp-json\/wp\/v2\/tags?post=492315"}],"curies":[{"name":"wp","href":"https:\/\/api.w.org\/{rel}","templated":true}]}}