{"id":493438,"date":"2025-10-12T11:20:37","date_gmt":"2025-10-12T11:20:37","guid":{"rendered":"https:\/\/www.europesays.com\/uk\/493438\/"},"modified":"2025-10-12T11:20:37","modified_gmt":"2025-10-12T11:20:37","slug":"born-in-germany-chose-to-play-for-turkey-children-of-working-class-families-became-national-heroes","status":"publish","type":"post","link":"https:\/\/www.europesays.com\/uk\/493438\/","title":{"rendered":"Born in Germany, chose to play for Turkey \u2013 Children of working-class families became national heroes"},"content":{"rendered":"<p>60 players and counting\u00a0<\/p>\n<p>                                    <img decoding=\"async\" src=\"https:\/\/www.europesays.com\/uk\/wp-content\/uploads\/2025\/10\/super-lig-1760010638-179929.png\" title=\"Born in Germany, chose to play for Turkey \u2013 Children of working-class families became national heroes\" alt=\"Born in Germany, chose to play for Turkey \u2013 Children of working-class families became national heroes\"\/><\/p>\n<p>\n                                       \u00a9TM\/IMAGO\n                                    <\/p>\n<p>The wave of migration that began with the labour agreement signed between Turkey and Germany in 1961 was not limited to factory workers. Today, their children and grandchildren, despite being born in <a title=\"T\u00fcrkiye\" href=\"https:\/\/www.transfermarkt.com\/t-rkiye\/startseite\/verein\/3381\" target=\"_blank\" rel=\"noopener\">Germany,<\/a> take to the field wearing <a title=\"T\u00fcrkiye\" href=\"https:\/\/www.transfermarkt.com\/t-rkiye\/startseite\/verein\/3381\" target=\"_blank\" rel=\"noopener\">the Turkey national team jersey<\/a>. We have compiled a list of footballers who were born in Germany but chose to play for the Turkish national team. To date, more than 60 footballers have taken to the field for Turkey, despite being born in different cities in Germany. On the list of approximately 63 footballers, the name that has worn the famous red jersey the most is <a title=\"Hakan \u00c7alhano\u011flu\" href=\"https:\/\/www.transfermarkt.com\/hakan--alhano-lu\/profil\/spieler\/126414\" target=\"_blank\" rel=\"noopener\">Hakan \u00c7alhano\u011flu,<\/a> born in Mannheim. He is followed by <a title=\"Hamit Alt\u0131ntop\" href=\"https:\/\/www.transfermarkt.com\/hamit-alt-ntop\/profil\/spieler\/1792\" target=\"_blank\" rel=\"noopener\">Hamit Alt\u0131ntop<\/a>, born in Gelsenkirchen, and <a title=\"Og\u00fcn Temizkano\u011flu\" href=\"https:\/\/www.transfermarkt.com\/og-n-temizkano-lu\/profil\/spieler\/6932\" target=\"_blank\" rel=\"noopener\">Og\u00fcn Temizkano\u011flu<\/a>, one of the unforgettable defenders of the 1990s.<\/p>\n<p><\/p>\n<p>\u00c7alhano\u011flu, despite growing up in Germany, became one of the most powerful figures who dedicated his heart to Turkey. The experienced footballer, who has worn the national jersey 99 times, is now emerging as the captain of Turkey. Alt\u0131ntop played 82 times for his country and was one of the few Turkish players to play for major European teams, both Bayern Munich and Real Madrid. His brother <a title=\"Halil Alt\u0131ntop\" href=\"https:\/\/www.transfermarkt.com\/halil-alt-ntop\/profil\/spieler\/1791\" target=\"_blank\" rel=\"noopener\">Halil Alt\u0131ntop<\/a> also managed to play for Turkey 38 times. Temizkano\u011flu, meanwhile, wore the Turkish jersey in 76 matches, leaving a lasting impression with his successful performances.<\/p>\n<p><\/p>\n<p>The contribution of German-born footballers to the national team began in the 1990s. In those years, <a title=\"Y\u0131ld\u0131ray Ba\u015ft\u00fcrk\" href=\"https:\/\/www.transfermarkt.com\/y-ld-ray-ba-t-rk\/profil\/spieler\/618\" target=\"_blank\" rel=\"noopener\">Y\u0131ld\u0131ray Ba\u015ft\u00fcrk<\/a>, <a title=\"Tayfur Havut\u00e7u\" href=\"https:\/\/www.transfermarkt.com\/tayfur-havut-u\/profil\/spieler\/6869\" target=\"_blank\" rel=\"noopener\">Tayfur Havut\u00e7u<\/a>, <a title=\"Tayfun Korkut\" href=\"https:\/\/www.transfermarkt.com\/tayfun-korkut\/profil\/spieler\/3376\" target=\"_blank\" rel=\"noopener\">Tayfun Korkut<\/a>, and <a title=\"\u00dcmit Davala\" href=\"https:\/\/www.transfermarkt.com\/-mit-davala\/profil\/spieler\/3381\" target=\"_blank\" rel=\"noopener\"> \u00dcmit Davala<\/a> were all raised in Germany and played for major Turkish clubs, taking on important roles. In the legendary squad that reached the semi-finals of the 2002 World Cup, Havut\u00e7u was also present alongside Davala and Ba\u015ft\u00fcrk. This generation went down in history as the first major wave of players born in Germany who played for Turkey.<\/p>\n<p><img loading=\"lazy\" decoding=\"async\" title=\"German-born Turkish national team\" src=\"https:\/\/www.europesays.com\/uk\/wp-content\/uploads\/2025\/10\/german-born-turkish-national-team-1760090935-180023.png\" alt=\"German-born Turkish national team\" width=\"503\" height=\"629\"\/><\/p>\n<p>From the mid-2000s onwards, Berlin-born <a title=\"Hakan Balta\" href=\"https:\/\/www.transfermarkt.com\/hakan-balta\/profil\/spieler\/29494\" target=\"_blank\" rel=\"noopener\">Hakan Balta<\/a> played for Galatasaray for many years and earned 50 caps. L\u00fcdencheid-born <a title=\"Nuri \u015eahin\" href=\"https:\/\/www.transfermarkt.com\/nuri--ahin\/profil\/spieler\/31095\" target=\"_blank\" rel=\"noopener\">Nuri \u015eahin<\/a> came through the Borussia Dortmund youth system and earned 52 caps for Turkey. <a title=\"Cenk Tosun\" href=\"https:\/\/www.transfermarkt.com\/cenk-tosun\/profil\/spieler\/45671\" target=\"_blank\" rel=\"noopener\">Cenk Tosun<\/a>, born in Wetzlar, who has played 53 times for his country, was born and raised in Germany, playing for Eintracht Frankfurt before returning to Turkey to star for Be\u015fikta\u015f. The striker then transferred to Premier League side Everton. Born in Gelsenkirchen, <a title=\"Kaan Ayhan\" href=\"https:\/\/www.transfermarkt.com\/kaan-ayhan\/profil\/spieler\/119031\" target=\"_blank\" rel=\"noopener\">Kaan Ayhan<\/a> played for Germany&#8217;s youth national teams before choosing to represent Turkey, earning 71 caps for the senior national team.<\/p>\n<p><\/p>\n<p>During the same period, <a title=\"G\u00f6khan T\u00f6re\" href=\"https:\/\/www.transfermarkt.com\/g-khan-t-re\/profil\/spieler\/82130\" target=\"_blank\" rel=\"noopener\">G\u00f6khan T\u00f6re<\/a>, <a title=\"\u00d6mer Toprak\" href=\"https:\/\/www.transfermarkt.com\/-mer-toprak\/profil\/spieler\/43512\" target=\"_blank\" rel=\"noopener\">\u00d6mer Toprak<\/a>, <a title=\"Olcay \u015eahan\" href=\"https:\/\/www.transfermarkt.com\/olcay--ahan\/profil\/spieler\/36200\" target=\"_blank\" rel=\"noopener\">Olcay \u015eahan<\/a>, <a title=\"Yunus Mall\u0131\" href=\"https:\/\/www.transfermarkt.com\/yunus-mall-\/profil\/spieler\/85352\" target=\"_blank\" rel=\"noopener\">Yunus Mall\u0131<\/a>, <a title=\"Serdar Dursun\" href=\"https:\/\/www.transfermarkt.com\/serdar-dursun\/profil\/spieler\/80059\" target=\"_blank\" rel=\"noopener\">Serdar Dursun<\/a> and <a title=\"Tolga Ci\u011ferci\" href=\"https:\/\/www.transfermarkt.com\/tolga-ci-erci\/profil\/spieler\/94199\" target=\"_blank\" rel=\"noopener\">Tolga Ci\u011ferci<\/a>, who were also born in Germany, played for Turkey. In subsequent years, Cologne-born <a title=\"Salih \u00d6zcan\" href=\"https:\/\/www.transfermarkt.com\/salih--zcan\/profil\/spieler\/244940\" target=\"_blank\" rel=\"noopener\">Salih \u00d6zcan<\/a> rose through the ranks with Dortmund and joined the Turkish national team. Alongside him, Stuttgart-born <a title=\"Kenan Karaman\" href=\"https:\/\/www.transfermarkt.com\/kenan-karaman\/profil\/spieler\/119557\" target=\"_blank\" rel=\"noopener\">Kenan Karaman<\/a> also fought for Turkey in the attacking line. One of the most notable names of this generation was the young star<a title=\"Kenan Y\u0131ld\u0131z\" href=\"https:\/\/www.transfermarkt.com\/kenan-y-ld-z\/profil\/spieler\/845654\" target=\"_blank\" rel=\"noopener\"> Kenan Y\u0131ld\u0131z<\/a>, who plys his trade at Juventus. With a market value of \u20ac75 million, Y\u0131ld\u0131z quickly became one of Turkey&#8217;s greatest attacking weapons. Similarly, young Frankfurt attacking midfielder <a title=\"Can Uzun\" href=\"https:\/\/www.transfermarkt.com\/can-uzun\/profil\/spieler\/816585\" target=\"_blank\" rel=\"noopener\">Can Uzun<\/a> also made it onto this list by choosing Turkey.<\/p>\n","protected":false},"excerpt":{"rendered":"60 players and counting\u00a0 \u00a9TM\/IMAGO The wave of migration that began with the labour agreement signed between Turkey&hellip;\n","protected":false},"author":2,"featured_media":493439,"comment_status":"","ping_status":"","sticky":false,"template":"","format":"standard","meta":{"footnotes":""},"categories":[5310],"tags":[2000,299,1824,162527,162530,162529,13882,162528,461],"class_list":{"0":"post-493438","1":"post","2":"type-post","3":"status-publish","4":"format-standard","5":"has-post-thumbnail","7":"category-germany","8":"tag-eu","9":"tag-europe","10":"tag-germany","11":"tag-hakan-calhanoglu","12":"tag-halil-altintop","13":"tag-hamit-altintop","14":"tag-kenan-yildiz","15":"tag-ogun-temizkanoglu","16":"tag-turkey"},"share_on_mastodon":{"url":"https:\/\/pubeurope.com\/@uk\/115360932456914743","error":""},"_links":{"self":[{"href":"https:\/\/www.europesays.com\/uk\/wp-json\/wp\/v2\/posts\/493438","targetHints":{"allow":["GET"]}}],"collection":[{"href":"https:\/\/www.europesays.com\/uk\/wp-json\/wp\/v2\/posts"}],"about":[{"href":"https:\/\/www.europesays.com\/uk\/wp-json\/wp\/v2\/types\/post"}],"author":[{"embeddable":true,"href":"https:\/\/www.europesays.com\/uk\/wp-json\/wp\/v2\/users\/2"}],"replies":[{"embeddable":true,"href":"https:\/\/www.europesays.com\/uk\/wp-json\/wp\/v2\/comments?post=493438"}],"version-history":[{"count":0,"href":"https:\/\/www.europesays.com\/uk\/wp-json\/wp\/v2\/posts\/493438\/revisions"}],"wp:featuredmedia":[{"embeddable":true,"href":"https:\/\/www.europesays.com\/uk\/wp-json\/wp\/v2\/media\/493439"}],"wp:attachment":[{"href":"https:\/\/www.europesays.com\/uk\/wp-json\/wp\/v2\/media?parent=493438"}],"wp:term":[{"taxonomy":"category","embeddable":true,"href":"https:\/\/www.europesays.com\/uk\/wp-json\/wp\/v2\/categories?post=493438"},{"taxonomy":"post_tag","embeddable":true,"href":"https:\/\/www.europesays.com\/uk\/wp-json\/wp\/v2\/tags?post=493438"}],"curies":[{"name":"wp","href":"https:\/\/api.w.org\/{rel}","templated":true}]}}