{"id":495755,"date":"2025-10-13T09:10:22","date_gmt":"2025-10-13T09:10:22","guid":{"rendered":"https:\/\/www.europesays.com\/uk\/495755\/"},"modified":"2025-10-13T09:10:22","modified_gmt":"2025-10-13T09:10:22","slug":"50-social-housing-units-de-peus-a-terra-i-el-cap-pels-nuvols-miel-arquitectos-marmolbravo-madhel","status":"publish","type":"post","link":"https:\/\/www.europesays.com\/uk\/495755\/","title":{"rendered":"50 Social Housing Units \u2013 DE PEUS A TERRA i el cap pels n\u00favols \/ Miel Arquitectos + MARMOLBRAVO + MADhel"},"content":{"rendered":"<p><a class=\"js-image-size__link \" href=\"https:\/\/www.archdaily.com\/1034936\/50-social-housing-units-de-peus-a-terra-i-el-cap-pels-nuvols-miel-arquitectos-plus-marmolbravo-plus-madhel\/68e3efd717f701018af877d1-50-social-housing-units-de-peus-a-terra-i-el-cap-pels-nuvols-miel-arquitectos-plus-marmolbravo-plus-madhel-photo\" rel=\"attachment noopener\" style=\"width: 100%; height: 100%;\" target=\"_blank\"><img decoding=\"async\" alt=\"50 Social Housing Units \u2013 DE PEUS A TERRA i el cap pels n\u00favols \/ Miel Arquitectos + MARMOLBRAVO + MADhel - Exterior Photography, Facade, Balcony\" data-nr-picture-id=\"68e3efd717f701018af877d1\" fetchpriority=\"high\" height=\"482\" itemprop=\"image\" loading=\"eager\" longdesc=\"https:\/\/www.archdaily.com\/1034936\/50-social-housing-units-de-peus-a-terra-i-el-cap-pels-nuvols-miel-arquitectos-plus-marmolbravo-plus-madhel\/68e3efd717f701018af877d1-50-social-housing-units-de-peus-a-terra-i-el-cap-pels-nuvols-miel-arquitectos-plus-marmolbravo-plus-madhel-photo\" src=\"https:\/\/www.europesays.com\/uk\/wp-content\/uploads\/2025\/10\/50-viviendas-sociales-de-peus-a-terra-i-el-cap-pels-nuvols-miel-arquitectos-plus-marmolbravo-plus-ma.jpeg\" style=\"min-height: var(--featured-height, auto); aspect-ratio: auto 640 \/ 482\" width=\"640\"\/><\/a>\u00a9 Jose Hevia<\/p>\n<p class=\"thumbs afd-desktop-e clearfix\"><a class=\"thumbs__link\" data-nr-picture-id=\"68e3efd617f701018af877d0\" href=\"https:\/\/www.archdaily.com\/1034936\/50-social-housing-units-de-peus-a-terra-i-el-cap-pels-nuvols-miel-arquitectos-plus-marmolbravo-plus-madhel\/68e3efd617f701018af877d0-50-social-housing-units-de-peus-a-terra-i-el-cap-pels-nuvols-miel-arquitectos-plus-marmolbravo-plus-madhel-photo\" rel=\"attachment noopener\" target=\"_blank\"><img loading=\"lazy\" decoding=\"async\" alt=\"50 Social Housing Units \u2013 DE PEUS A TERRA i el cap pels n\u00favols \/ Miel Arquitectos + MARMOLBRAVO + MADhel - Interior Photography, Balcony, Concrete\" class=\"thumbs__img b-lazy\" data-nr-picture-id=\"68e3efd617f701018af877d0\" data-pin-nopin=\"true\" src=\"https:\/\/www.europesays.com\/uk\/wp-content\/uploads\/2025\/10\/1760346616_709_50-viviendas-sociales-de-peus-a-terra-i-el-cap-pels-nuvols-miel-arquitectos-plus-marmolbravo-plus-ma.jpeg\" height=\"125\" longdesc=\"https:\/\/www.archdaily.com\/1034936\/50-social-housing-units-de-peus-a-terra-i-el-cap-pels-nuvols-miel-arquitectos-plus-marmolbravo-plus-madhel\/68e3efd617f701018af877d0-50-social-housing-units-de-peus-a-terra-i-el-cap-pels-nuvols-miel-arquitectos-plus-marmolbravo-plus-madhel-photo\" title=\"\u00a9 Jose Hevia\" width=\"125\"\/><\/a><a class=\"thumbs__link\" data-nr-picture-id=\"68e3efd717f701018af877d3\" href=\"https:\/\/www.archdaily.com\/1034936\/50-social-housing-units-de-peus-a-terra-i-el-cap-pels-nuvols-miel-arquitectos-plus-marmolbravo-plus-madhel\/68e3efd717f701018af877d3-50-social-housing-units-de-peus-a-terra-i-el-cap-pels-nuvols-miel-arquitectos-plus-marmolbravo-plus-madhel-photo\" rel=\"attachment noopener\" target=\"_blank\"><img loading=\"lazy\" decoding=\"async\" alt=\"50 Social Housing Units \u2013 DE PEUS A TERRA i el cap pels n\u00favols \/ Miel Arquitectos + MARMOLBRAVO + MADhel - Exterior Photography, Handrail, Balcony\" class=\"thumbs__img b-lazy\" data-nr-picture-id=\"68e3efd717f701018af877d3\" data-pin-nopin=\"true\" src=\"https:\/\/www.europesays.com\/uk\/wp-content\/uploads\/2025\/10\/1760346617_153_50-viviendas-sociales-de-peus-a-terra-i-el-cap-pels-nuvols-miel-arquitectos-plus-marmolbravo-plus-ma.jpeg\" height=\"125\" longdesc=\"https:\/\/www.archdaily.com\/1034936\/50-social-housing-units-de-peus-a-terra-i-el-cap-pels-nuvols-miel-arquitectos-plus-marmolbravo-plus-madhel\/68e3efd717f701018af877d3-50-social-housing-units-de-peus-a-terra-i-el-cap-pels-nuvols-miel-arquitectos-plus-marmolbravo-plus-madhel-photo\" title=\"\u00a9 Jose Hevia\" width=\"125\"\/><\/a><a class=\"thumbs__link\" data-nr-picture-id=\"68e3efd70e2f14018bccf4b3\" href=\"https:\/\/www.archdaily.com\/1034936\/50-social-housing-units-de-peus-a-terra-i-el-cap-pels-nuvols-miel-arquitectos-plus-marmolbravo-plus-madhel\/68e3efd70e2f14018bccf4b3-50-social-housing-units-de-peus-a-terra-i-el-cap-pels-nuvols-miel-arquitectos-plus-marmolbravo-plus-madhel-photo\" rel=\"attachment noopener\" target=\"_blank\"><img loading=\"lazy\" decoding=\"async\" alt=\"50 Social Housing Units \u2013 DE PEUS A TERRA i el cap pels n\u00favols \/ Miel Arquitectos + MARMOLBRAVO + MADhel - Interior Photography, Wood\" class=\"thumbs__img b-lazy\" data-nr-picture-id=\"68e3efd70e2f14018bccf4b3\" data-pin-nopin=\"true\" src=\"https:\/\/www.europesays.com\/uk\/wp-content\/uploads\/2025\/10\/1760346618_184_50-viviendas-sociales-de-peus-a-terra-i-el-cap-pels-nuvols-miel-arquitectos-plus-marmolbravo-plus-ma.jpeg\" height=\"125\" longdesc=\"https:\/\/www.archdaily.com\/1034936\/50-social-housing-units-de-peus-a-terra-i-el-cap-pels-nuvols-miel-arquitectos-plus-marmolbravo-plus-madhel\/68e3efd70e2f14018bccf4b3-50-social-housing-units-de-peus-a-terra-i-el-cap-pels-nuvols-miel-arquitectos-plus-marmolbravo-plus-madhel-photo\" title=\"\u00a9 Jose Hevia\" width=\"125\"\/><\/a><a class=\"thumbs__link\" data-nr-picture-id=\"68e3efd70e2f144f55c53969\" href=\"https:\/\/www.archdaily.com\/1034936\/50-social-housing-units-de-peus-a-terra-i-el-cap-pels-nuvols-miel-arquitectos-plus-marmolbravo-plus-madhel\/68e3efd70e2f144f55c53969-50-social-housing-units-de-peus-a-terra-i-el-cap-pels-nuvols-miel-arquitectos-plus-marmolbravo-plus-madhel-photo\" rel=\"attachment noopener\" target=\"_blank\"><img loading=\"lazy\" decoding=\"async\" alt=\"50 Social Housing Units \u2013 DE PEUS A TERRA i el cap pels n\u00favols \/ Miel Arquitectos + MARMOLBRAVO + MADhel - Interior Photography, Wood\" class=\"thumbs__img b-lazy\" data-nr-picture-id=\"68e3efd70e2f144f55c53969\" data-pin-nopin=\"true\" src=\"https:\/\/www.europesays.com\/uk\/wp-content\/uploads\/2025\/10\/1760346618_245_50-viviendas-sociales-de-peus-a-terra-i-el-cap-pels-nuvols-miel-arquitectos-plus-marmolbravo-plus-ma.jpeg\" height=\"125\" longdesc=\"https:\/\/www.archdaily.com\/1034936\/50-social-housing-units-de-peus-a-terra-i-el-cap-pels-nuvols-miel-arquitectos-plus-marmolbravo-plus-madhel\/68e3efd70e2f144f55c53969-50-social-housing-units-de-peus-a-terra-i-el-cap-pels-nuvols-miel-arquitectos-plus-marmolbravo-plus-madhel-photo\" title=\"\u00a9 Jose Hevia\" width=\"125\"\/><\/a><a class=\"gallery-link afd-desktop-e\" href=\"https:\/\/www.archdaily.com\/1034936\/50-social-housing-units-de-peus-a-terra-i-el-cap-pels-nuvols-miel-arquitectos-plus-marmolbravo-plus-madhel\/68e3efd717f701018af877d1-50-social-housing-units-de-peus-a-terra-i-el-cap-pels-nuvols-miel-arquitectos-plus-marmolbravo-plus-madhel-photo\" target=\"_blank\" rel=\"noopener\"><img decoding=\"async\" alt=\"50 Social Housing Units \u2013 DE PEUS A TERRA i el cap pels n\u00favols \/ Miel Arquitectos + MARMOLBRAVO + MADhel - More Images\" class=\"thumbs__img b-lazy\" src=\"https:\/\/www.europesays.com\/uk\/wp-content\/uploads\/2025\/10\/50-viviendas-sociales-de-peus-a-terra-i-el-cap-pels-nuvols-miel-arquitectos-plus-marmolbravo-plus-ma.jpeg\" itemprop=\"image\" bad-src=\"data:image\/gif;base64,R0lGODlhAQABAIAAAAUEBAAAACwAAAAAAQABAAACAkQBADs=\"\/>+ 17<\/a><\/p>\n<p>    Share<\/p>\n<p>Share<\/p>\n<ul class=\"afd-share__networks clearfix\">\n<li class=\"afd-share__social\"><a aria-label=\"Facebook\" class=\"afd-share__button\" data-insights-category=\"share\" data-insights-label=\"facebook_sharing_options\" data-insights-value=\"1034936\" data-social=\"facebook\" href=\"https:\/\/www.facebook.com\/sharer\/sharer.php?u=https:\/\/www.archdaily.com\/1034936\/50-social-housing-units-de-peus-a-terra-i-el-cap-pels-nuvols-miel-arquitectos-plus-marmolbravo-plus-madhel\" target=\"_blank\" rel=\"noopener\"><\/a>\n<p>Facebook<\/p>\n<\/li>\n<li class=\"afd-share__social\"><a aria-label=\"Twitter\" class=\"afd-share__button\" data-insights-category=\"share\" data-insights-label=\"twitter_sharing_options\" data-insights-value=\"1034936\" data-social=\"twitter\" href=\"https:\/\/twitter.com\/intent\/tweet?text=50%20Social%20Housing%20Units%20%E2%80%93%20DE%20PEUS%20A%20TERRA%20i%20el%20cap%20pels%20n%C3%BAvols%20%2F%20Miel%20Arquitectos%20%2B%20MARMOLBRAVO%20%2B%20MADhel&amp;url=https:\/\/www.archdaily.com\/1034936\/50-social-housing-units-de-peus-a-terra-i-el-cap-pels-nuvols-miel-arquitectos-plus-marmolbravo-plus-madhel&amp;via=archdaily\" target=\"_blank\" rel=\"noopener\"><\/a>\n<p>Twitter<\/p>\n<\/li>\n<li class=\"afd-share__social\"><a class=\"afd-share__button\" data-insights-category=\"share\" data-insights-label=\"email_sharing_options\" data-insights-value=\"1034936\" data-social=\"email\" href=\"mailto:?subject=50 Social Housing Units \u2013 DE PEUS A TERRA i el cap pels n\u00favols \/ Miel Arquitectos + MARMOLBRAVO + MADhel&amp;body=https:\/\/www.archdaily.com\/1034936\/50-social-housing-units-de-peus-a-terra-i-el-cap-pels-nuvols-miel-arquitectos-plus-marmolbravo-plus-madhel\"><\/a>\n<p>Mail<\/p>\n<\/li>\n<li class=\"afd-share__social\"><a aria-label=\"Pinterest\" class=\"afd-share__button\" data-insights-category=\"share\" data-insights-label=\"pinterest_sharing_options\" data-insights-value=\"1034936\" data-social=\"pinterest\" href=\"https:\/\/pinterest.com\/pin\/create\/button\/?url=https%3A%2F%2Fwww.archdaily.com%2F1034936%2F50-social-housing-units-de-peus-a-terra-i-el-cap-pels-nuvols-miel-arquitectos-plus-marmolbravo-plus-madhel&amp;media=https%3A%2F%2Fimages.adsttc.com%2Fmedia%2Fimages%2F68e3%2Fefd7%2F17f7%2F0101%2F8af8%2F77d1%2Flarge_jpg%2F50-viviendas-sociales-de-peus-a-terra-i-el-cap-pels-nuvols-miel-arquitectos-plus-marmolbravo-plus-madhel_1.jpg%3F1759768555&amp;description=50%20Social%20Housing%20Units%20%E2%80%93%20DE%20PEUS%20A%20TERRA%20i%20el%20cap%20pels%20n%C3%BAvols%20%2F%20Miel%20Arquitectos%20%2B%20MARMOLBRAVO%20%2B%20MADhel\" target=\"_blank\" rel=\"noopener\"><\/a>\n<p>Pinterest<\/p>\n<\/li>\n<li class=\"afd-share__social\"><a aria-label=\"Whatsapp\" class=\"afd-share__button\" data-action=\"share\/whatsapp\/share\" data-insights-category=\"share\" data-insights-label=\"whatsapp_sharing_options\" data-insights-value=\"1034936\" data-social=\"whatsapp\" href=\"whatsapp:\/\/send?text=50+Social+Housing+Units+%E2%80%93+DE+PEUS+A+TERRA+i+el+cap+pels+n%C3%BAvols+%2F+Miel+Arquitectos+%2B+MARMOLBRAVO+%2B+MADhel+%7C+https%3A%2F%2Fwww.archdaily.com%2F1034936%2F50-social-housing-units-de-peus-a-terra-i-el-cap-pels-nuvols-miel-arquitectos-plus-marmolbravo-plus-madhel%3Futm_source%3DWhatsapp%26utm_medium%3DIM%26utm_campaign%3Dshare-button\" rel=\"nofollow\"><\/a>\n<p>Whatsapp<\/p>\n<\/li>\n<\/ul>\n<p>Or<\/p>\n<p>https:\/\/www.archdaily.com\/1034936\/50-social-housing-units-de-peus-a-terra-i-el-cap-pels-nuvols-miel-arquitectos-plus-marmolbravo-plus-madhel<\/p>\n<ul class=\"afd-char-list afd-specs__item-container js-char-list\" wp_automatic_readability=\"0.44677871148459\">\n<li class=\"afd-specs__item\">\n<\/li>\n<li class=\"afd-specs__item\">\n  Area<br \/>\n  Area of this architecture project<\/p>\n<p>Area:\u00a0<br \/>\n        <a href=\"https:\/\/www.archdaily.com\/search\/projects\/min_area\/7\/max_area\/10?ad_name=project-specs&amp;ad_medium=single\" target=\"_blank\" rel=\"noopener\">8<\/a> m\u00b2<\/li>\n<li class=\"afd-specs__item\">\n<p>  Year<br \/>\n  Completion year of this architecture project <\/p>\n<p>            Year:\u00a0<\/p>\n<p>                    <a href=\"https:\/\/www.archdaily.com\/search\/projects\/year\/2025?ad_name=project-specs&amp;ad_medium=single\" target=\"_blank\" rel=\"noopener\"><br \/>\n          2025<br \/>\n        <\/a><\/p>\n<\/li>\n<li class=\"afd-specs__item\" wp_automatic_readability=\"4\">\n<p>  Manufacturers<br \/>\n  Brands with products used in this architecture project <\/p>\n<p>Manufacturers: \u00a0Cer\u00e1micas Ferr\u00e9s, H\u00f6rmann ET500, Panasonic, Sistema Sate Prosystem de Baumit, Technal Soleal 55 \/ GY65<\/p>\n<\/li>\n<\/ul>\n<p>Text description provided by the architects. DE PEUS A TERRA (i el cap pels n\u00favols) is a building with 50 social housing units in the Bon Pastor neighborhood of <a href=\"https:\/\/www.archdaily.com\/tag\/barcelona\" target=\"_blank\" rel=\"noopener\">Barcelona<\/a>, where common sense and passion come together, unapologetically celebrating community while carefully tending to the domestic sphere. <strong>Our building is part of the transformation of \u201clas casas baratas de Bon Pastor\u201d (the cheap houses of Bon Pastor), a housing complex that was created to provide shelter for all those workers who came to Barcelona to work at the 1929 International Exposition. Since 2002, this complex of 784 single-story homes with interior courtyards has been replaced by high-rise multi-family buildings<\/strong>&#8230; including ours, with a ground floor and six stories!<\/p>\n<p><a class=\"js-image-size__link lazy-anchor\" href=\"https:\/\/www.archdaily.com\/1034936\/50-social-housing-units-de-peus-a-terra-i-el-cap-pels-nuvols-miel-arquitectos-plus-marmolbravo-plus-madhel\/68e3efd60e2f14018bccf4b1-50-social-housing-units-de-peus-a-terra-i-el-cap-pels-nuvols-miel-arquitectos-plus-marmolbravo-plus-madhel-photo\" target=\"_blank\" rel=\"noopener\"><img decoding=\"async\" alt=\"50 Social Housing Units \u2013 DE PEUS A TERRA i el cap pels n\u00favols \/ Miel Arquitectos + MARMOLBRAVO + MADhel - Exterior Photography, Balcony\" data-nr-picture-id=\"68e3efd60e2f14018bccf4b1\" height=\"427\" itemprop=\"image\" loading=\"lazy\" longdesc=\"https:\/\/www.archdaily.com\/1034936\/50-social-housing-units-de-peus-a-terra-i-el-cap-pels-nuvols-miel-arquitectos-plus-marmolbravo-plus-madhel\/68e3efd60e2f14018bccf4b1-50-social-housing-units-de-peus-a-terra-i-el-cap-pels-nuvols-miel-arquitectos-plus-marmolbravo-plus-madhel-photo\" src=\"https:\/\/www.europesays.com\/uk\/wp-content\/uploads\/2025\/10\/1760346620_151_50-viviendas-sociales-de-peus-a-terra-i-el-cap-pels-nuvols-miel-arquitectos-plus-marmolbravo-plus-ma.jpeg\" width=\"640\"\/>\u00a9 Jose Hevia<\/a><img decoding=\"async\" src=\"https:\/\/www.europesays.com\/uk\/wp-content\/uploads\/2025\/06\/loader-blue.gif\" alt=\"Content Loader\" style=\"width: 40px; margin: 24px;\"\/><script async src=\"https:\/\/platform.twitter.com\/widgets.js\" charset=\"utf-8\"><\/script><\/p>\n","protected":false},"excerpt":{"rendered":"\u00a9 Jose Hevia + 17 Share Share Facebook Twitter Mail Pinterest Whatsapp Or https:\/\/www.archdaily.com\/1034936\/50-social-housing-units-de-peus-a-terra-i-el-cap-pels-nuvols-miel-arquitectos-plus-marmolbravo-plus-madhel Area Area of this&hellip;\n","protected":false},"author":2,"featured_media":495756,"comment_status":"","ping_status":"","sticky":false,"template":"","format":"standard","meta":{"footnotes":""},"categories":[3939],"tags":[4023,4021,4020,199,4022,77,7930,13977,16,15],"class_list":{"0":"post-495755","1":"post","2":"type-post","3":"status-publish","4":"format-standard","5":"has-post-thumbnail","7":"category-arts-and-design","8":"tag-architecture","9":"tag-arts","10":"tag-arts-and-design","11":"tag-barcelona","12":"tag-design","13":"tag-entertainment","14":"tag-residential-architecture","15":"tag-social-housing","16":"tag-uk","17":"tag-united-kingdom"},"share_on_mastodon":{"url":"https:\/\/pubeurope.com\/@uk\/115366083682281448","error":""},"_links":{"self":[{"href":"https:\/\/www.europesays.com\/uk\/wp-json\/wp\/v2\/posts\/495755","targetHints":{"allow":["GET"]}}],"collection":[{"href":"https:\/\/www.europesays.com\/uk\/wp-json\/wp\/v2\/posts"}],"about":[{"href":"https:\/\/www.europesays.com\/uk\/wp-json\/wp\/v2\/types\/post"}],"author":[{"embeddable":true,"href":"https:\/\/www.europesays.com\/uk\/wp-json\/wp\/v2\/users\/2"}],"replies":[{"embeddable":true,"href":"https:\/\/www.europesays.com\/uk\/wp-json\/wp\/v2\/comments?post=495755"}],"version-history":[{"count":0,"href":"https:\/\/www.europesays.com\/uk\/wp-json\/wp\/v2\/posts\/495755\/revisions"}],"wp:featuredmedia":[{"embeddable":true,"href":"https:\/\/www.europesays.com\/uk\/wp-json\/wp\/v2\/media\/495756"}],"wp:attachment":[{"href":"https:\/\/www.europesays.com\/uk\/wp-json\/wp\/v2\/media?parent=495755"}],"wp:term":[{"taxonomy":"category","embeddable":true,"href":"https:\/\/www.europesays.com\/uk\/wp-json\/wp\/v2\/categories?post=495755"},{"taxonomy":"post_tag","embeddable":true,"href":"https:\/\/www.europesays.com\/uk\/wp-json\/wp\/v2\/tags?post=495755"}],"curies":[{"name":"wp","href":"https:\/\/api.w.org\/{rel}","templated":true}]}}