{"id":502739,"date":"2025-10-15T23:57:18","date_gmt":"2025-10-15T23:57:18","guid":{"rendered":"https:\/\/www.europesays.com\/uk\/502739\/"},"modified":"2025-10-15T23:57:18","modified_gmt":"2025-10-15T23:57:18","slug":"leeds-academy-graduate-archie-gray-nominated-for-golden-boy","status":"publish","type":"post","link":"https:\/\/www.europesays.com\/uk\/502739\/","title":{"rendered":"Leeds academy graduate Archie Gray nominated for Golden Boy"},"content":{"rendered":"<p><strong><a href=\"https:\/\/www.leedsallover.com\/tag\/leeds-united\/\" target=\"_blank\" rel=\"noopener\">Leeds United<\/a> sold <a href=\"https:\/\/www.leedsallover.com\/tag\/archie-gray\/\" target=\"_blank\" rel=\"noopener\">Archie Gray<\/a> to Tottenham in the summer of 2024, and the midfielder is looking to progress towards being a Premier League regular.<\/strong><\/p>\n<p>Leeds\u2019 2-1 defeat at home to Spurs prior to the international break brought a handful of reunions on both sides.<\/p>\n<p>One of those was Archie Gray, who didn\u2019t get on the pitch, but made his feelings known to us Leeds fans at full-time.<\/p>\n<p>    Most Read on LeedsAllOver<\/p>\n<p>Archie Gray nominated for Golden Boy award \u2013 Prize for best U21 talent playing in Europe<\/p>\n<p>It\u2019s a shame we never really got to see Gray flourish long-term in a Leeds shirt. His performances in 23\/24 were marvellous, but at right-back, we didn\u2019t see the best of him.<\/p>\n<p>It didn\u2019t deter Spurs from being willing to fork out <a href=\"https:\/\/www.bbc.co.uk\/sport\/football\/articles\/c035zp1pj10o\" target=\"_blank\" rel=\"noopener\">\u00a340million<\/a> to sign him. After a mixed first year where he was largely again out of position, his stock remains incredibly high and growing.<\/p>\n<p><img fetchpriority=\"high\" decoding=\"async\" width=\"1024\" height=\"722\" src=\"https:\/\/www.europesays.com\/uk\/wp-content\/uploads\/2025\/10\/2025-10-04T101535Z_1711284381_UP1ELA40SHYAK_RTRMADP_3_SOCCER-ENGLAND-LEE-TOT-1024x722.jpg\" alt=\"\" class=\"wp-image-56828\"  \/>Archie Gray made his return to Elland Road as Leeds United hosted Spurs this month. (Action Images via Reuters\/Andrew Boyers)<\/p>\n<p><a href=\"https:\/\/x.com\/fabrizioromano\/status\/1978493039522832423?s=46&amp;t=iC1BC8pXpEWOhYWqKfdnhA\">Fabrizio Romano<\/a> has revealed the Golden Boy nominations for 2025, an award for the best youngster under the age of 21 \u2013 and Gray is nominated.<\/p>\n<blockquote class=\"twitter-tweet\" data-width=\"500\" data-dnt=\"true\">\n<p lang=\"und\" dir=\"ltr\">\ud83d\udea8 OFFICIAL: Golden Boy 2025 finalists as 25-men shortlist has been unveiled \u2b50\ufe0f<\/p>\n<p>D\u00e9sir\u00e9 Dou\u00e9 \ud83c\uddeb\ud83c\uddf7<br \/>Leny Yoro \ud83c\uddeb\ud83c\uddf7<br \/>Senny Mayulu \ud83c\uddeb\ud83c\uddf7<br \/>Warren Zaire-Emery \ud83c\uddeb\ud83c\uddf7<br \/>Eliesse Ben Seghir \ud83c\uddeb\ud83c\uddf7<br \/>Mamadou Sarr \ud83c\uddeb\ud83c\uddf7<br \/>Ethan Nwaneri \ud83c\udff4\udb40\udc67\udb40\udc62\udb40\udc65\udb40\udc6e\udb40\udc67\udb40\udc7f<br \/>Nico O\u2019Reilly \ud83c\udff4\udb40\udc67\udb40\udc62\udb40\udc65\udb40\udc6e\udb40\udc67\udb40\udc7f<br \/>Archie Gray \ud83c\udff4\udb40\udc67\udb40\udc62\udb40\udc65\udb40\udc6e\udb40\udc67\udb40\udc7f<br \/>Jobe Bellingham \ud83c\udff4\udb40\udc67\udb40\udc62\udb40\udc65\udb40\udc6e\udb40\udc67\udb40\udc7f<br \/>Pau Cubars\u00ed \ud83c\uddea\ud83c\uddf8<br \/>Dean Huijsen\u2026 <a href=\"https:\/\/t.co\/8AYkVbVqqz\">pic.twitter.com\/8AYkVbVqqz<\/a><\/p>\n<p>\u2014 Fabrizio Romano (@FabrizioRomano) <a href=\"https:\/\/twitter.com\/FabrizioRomano\/status\/1978493039522832423?ref_src=twsrc%5Etfw\" target=\"_blank\" rel=\"noopener\">October 15, 2025<\/a><\/p><\/blockquote>\n<p>English starlets Ethan Nwaneri (Arsenal), Nico O\u2019Reilly (Manchester City), Jobe Bellingham (Borussia Dortmund) are also up for the award.<\/p>\n<p>One would expect Desire Doue (PSG) scoops up the prize after a stunning season helped his side to the Champions League.<\/p>\n<p>Archie Gray nomination underlines Leeds United\u2019s youth development strength \u2013 potential selling point to new signings?<\/p>\n<p>You could see from Gray\u2019s debut against Cardiff City in August 2023 that he was special, and this nomination doesn\u2019t teach us anything new about the player Leeds saw slip away from them.<\/p>\n<p>However, it\u2019s the latest proof that Leeds are a superb platform for these players. Gray isn\u2019t the first Leeds-affiliated name to be up for the prize in recent years.<\/p>\n<p><img loading=\"lazy\" decoding=\"async\" width=\"1024\" height=\"577\" src=\"https:\/\/www.europesays.com\/uk\/wp-content\/uploads\/2025\/10\/LeedsAllOver-Leeds-United-News-809-1024x577.png\" alt=\"\" class=\"wp-image-56967\"  \/>Joe Gelhardt and Willy Gnonto have also been nominated for the Golden Boy award. (Pictures via Reuters)<\/p>\n<p><a href=\"https:\/\/www.tuttosport.com\/sondaggi\/calcio\/golden-boy\/2022\/06\/14-93803020\/vota_il_golden_boy_2022_ecco_la_lista_dei_100_candidati\" target=\"_blank\" rel=\"noopener\">The 2022 iteration saw United have two players nominated<\/a> in the initial 100-player list. Joe Gelhardt\u2019s breakout saw him named, while Willy Gnonto (signed in September 2022) made the final 20-player shortlist.<\/p>\n<p>If Leeds can consistently have players come through their ranks and be part of such a prestigious award, then we\u2019re clearly doing something right.<\/p>\n<p>Of course, it would be nice if Gelhardt\u2019s breakout manifested into something more lasting than just helping us stay up. Or Gray staying for more than a year. However, it demonstrates that Leeds in the past few years have had assets on their books viewed as some of the best in world football.<\/p>\n<p><a href=\"https:\/\/www.leedsallover.com\/leeds-united-teen-harry-gray-named-in-premier-league-next-generation\/\" target=\"_blank\" rel=\"noopener\">The next Gray off the conveyor belt might be the best of the bunch so far too.<\/a><\/p>\n<p>                                    <script async src=\"https:\/\/platform.twitter.com\/widgets.js\" charset=\"utf-8\"><\/script><\/p>\n","protected":false},"excerpt":{"rendered":"Leeds United sold Archie Gray to Tottenham in the summer of 2024, and the midfielder is looking to&hellip;\n","protected":false},"author":2,"featured_media":502740,"comment_status":"","ping_status":"","sticky":false,"template":"","format":"standard","meta":{"footnotes":""},"categories":[8814],"tags":[19055,748,25764,393,4884,38670,1860,2922,142361,16,15,4514],"class_list":{"0":"post-502739","1":"post","2":"type-post","3":"status-publish","4":"format-standard","5":"has-post-thumbnail","7":"category-leeds","8":"tag-archie-gray","9":"tag-britain","10":"tag-elland-road","11":"tag-england","12":"tag-great-britain","13":"tag-joe-gelhardt","14":"tag-leeds","15":"tag-leeds-united","16":"tag-lufc","17":"tag-uk","18":"tag-united-kingdom","19":"tag-wilfried-gnonto"},"share_on_mastodon":{"url":"https:\/\/pubeurope.com\/@uk\/115380895560399539","error":""},"_links":{"self":[{"href":"https:\/\/www.europesays.com\/uk\/wp-json\/wp\/v2\/posts\/502739","targetHints":{"allow":["GET"]}}],"collection":[{"href":"https:\/\/www.europesays.com\/uk\/wp-json\/wp\/v2\/posts"}],"about":[{"href":"https:\/\/www.europesays.com\/uk\/wp-json\/wp\/v2\/types\/post"}],"author":[{"embeddable":true,"href":"https:\/\/www.europesays.com\/uk\/wp-json\/wp\/v2\/users\/2"}],"replies":[{"embeddable":true,"href":"https:\/\/www.europesays.com\/uk\/wp-json\/wp\/v2\/comments?post=502739"}],"version-history":[{"count":0,"href":"https:\/\/www.europesays.com\/uk\/wp-json\/wp\/v2\/posts\/502739\/revisions"}],"wp:featuredmedia":[{"embeddable":true,"href":"https:\/\/www.europesays.com\/uk\/wp-json\/wp\/v2\/media\/502740"}],"wp:attachment":[{"href":"https:\/\/www.europesays.com\/uk\/wp-json\/wp\/v2\/media?parent=502739"}],"wp:term":[{"taxonomy":"category","embeddable":true,"href":"https:\/\/www.europesays.com\/uk\/wp-json\/wp\/v2\/categories?post=502739"},{"taxonomy":"post_tag","embeddable":true,"href":"https:\/\/www.europesays.com\/uk\/wp-json\/wp\/v2\/tags?post=502739"}],"curies":[{"name":"wp","href":"https:\/\/api.w.org\/{rel}","templated":true}]}}