{"id":507057,"date":"2025-10-17T14:59:13","date_gmt":"2025-10-17T14:59:13","guid":{"rendered":"https:\/\/www.europesays.com\/uk\/507057\/"},"modified":"2025-10-17T14:59:13","modified_gmt":"2025-10-17T14:59:13","slug":"journalist-who-did-nasty-jean-philippe-mateta-interview-shares-if-he-meant-to-insult-wilfried-zaha","status":"publish","type":"post","link":"https:\/\/www.europesays.com\/uk\/507057\/","title":{"rendered":"Journalist who did &#8216;nasty&#8217; Jean-Philippe Mateta interview shares if he meant to insult Wilfried Zaha"},"content":{"rendered":"\n<p class=\"has-text-align-center\"><strong>Jean-Philippe Mateta has left Wilfried Zaha livid.<\/strong><\/p>\n<p>The Crystal Palace legend hit out at the Frenchman after Mateta said Zaha mocked his dream of playing for France \u2013 despite the Ivorian claiming as many as ten <a href=\"https:\/\/www.wearepalace.uk\/club\/\" target=\"_blank\" rel=\"noopener\">Crystal Palace<\/a> players at the time were doubtful.<\/p>\n<p>The Charlotte No.10 even called his old teammate \u201cnasty\u201d and \u201cdisgusting\u201d for bringing negative attention to his door.<\/p>\n<p>Loic Tanzi, the journalist who actually carried out the interview with <a href=\"https:\/\/www.wearepalace.uk\/tag\/jean-philippe-mateta\/\" target=\"_blank\" rel=\"noopener\">Jean-Philippe Mateta<\/a>, has now shared his view on the feud with <a href=\"https:\/\/www.wearepalace.uk\/tag\/wilfried-zaha\/\" target=\"_blank\" rel=\"noopener\">Wilfried Zaha<\/a>.<\/p>\n<p>Loic Tanzi insists \u201cno controversy to be had\u201d in Jean-Philippe Mateta and Wilfried Zaha clash<\/p>\n<p>The L\u2019Equipe journalist wrote on X (previously known as Twitter): \u201cHaving done the interview, Jean-Philippe Mateta wasn\u2019t saying that meanly about Zaha, but rather in the spirit (of) \u2018I believed in it when no one else did\u2019. No controversy to be had.\u201d<\/p>\n<blockquote class=\"twitter-tweet\">\n<p lang=\"fr\" dir=\"ltr\">Pour avoir fait l\u2019interview, Jean-Philippe Mateta ne disait pas \u00e7a m\u00e9chamment \u00e0 propos de Zaha, mais plut\u00f4t dans l\u2019esprit : \u201cJ\u2019y croyais quand personne n\u2019y croyait.\u201d Pas de pol\u00e9mique \u00e0 avoir. <a href=\"https:\/\/t.co\/yLXc3EcB39\" rel=\"nofollow\">https:\/\/t.co\/yLXc3EcB39<\/a><\/p>\n<p>\u2014 Lo\u00efc Tanzi (@Tanziloic) <a href=\"https:\/\/twitter.com\/Tanziloic\/status\/1978782704083636569?ref_src=twsrc%5Etfw\" rel=\"nofollow noopener\" target=\"_blank\">October 16, 2025<\/a><\/p><\/blockquote>\n<p>View Tweet<\/p>\n<p>If you are yet to see what the Crystal Palace No.14 actually said, his comments can be found below.<\/p>\n<p><strong>\u201cAt Crystal Palace, right at the start, when I wasn\u2019t even playing, I spoke about the France team in the dressing room and I had teammates like Wilfried Zaha who were laughing. They said that I was mad to think about the France team when I wasn\u2019t even playing at Crystal Palace.\u201d<\/strong><\/p>\n<p>In our eyes, the fiery response from <a href=\"https:\/\/www.wearepalace.uk\/news\/wilfried-zaha-slammed-another-former-crystal-palace-teammate-before-jean-philippe-mateta-attack\/\" target=\"_blank\" rel=\"noopener\">Zaha \u2013 who also slammed Brede Hangeland<\/a> in the past \u2013 was simply a result of years of rough treatment in the media spilling over.<\/p>\n<p>The Ivory Coast international had unfairly been branded a diver throughout his time in the Premier League, while he often faced accusations of being a flop at Manchester United \u2013 despite David Moyes only giving him four games to prove himself. <\/p>\n<p>Therefore, you can understand why Mateta using his name in a negative manner has triggered such a disgusted response. <\/p>\n<p>Ultimately, the France international ought to come out and defend Zaha, considering the fact the 32-year-old has now filmed three separate reaction videos to the comments, and it is clearly getting to him.<\/p>\n<p>Wilfried Zaha actually congratulated Jean-Philippe Mateta before public spat occurred<\/p>\n<p><a href=\"https:\/\/www.wearepalace.uk\/news\/wilfried-zaha-reacts-to-jean-philippe-mateta-france-inclusion-amid-claims-he-laughed-at-him\/\" target=\"_blank\" rel=\"noopener\">Zaha was initially pleased for Mateta<\/a> after his recognition from Didier Deschamps, sending the striker two heart-eye emojis (\ud83d\ude0d) on Instagram upon hearing the news.<\/p>\n<p><img decoding=\"async\" width=\"1024\" height=\"683\" loading=\"lazy\"  src=\"https:\/\/www.europesays.com\/uk\/wp-content\/uploads\/2025\/10\/GettyImages-2239817217-1024x683.jpg\" alt=\"Jean-Philippe Mateta of France and teammates thanks supporters.\" class=\"wp-image-21556\" \/>Photo by Antonio Borga\/Eurasia Sport Images\/Getty Images<\/p>\n<p>That was before all hell broke loose in the media amid accusations of Zaha being a bad teammate, which have evidently hurt the Crystal Palace academy graduate.<\/p>\n<p>Hopefully, he and Mateta can put this situation behind them, as it all feels rather childish in the grand scheme of things. <\/p>\n<\/p>\n<p>  <script async src=\"https:\/\/platform.twitter.com\/widgets.js\" charset=\"utf-8\"><\/script><\/p>\n","protected":false},"excerpt":{"rendered":"Jean-Philippe Mateta has left Wilfried Zaha livid. The Crystal Palace legend hit out at the Frenchman after Mateta&hellip;\n","protected":false},"author":2,"featured_media":507058,"comment_status":"","ping_status":"","sticky":false,"template":"","format":"standard","meta":{"footnotes":""},"categories":[4100],"tags":[94,62491,79,16,15,165049],"class_list":{"0":"post-507057","1":"post","2":"type-post","3":"status-publish","4":"format-standard","5":"has-post-thumbnail","7":"category-football","8":"tag-football","9":"tag-jean-philippe-mateta","10":"tag-sports","11":"tag-uk","12":"tag-united-kingdom","13":"tag-wilfried-zaha"},"share_on_mastodon":{"url":"https:\/\/pubeurope.com\/@uk\/115390105147260547","error":""},"_links":{"self":[{"href":"https:\/\/www.europesays.com\/uk\/wp-json\/wp\/v2\/posts\/507057","targetHints":{"allow":["GET"]}}],"collection":[{"href":"https:\/\/www.europesays.com\/uk\/wp-json\/wp\/v2\/posts"}],"about":[{"href":"https:\/\/www.europesays.com\/uk\/wp-json\/wp\/v2\/types\/post"}],"author":[{"embeddable":true,"href":"https:\/\/www.europesays.com\/uk\/wp-json\/wp\/v2\/users\/2"}],"replies":[{"embeddable":true,"href":"https:\/\/www.europesays.com\/uk\/wp-json\/wp\/v2\/comments?post=507057"}],"version-history":[{"count":0,"href":"https:\/\/www.europesays.com\/uk\/wp-json\/wp\/v2\/posts\/507057\/revisions"}],"wp:featuredmedia":[{"embeddable":true,"href":"https:\/\/www.europesays.com\/uk\/wp-json\/wp\/v2\/media\/507058"}],"wp:attachment":[{"href":"https:\/\/www.europesays.com\/uk\/wp-json\/wp\/v2\/media?parent=507057"}],"wp:term":[{"taxonomy":"category","embeddable":true,"href":"https:\/\/www.europesays.com\/uk\/wp-json\/wp\/v2\/categories?post=507057"},{"taxonomy":"post_tag","embeddable":true,"href":"https:\/\/www.europesays.com\/uk\/wp-json\/wp\/v2\/tags?post=507057"}],"curies":[{"name":"wp","href":"https:\/\/api.w.org\/{rel}","templated":true}]}}