{"id":507913,"date":"2025-10-17T22:38:11","date_gmt":"2025-10-17T22:38:11","guid":{"rendered":"https:\/\/www.europesays.com\/uk\/507913\/"},"modified":"2025-10-17T22:38:11","modified_gmt":"2025-10-17T22:38:11","slug":"evil-dead-burn-wraps-shooting-ahead-of-summer-2026-release","status":"publish","type":"post","link":"https:\/\/www.europesays.com\/uk\/507913\/","title":{"rendered":"Evil Dead Burn Wraps Shooting Ahead Of Summer 2026 Release"},"content":{"rendered":"<p>If you thought that Primate trailer dropping would be the only juicy horror tidbit to take into the weekend, you&#8217;d be dead wrong. If you guessed there may yet be another, then you&#8217;d be dead right. And if you somehow had a hunch that we&#8217;d be getting an update on S\u00e9bastien Vani\u010dek&#8217;s <a href=\"https:\/\/www.empireonline.com\/movies\/news\/evil-dead-burn-started-shooting\/\" target=\"_blank\" rel=\"noopener\">Evil Dead Burn<\/a> today then, well, you could actually be deadite \u2014 because that&#8217;s exactly what&#8217;s just happened. Just this afternoon, French filmmaker Vani\u010dek took to <a href=\"https:\/\/www.instagram.com\/p\/DP6o_7WE-2h\/?img_index=1\" target=\"_blank\" rel=\"noreferrer noopener\">Instagram<\/a> to share a bloody little video confirming that shooting&#8217;s wrapped on his first foray into the <a href=\"https:\/\/www.empireonline.com\/movies\/reviews\/evil-dead-review\/\" target=\"_blank\" rel=\"noopener\">Evil Dead<\/a> universe, eleven weeks after cameras started rolling. Check it out below;<\/p>\n<p>Well there you are: a tale of two slides. In the first, we have a tiny video clip showing someone repeatedly smashing a bloody metal stove-top (?) into someone \u2014 or something \u2014 while shrieking like a banshee; and in the second, far less traumatising slide, there&#8217;s a shot of Vani\u010dek hugging what looks to be star Souheila Yacoub (<a href=\"https:\/\/www.empireonline.com\/movies\/reviews\/dune-part-two\/\" target=\"_blank\" rel=\"noopener\">Dune: Part Two<\/a>). And honestly, even though nothing&#8217;s been revealed of Evil Dead Burn&#8217;s plot yet beyond the fact the movie isn&#8217;t connected to Lee Cronin&#8217;s <a href=\"https:\/\/www.empireonline.com\/movies\/reviews\/evil-dead-rise\/\" target=\"_blank\" rel=\"noopener\">Evil Dead Rise<\/a> or the rest of the franchise, it seems a safe bet Yacoub is gonna need it. Speaking to Konbini after the project was first announced, Vani\u010dek teased <a href=\"https:\/\/www.konbini.com\/popculture\/sebastien-vanicek-le-realisateur-de-vermines-va-faire-un-nouveau-film-evil-dead-et-il-nous-raconte-comment-il-a-recupere-ce-projet-de-fou\/\" target=\"_blank\" rel=\"noreferrer noopener\">Evil Dead Burn<\/a>&#8216;s brutality, saying &#8220;I told the studio that I wanted to make a nasty movie, a movie that hurts, from which you come out tested. I&#8217;m going to put all the horror I have inside \u2014 it will be cathartic.&#8221;<\/p>\n<p>Opening the Necronomicon with Vani\u010dek on Burn alongside Yacoub are <a href=\"https:\/\/www.empireonline.com\/tv\/reviews\/wednesday\/\" target=\"_blank\" rel=\"noopener\">Wednesday<\/a>\u00a0star Hunter Doohan, Luciane Buchanan, and Tandi Wright, while franchise creator Sam Raimi, series icon Bruce Campbell, and Lee Cronin are all aboard to produce. We&#8217;ll find out what effed-up undead shenanigans await when S\u00e9bastien Vani\u010dek&#8217;s Evil Dead Burn splatters across cinema screens on 24 July, 2026. One request S\u00e9bastien: please, no cheese graters!<\/p>\n<p><script async src=\"\/\/www.instagram.com\/embed.js\"><\/script><\/p>\n","protected":false},"excerpt":{"rendered":"If you thought that Primate trailer dropping would be the only juicy horror tidbit to take into the&hellip;\n","protected":false},"author":2,"featured_media":507914,"comment_status":"","ping_status":"","sticky":false,"template":"","format":"standard","meta":{"footnotes":""},"categories":[3935],"tags":[77,3943,16,15],"class_list":{"0":"post-507913","1":"post","2":"type-post","3":"status-publish","4":"format-standard","5":"has-post-thumbnail","7":"category-movies","8":"tag-entertainment","9":"tag-movies","10":"tag-uk","11":"tag-united-kingdom"},"share_on_mastodon":{"url":"https:\/\/pubeurope.com\/@uk\/115391909439077734","error":""},"_links":{"self":[{"href":"https:\/\/www.europesays.com\/uk\/wp-json\/wp\/v2\/posts\/507913","targetHints":{"allow":["GET"]}}],"collection":[{"href":"https:\/\/www.europesays.com\/uk\/wp-json\/wp\/v2\/posts"}],"about":[{"href":"https:\/\/www.europesays.com\/uk\/wp-json\/wp\/v2\/types\/post"}],"author":[{"embeddable":true,"href":"https:\/\/www.europesays.com\/uk\/wp-json\/wp\/v2\/users\/2"}],"replies":[{"embeddable":true,"href":"https:\/\/www.europesays.com\/uk\/wp-json\/wp\/v2\/comments?post=507913"}],"version-history":[{"count":0,"href":"https:\/\/www.europesays.com\/uk\/wp-json\/wp\/v2\/posts\/507913\/revisions"}],"wp:featuredmedia":[{"embeddable":true,"href":"https:\/\/www.europesays.com\/uk\/wp-json\/wp\/v2\/media\/507914"}],"wp:attachment":[{"href":"https:\/\/www.europesays.com\/uk\/wp-json\/wp\/v2\/media?parent=507913"}],"wp:term":[{"taxonomy":"category","embeddable":true,"href":"https:\/\/www.europesays.com\/uk\/wp-json\/wp\/v2\/categories?post=507913"},{"taxonomy":"post_tag","embeddable":true,"href":"https:\/\/www.europesays.com\/uk\/wp-json\/wp\/v2\/tags?post=507913"}],"curies":[{"name":"wp","href":"https:\/\/api.w.org\/{rel}","templated":true}]}}