{"id":509536,"date":"2025-10-18T13:45:12","date_gmt":"2025-10-18T13:45:12","guid":{"rendered":"https:\/\/www.europesays.com\/uk\/509536\/"},"modified":"2025-10-18T13:45:12","modified_gmt":"2025-10-18T13:45:12","slug":"tottenham-starlet-tipped-to-start-at-the-world-cup-at-just-19-years-of-age-as-he-continues-to-shine","status":"publish","type":"post","link":"https:\/\/www.europesays.com\/uk\/509536\/","title":{"rendered":"Tottenham starlet tipped to start at the World Cup at just 19 years of age as he continues to shine"},"content":{"rendered":"\n<p><strong>Tottenham Hotspur have some talented young players and one of them has been backed for selection ahead of the 2026 World Cup.<\/strong><\/p>\n<p><a href=\"https:\/\/www.spurs-web.com\/tag\/luka-vuskovic\/\" target=\"_blank\" rel=\"noopener\">Luka Vuskovic<\/a> is one of the most exciting talents <a href=\"https:\/\/www.spurs-web.com\/club-info\/\" target=\"_blank\" rel=\"noopener\">Tottenham Hotspur<\/a> have on their hands. The defender hit headlines last season after bagging seven goals and two assists for Westerlo in the Belgian Pro League.<\/p>\n<p>Vuskovic joined up with the <a href=\"https:\/\/www.spurs-web.com\/club-info\/first-team-squad\/\" target=\"_blank\" rel=\"noopener\">Tottenham first-team squad<\/a> during the summer and impressed with a goal and assist in his first club appearance against Reading. <\/p>\n<p>The Croatian has since been playing for Hamburg in the Bundeliga and his success has continued. <a href=\"https:\/\/www.spurs-web.com\/spurs-news\/tottenham-loanee-luka-vuskovic-wins-exciting-bundesliga-award-after-just-four-games\/\" target=\"_blank\" rel=\"noopener\">Vuskovic recently won the Bundesliga rookie of the month award<\/a> and he has since been named in the <a href=\"https:\/\/www.spurs-web.com\/spurs-news\/surprise-tottenham-player-named-in-team-of-the-season-from-europes-top-five-leagues\/\" target=\"_blank\" rel=\"noopener\">WhoScored team of the season<\/a>.<\/p>\n<p><img decoding=\"async\" width=\"1024\" height=\"682\" loading=\"lazy\"  src=\"https:\/\/www.europesays.com\/uk\/wp-content\/uploads\/2025\/10\/luka-vuskovic-01-1024x682.jpg\" alt=\"Luka Vuskovic Tottenham\" class=\"wp-image-350647\" \/>Photo by Lampson Yip\/Lampson Yip\/Clicks ImagesTottenham\u2019s Luka Vuskovic backed to make Croatia World Cup squad<\/p>\n<p><a href=\"https:\/\/www.spurs-web.com\/spurs-news\/tottenham-will-adore-what-the-croatia-manager-just-said-about-luka-vuskovics-future\/\" target=\"_blank\" rel=\"noopener\">The Croatia manager recently said Vuskovic would be his team\u2019s right back for the next 10 to 15 years<\/a>. Two Croatian journalists who have been watching their country\u2019s under-21s teams share that feeling.<\/p>\n<p>According to Damir Dobrini\u0107 and Tvrtko Pulji\u0107, Vuskovic is likely to be a contender to make Croatia\u2019s World Cup squad next summer. <\/p>\n<p>Pulji\u0107 told <a href=\"https:\/\/sportske.jutarnji.hr\/sn\/nogomet\/reprezentacija\/to-je-pravi-igrac-za-hrvatsku-odigrao-je-kapetansku-utakmicu-nema-rasprave-on-mora-biti-dio-vatrenih-na-sp-u-15632912\" target=\"_blank\" rel=\"noopener\">Sportske Novosti<\/a>: \u201cEm is the youngest, he is also the captain. There is already no dispute about him that he should be on the list for the World Cup.<\/p>\n<p>\u201cVu\u0161kovi\u0107 is improving in every game, every month, at every gathering, and we will get true value from him for the next ten years.\u201d  <\/p>\n<p>Dobrini\u0107\u2019s comments are not as strong as his fellow journalist\u2019s remarks, but he too believes there is a chance Vuskovic will go to the World Cup next year.<\/p>\n<p>He said: \u201cIt would not surprise me, in the variant that Gvardiol will play at left back, if Vu\u0161kovi\u0107 plays in a stopper pair with \u0160utalo.<\/p>\n<p>\u201cAnything is possible, HSV is playing very well. If Vu\u0161kovi\u0107 makes another step or two, which he is constantly working on, it is not impossible that he will be a starter at the World Cup.\u201d<\/p>\n<p>Spurs are unlikely to recall Vuskovic in January<\/p>\n<p>There had been speculation that Tottenham would attempt to bring Vuskovic back to North London a few months earlier than expected. However, <a href=\"https:\/\/www.spurs-web.com\/spurs-news\/interesting-details-emerge-on-luka-vuskovic-clause-hamburg-agreed-with-tottenham\/\" target=\"_blank\" rel=\"noopener\">Spurs are only allowed to cut Vuskovic\u2019s loan short if they suffer multiple injuries<\/a>.<\/p>\n<p>As well as this, <a href=\"https:\/\/www.spurs-web.com\/spurs-news\/luka-vuskovic-reveals-tottenham-have-a-clear-vision-for-him-and-fans-will-love-it\/\" target=\"_blank\" rel=\"noopener\">Vuskovic is happy at Hamburg<\/a> and sees his time in Germany as an important stage in his development. Therefore, it is unlikely he will be seen in a Tottenham shirt this season.<\/p>\n<p><strong>READ MORE \u2013 <\/strong><a href=\"https:\/\/www.spurs-web.com\/spurs-news\/tottenham-plot-move-for-croatian-international-with-bargain-22m-release-clause\/\" target=\"_blank\" rel=\"noopener\"><strong>Tottenham plot move for Croatian international with bargain \u00a322m release clause<\/strong><\/a><strong> <\/strong><\/p>\n<p>       Have something to tell us about this article? Let us know   <\/p>\n","protected":false},"excerpt":{"rendered":"Tottenham Hotspur have some talented young players and one of them has been backed for selection ahead of&hellip;\n","protected":false},"author":2,"featured_media":509537,"comment_status":"","ping_status":"","sticky":false,"template":"","format":"standard","meta":{"footnotes":""},"categories":[4100],"tags":[94,74805,79,1368,16,15],"class_list":{"0":"post-509536","1":"post","2":"type-post","3":"status-publish","4":"format-standard","5":"has-post-thumbnail","7":"category-football","8":"tag-football","9":"tag-luka-vuskovic","10":"tag-sports","11":"tag-tottenham","12":"tag-uk","13":"tag-united-kingdom"},"share_on_mastodon":{"url":"https:\/\/pubeurope.com\/@uk\/115395476246621240","error":""},"_links":{"self":[{"href":"https:\/\/www.europesays.com\/uk\/wp-json\/wp\/v2\/posts\/509536","targetHints":{"allow":["GET"]}}],"collection":[{"href":"https:\/\/www.europesays.com\/uk\/wp-json\/wp\/v2\/posts"}],"about":[{"href":"https:\/\/www.europesays.com\/uk\/wp-json\/wp\/v2\/types\/post"}],"author":[{"embeddable":true,"href":"https:\/\/www.europesays.com\/uk\/wp-json\/wp\/v2\/users\/2"}],"replies":[{"embeddable":true,"href":"https:\/\/www.europesays.com\/uk\/wp-json\/wp\/v2\/comments?post=509536"}],"version-history":[{"count":0,"href":"https:\/\/www.europesays.com\/uk\/wp-json\/wp\/v2\/posts\/509536\/revisions"}],"wp:featuredmedia":[{"embeddable":true,"href":"https:\/\/www.europesays.com\/uk\/wp-json\/wp\/v2\/media\/509537"}],"wp:attachment":[{"href":"https:\/\/www.europesays.com\/uk\/wp-json\/wp\/v2\/media?parent=509536"}],"wp:term":[{"taxonomy":"category","embeddable":true,"href":"https:\/\/www.europesays.com\/uk\/wp-json\/wp\/v2\/categories?post=509536"},{"taxonomy":"post_tag","embeddable":true,"href":"https:\/\/www.europesays.com\/uk\/wp-json\/wp\/v2\/tags?post=509536"}],"curies":[{"name":"wp","href":"https:\/\/api.w.org\/{rel}","templated":true}]}}