{"id":515321,"date":"2025-10-20T21:15:12","date_gmt":"2025-10-20T21:15:12","guid":{"rendered":"https:\/\/www.europesays.com\/uk\/515321\/"},"modified":"2025-10-20T21:15:12","modified_gmt":"2025-10-20T21:15:12","slug":"lagos-hosts-global-creative-forum-as-france-africa-deepen-cultural-partnership","status":"publish","type":"post","link":"https:\/\/www.europesays.com\/uk\/515321\/","title":{"rendered":"Lagos hosts global creative forum as France, Africa deepen cultural partnership"},"content":{"rendered":"<p>In a historic convergence that placed Africa at the heart of global creative discourse, world leaders, artists, innovators, and investors gathered in Lagos for the Forum Cr\u00e9ation Africa, a flagship cultural and economic initiative uniting Africa and Europe through the creative industries.\n<\/p>\n<p>The three-day forum, held from October 16 to 18 at the Federal Palace Hotel, Victoria Island, Lagos, was launched by the French Ministry for Europe and Foreign Affairs and curated by MansA \u2013 Maison des Mondes Africains, with support from the Agence Fran\u00e7aise de D\u00e9veloppement (AFD), Business France, Bpifrance, and the Institut Fran\u00e7ais. It marked a major milestone in the expanding partnership between France and the African continent through the creative and cultural industries.\n<\/p>\n<p>The French President, Emmanuel Macron, in a message to participants, said the Lagos forum signals \u201ca new phase in the relationship between France, Europe and Africa,\u201d built on creativity, innovation, and shared prosperity.\n<\/p>\n<p>Macron said, \u201cCultural and creative industries are the bedrock of the new partnerships we are building with our African partners. Projects led by creators, artists, and entrepreneurs enable us to change the representations of Africa in France and France in Africa.\u201d\n<\/p>\n<p>Macron noted that the event builds on the momentum of the first Forum Cr\u00e9ation Africa held in Paris in 2023, which attracted over 600 participants from 35 African countries.<\/p>\n<p>\u201cLagos is a creative and economic hub, showcasing cultural and creative industries and furthering Nigeria\u2019s reputation in these fields,\u201d he said, adding that the 2025 edition drew more than 1,000 participants from over 40 African nations and Europe.\n<\/p>\n<p>He expressed hope that the forum would become a \u201csymbol of international ambition,\u201d saying: \u201cBy using talent, encouraging cultural dialogue, and innovating together, we are offering new prospects for our societies and strengthening the ties between France, Europe, and Africa.\u201d\n<\/p>\n<p>The Director-General of MansA, Elisabeth Gomis, said the forum underscores how Africa\u2019s creative force is shaping global culture. \u201cAfrica is a source of innovation, and the diaspora plays its role as part of the same galaxy. From fashion to film, from gaming to sound design, the creative energy of this continent is rewriting the codes of global culture,\u201d she said.\n<\/p>\n<p>She described Cr\u00e9ation Africa as \u201ca rehearsal for the future,\u201d where new ideas and alliances between Africa and its diaspora are born.\n<\/p>\n<p>Gomis also paid tribute to her team and partners, thanking the Lagos State government, Nigeria\u2019s Ministry of Art, Culture, Tourism, and Creative Economy, and the French diplomatic missions across Africa for their collaboration.<\/p>\n<p>The event also featured Heritage in Motion, an exhibition curated by Nigerian designer and curator Zara Odu, which explores how traditional African craft continues to influence modern design.\n<\/p>\n<p>Odu said the project redefines heritage as a foundation for innovation rather than nostalgia. \u201cOur local craft is technology in itself. The way we weave, dye, or mould materials carries intelligence and innovation that can build the future,\u201d she said.\n<\/p>\n<p>But beyond art and dialogue, the forum also confronted the structural challenges facing Africa\u2019s creative industries. One of the sessions, titled \u201cDemystifying Distribution Once and for All: From Gatekeeping to Bridge Building,\u201d tackled the persistent problem of content circulation across the continent.\n<\/p>\n<p>Moderated by the Founder and Executive Director of Bollywood Week, Serge Noukou\u00e9, the session drew filmmakers, producers, and distributors from across Africa and Europe. The discussion examined the distribution vacuum left after global streaming giants like Netflix and Amazon scaled back their investments in African content.\n<\/p>\n<p>Senegalese producer, Yanis Gaye of Yetu (un)Limited said the decline of international licensing deals had exposed the fragility of Africa\u2019s distribution ecosystem.<\/p>\n<p>\u201cWe need to reconnect our films with local audiences who want to feel valued,\u201d he said, noting that Senegal, for instance, has only about 20 active cinema screens in Dakar.\n<\/p>\n<p>\u201cEven though ticket sales are limited, alternative models like mobile cinemas, sponsorships, and cultural centres are creating new ways to circulate our stories.\u201d\n<\/p>\n<p>Also speaking during the panel, a French producer of Celestine Blue, Ariane Suveg, revealed that telecoms giant MTN is preparing to launch a new streaming service centred on African content.\n<\/p>\n<p>She said, \u201cIt\u2019s an initiative that puts African creators at the core of its strategy. The platform will host original productions and local animation, including the Nigerian-made Me Too Waste by Magic Carpet Studio.\u201d\n<\/p>\n<p>Suveg added that the project, still in its early stages, could reshape the future of African animation and film. \u201cIt\u2019s not about replacing Netflix, but building something different, a system that truly fits African audiences, with affordable access and content made for and by us,\u201d she said.<\/p>\n","protected":false},"excerpt":{"rendered":"In a historic convergence that placed Africa at the heart of global creative discourse, world leaders, artists, innovators,&hellip;\n","protected":false},"author":2,"featured_media":515322,"comment_status":"","ping_status":"","sticky":false,"template":"","format":"standard","meta":{"footnotes":""},"categories":[5309],"tags":[2740,168287,2000,299,36,13702],"class_list":{"0":"post-515321","1":"post","2":"type-post","3":"status-publish","4":"format-standard","5":"has-post-thumbnail","7":"category-france","8":"tag-africa","9":"tag-creative-forum","10":"tag-eu","11":"tag-europe","12":"tag-france","13":"tag-lagos"},"share_on_mastodon":{"url":"https:\/\/pubeurope.com\/@uk\/115408570276699598","error":""},"_links":{"self":[{"href":"https:\/\/www.europesays.com\/uk\/wp-json\/wp\/v2\/posts\/515321","targetHints":{"allow":["GET"]}}],"collection":[{"href":"https:\/\/www.europesays.com\/uk\/wp-json\/wp\/v2\/posts"}],"about":[{"href":"https:\/\/www.europesays.com\/uk\/wp-json\/wp\/v2\/types\/post"}],"author":[{"embeddable":true,"href":"https:\/\/www.europesays.com\/uk\/wp-json\/wp\/v2\/users\/2"}],"replies":[{"embeddable":true,"href":"https:\/\/www.europesays.com\/uk\/wp-json\/wp\/v2\/comments?post=515321"}],"version-history":[{"count":0,"href":"https:\/\/www.europesays.com\/uk\/wp-json\/wp\/v2\/posts\/515321\/revisions"}],"wp:featuredmedia":[{"embeddable":true,"href":"https:\/\/www.europesays.com\/uk\/wp-json\/wp\/v2\/media\/515322"}],"wp:attachment":[{"href":"https:\/\/www.europesays.com\/uk\/wp-json\/wp\/v2\/media?parent=515321"}],"wp:term":[{"taxonomy":"category","embeddable":true,"href":"https:\/\/www.europesays.com\/uk\/wp-json\/wp\/v2\/categories?post=515321"},{"taxonomy":"post_tag","embeddable":true,"href":"https:\/\/www.europesays.com\/uk\/wp-json\/wp\/v2\/tags?post=515321"}],"curies":[{"name":"wp","href":"https:\/\/api.w.org\/{rel}","templated":true}]}}